{"id":11296,"date":"2019-11-19T17:36:05","date_gmt":"2019-11-19T16:36:05","guid":{"rendered":"https:\/\/www.elcornetin.es\/blog\/?p=11296"},"modified":"2019-11-19T17:36:05","modified_gmt":"2019-11-19T16:36:05","slug":"extra-cachito-un-cuento-de-mike-bonales","status":"publish","type":"post","link":"https:\/\/www.elcornetin.es\/blog\/webcomics\/extra-cachito-un-cuento-de-mike-bonales\/","title":{"rendered":"[Extra] Cachito, un cuento de Mike Bonales"},"content":{"rendered":"<p>\u201cCuando me enter\u00e9 de\u00a0<strong><a href=\"https:\/\/www.verkami.com\/locale\/es\/projects\/24879-cachito-un-cuento-sobre-la-discapacidad-infantil\" target=\"_blank\" rel=\"noopener noreferrer\">Cachito, el Verkami de Mike Bonales<\/a><\/strong>, empatic\u00e9 desde el primer segundo uno. Necesitaba aportar mi granito de arena y pagar de alguna manera todos los buenos momentos que he pasado con sus tiras. Desde este blog nos hemos hecho eco de distintos crowdfunding, desde de amiguetes a alguno m\u00e1s profesional. Pero<strong> Cachito es uno que me hace especial ilusi\u00f3n<\/strong>.<\/p>\n<p>Ahora os dejo <strong><a href=\"http:\/\/mikebonales.com\/ES\/index.html\" target=\"_blank\" rel=\"noopener noreferrer\">Mike Bonales<\/a><\/strong>, que lo explicar\u00e1 mejor que yo\u201d \u2013 K<\/p>\n<p><!--more--><\/p>\n<h1><strong>Presentaci\u00f3n<\/strong><\/h1>\n<p>Hola, soy\u00a0<strong>Mike Bonales<\/strong>. Soy dise\u00f1ador, ilustrador y dibujante de c\u00f3mics.<\/p>\n<p>He trabajado para diferentes clientes, editoriales y agencias de publicidad, pero los proyectos de los que estoy m\u00e1s orgulloso son mis c\u00f3mics\u00a0<a href=\"http:\/\/www.mikebonales.com\/ES\/polo_sur.html\"><strong>Polo Sur<\/strong><\/a>\u00a0y\u00a0<a href=\"http:\/\/www.mikebonales.com\/ES\/conejo_frustrado.html\"><strong>Conejo Frustrado<\/strong><\/a>. Son tiras c\u00f3micas que ya cuentan con miles de lectores.<\/p>\n<p>En esta ocasi\u00f3n quiero presentar un proyecto diferente. Es el m\u00e1s personal hasta la fecha, y el m\u00e1s importante&#8230; \u00bfPor qu\u00e9? Porque trata sobre mi hijo peque\u00f1o:\u00a0<strong>\u00d3scar<\/strong>.<\/p>\n<p><a href=\"https:\/\/www.elcornetin.es\/blog\/wp-content\/uploads\/2019\/11\/Promocion_03.png\"><img decoding=\"async\" class=\"aligncenter size-full wp-image-11299 lazyload\" data-src=\"https:\/\/www.elcornetin.es\/blog\/wp-content\/uploads\/2019\/11\/Promocion_03.png\" alt=\"\" width=\"1920\" height=\"1498\" data-srcset=\"https:\/\/www.elcornetin.es\/blog\/wp-content\/uploads\/2019\/11\/Promocion_03.png 1920w, https:\/\/www.elcornetin.es\/blog\/wp-content\/uploads\/2019\/11\/Promocion_03-300x234.png 300w, https:\/\/www.elcornetin.es\/blog\/wp-content\/uploads\/2019\/11\/Promocion_03-768x599.png 768w, https:\/\/www.elcornetin.es\/blog\/wp-content\/uploads\/2019\/11\/Promocion_03-1024x799.png 1024w, https:\/\/www.elcornetin.es\/blog\/wp-content\/uploads\/2019\/11\/Promocion_03-150x117.png 150w, https:\/\/www.elcornetin.es\/blog\/wp-content\/uploads\/2019\/11\/Promocion_03-500x390.png 500w\" data-sizes=\"(max-width: 1920px) 100vw, 1920px\" src=\"data:image\/svg+xml;base64,PHN2ZyB3aWR0aD0iMSIgaGVpZ2h0PSIxIiB4bWxucz0iaHR0cDovL3d3dy53My5vcmcvMjAwMC9zdmciPjwvc3ZnPg==\" style=\"--smush-placeholder-width: 1920px; --smush-placeholder-aspect-ratio: 1920\/1498;\" \/><\/a><\/p>\n<h1>Mi hijo, el que lo inici\u00f3 todo<\/h1>\n<p>Cuando \u00d3scar naci\u00f3 todo parec\u00eda ir bien, pero a las dos semanas de vida comenz\u00f3 a tener\u00a0<strong>varias crisis epil\u00e9pticas al d\u00eda<\/strong>. Despu\u00e9s de pasar por dos hospitales, nos dieron un diagn\u00f3stico: nuestro peque\u00f1o \u00d3scar ten\u00eda displasia cortical, una malformaci\u00f3n en el cerebro que le provocaba esas crisis.<\/p>\n<p>El problema ten\u00eda soluci\u00f3n: hab\u00eda que operarle. Sin embargo, deb\u00edamos esperar a que tuviera suficiente peso y cumpliera 6 meses. Hasta entonces, \u00d3scar tuvo decenas de crisis cada d\u00eda.<\/p>\n<p>Luego le operaron, y entonces todo cambi\u00f3. A los pocos d\u00edas de haberle operado ya no tuvo ninguna crisis, y hasta el d\u00eda de hoy no ha vuelto a tener ninguna m\u00e1s.<\/p>\n<p>Evidentemente,\u00a0<strong>\u00d3scar tiene secuelas<\/strong>: su \u00e1ngulo de visi\u00f3n es m\u00e1s reducido, la parte izquierda de su cuerpo tiene menos fuerza y, sobre todo, a causa de tantas crisis, tiene\u00a0<strong>retraso cognitivo<\/strong>. Necesita ir a terapia varias veces por semana, donde le ayudan a avanzar: moverse correctamente, mejorar la atenci\u00f3n, comunicarse, aprender&#8230;<\/p>\n<p><a href=\"https:\/\/www.elcornetin.es\/blog\/wp-content\/uploads\/2019\/11\/Promocion_09.png\"><img decoding=\"async\" class=\"aligncenter size-full wp-image-11300 lazyload\" data-src=\"https:\/\/www.elcornetin.es\/blog\/wp-content\/uploads\/2019\/11\/Promocion_09.png\" alt=\"\" width=\"600\" height=\"434\" data-srcset=\"https:\/\/www.elcornetin.es\/blog\/wp-content\/uploads\/2019\/11\/Promocion_09.png 600w, https:\/\/www.elcornetin.es\/blog\/wp-content\/uploads\/2019\/11\/Promocion_09-300x217.png 300w, https:\/\/www.elcornetin.es\/blog\/wp-content\/uploads\/2019\/11\/Promocion_09-150x109.png 150w, https:\/\/www.elcornetin.es\/blog\/wp-content\/uploads\/2019\/11\/Promocion_09-500x362.png 500w\" data-sizes=\"(max-width: 600px) 100vw, 600px\" src=\"data:image\/svg+xml;base64,PHN2ZyB3aWR0aD0iMSIgaGVpZ2h0PSIxIiB4bWxucz0iaHR0cDovL3d3dy53My5vcmcvMjAwMC9zdmciPjwvc3ZnPg==\" style=\"--smush-placeholder-width: 600px; --smush-placeholder-aspect-ratio: 600\/434;\" \/><\/a><\/p>\n<h1>Un cuento para contarlo<\/h1>\n<p>Un d\u00eda se me ocurri\u00f3 que quer\u00eda contar a mi hijo mayor\u00a0<strong>lo que le pasaba a su hermano<\/strong>\u00a0de una forma que pudiera entender, y la mejor forma ser\u00eda a trav\u00e9s de un cuento. Adem\u00e1s, ese cuento servir\u00eda para que \u00d3scar comprendiera lo que le ocurre cuando sea m\u00e1s mayor.<\/p>\n<p>Este es el motivo de que hoy est\u00e9 aqu\u00ed presentando\u00a0<strong>\u201cCachito\u201d<\/strong>, un cuento que habla de la discapacidad, del miedo ante lo desconocido, de la relaci\u00f3n entre dos hermanos, de la fuerza de los padres y de los profesionales de la sanidad. Pero sobre todo de la incre\u00edble fortaleza de\u00a0<strong>un ni\u00f1o que ha sido capaz de superar obst\u00e1culos incre\u00edbles<\/strong>.<\/p>\n<p><a href=\"https:\/\/www.elcornetin.es\/blog\/wp-content\/uploads\/2019\/11\/verkami_042815ac174022972edda76893c4595c.jpg\"><img decoding=\"async\" class=\"aligncenter size-full wp-image-11301 lazyload\" data-src=\"https:\/\/www.elcornetin.es\/blog\/wp-content\/uploads\/2019\/11\/verkami_042815ac174022972edda76893c4595c.jpg\" alt=\"\" width=\"745\" height=\"563\" data-srcset=\"https:\/\/www.elcornetin.es\/blog\/wp-content\/uploads\/2019\/11\/verkami_042815ac174022972edda76893c4595c.jpg 745w, https:\/\/www.elcornetin.es\/blog\/wp-content\/uploads\/2019\/11\/verkami_042815ac174022972edda76893c4595c-300x227.jpg 300w, https:\/\/www.elcornetin.es\/blog\/wp-content\/uploads\/2019\/11\/verkami_042815ac174022972edda76893c4595c-150x113.jpg 150w, https:\/\/www.elcornetin.es\/blog\/wp-content\/uploads\/2019\/11\/verkami_042815ac174022972edda76893c4595c-500x378.jpg 500w\" data-sizes=\"(max-width: 745px) 100vw, 745px\" src=\"data:image\/svg+xml;base64,PHN2ZyB3aWR0aD0iMSIgaGVpZ2h0PSIxIiB4bWxucz0iaHR0cDovL3d3dy53My5vcmcvMjAwMC9zdmciPjwvc3ZnPg==\" style=\"--smush-placeholder-width: 745px; --smush-placeholder-aspect-ratio: 745\/563;\" \/><\/a><\/p>\n<h1>\u00bfA qu\u00e9 se destinan las aportaciones?<\/h1>\n<p>Mi hijo est\u00e1 en un centro de atenci\u00f3n temprana donde va mejorando poco a poco. Los avances que est\u00e1 haciendo son espectaculares. Sin embargo, la seguridad social solo cubre estos tratamientos\u00a0<strong>hasta los 6 a\u00f1os<\/strong>. A partir de entonces, hay que hacerlo por la v\u00eda privada. Y son tratamientos caros.<\/p>\n<p>El dinero que recaude se utilizar\u00e1 para pagar la imprenta, el env\u00edo y los gastos de la campa\u00f1a. El resto servir\u00e1 para\u00a0<strong>ayudar a que \u00d3scar siga con los tratamientos de fisioterapia, psicolog\u00eda, estimulaci\u00f3n, logopedia, etc\u2026 una vez que haya pasado de los 6 a\u00f1os.<\/strong><\/p>\n","protected":false},"excerpt":{"rendered":"<p>\u201cCuando me enter\u00e9 de\u00a0Cachito, el Verkami de Mike Bonales, empatic\u00e9 desde el primer segundo uno. Necesitaba aportar mi granito de arena y pagar&#8230;<\/p>\n","protected":false},"author":5,"featured_media":11297,"comment_status":"open","ping_status":"open","sticky":false,"template":"","format":"standard","meta":{"rop_custom_images_group":[],"rop_custom_messages_group":[],"rop_publish_now":"initial","rop_publish_now_accounts":[],"rop_publish_now_history":[],"rop_publish_now_status":"pending","rating_form_position":"","rating_results_position":"","mr_structured_data_type":"","footnotes":""},"categories":[14],"tags":[2765,2764],"class_list":["post-11296","post","type-post","status-publish","format-standard","has-post-thumbnail","hentry","category-webcomics","tag-crowdfunding","tag-extra"],"aioseo_notices":[],"multi-rating":{"mr_rating_results":[{"adjusted_star_result":0,"star_result":0,"total_max_option_value":5,"adjusted_score_result":0,"score_result":0,"percentage_result":0,"adjusted_percentage_result":0,"count":0,"post_id":11296}]},"_links":{"self":[{"href":"https:\/\/www.elcornetin.es\/blog\/wp-json\/wp\/v2\/posts\/11296","targetHints":{"allow":["GET"]}}],"collection":[{"href":"https:\/\/www.elcornetin.es\/blog\/wp-json\/wp\/v2\/posts"}],"about":[{"href":"https:\/\/www.elcornetin.es\/blog\/wp-json\/wp\/v2\/types\/post"}],"author":[{"embeddable":true,"href":"https:\/\/www.elcornetin.es\/blog\/wp-json\/wp\/v2\/users\/5"}],"replies":[{"embeddable":true,"href":"https:\/\/www.elcornetin.es\/blog\/wp-json\/wp\/v2\/comments?post=11296"}],"version-history":[{"count":4,"href":"https:\/\/www.elcornetin.es\/blog\/wp-json\/wp\/v2\/posts\/11296\/revisions"}],"predecessor-version":[{"id":11304,"href":"https:\/\/www.elcornetin.es\/blog\/wp-json\/wp\/v2\/posts\/11296\/revisions\/11304"}],"wp:featuredmedia":[{"embeddable":true,"href":"https:\/\/www.elcornetin.es\/blog\/wp-json\/wp\/v2\/media\/11297"}],"wp:attachment":[{"href":"https:\/\/www.elcornetin.es\/blog\/wp-json\/wp\/v2\/media?parent=11296"}],"wp:term":[{"taxonomy":"category","embeddable":true,"href":"https:\/\/www.elcornetin.es\/blog\/wp-json\/wp\/v2\/categories?post=11296"},{"taxonomy":"post_tag","embeddable":true,"href":"https:\/\/www.elcornetin.es\/blog\/wp-json\/wp\/v2\/tags?post=11296"}],"curies":[{"name":"wp","href":"https:\/\/api.w.org\/{rel}","templated":true}]}}