{"id":11642,"date":"2019-12-20T11:24:53","date_gmt":"2019-12-20T10:24:53","guid":{"rendered":"https:\/\/www.elcornetin.es\/blog\/?p=11642"},"modified":"2019-12-20T21:38:09","modified_gmt":"2019-12-20T20:38:09","slug":"critica-star-wars-el-ascenso-de-skywalker","status":"publish","type":"post","link":"https:\/\/www.elcornetin.es\/blog\/cine-tv\/critica-star-wars-el-ascenso-de-skywalker\/","title":{"rendered":"[Cr\u00edtica] Star Wars: El Ascenso de Skywalker"},"content":{"rendered":"<p style=\"text-align: center;\">Ayer se estren\u00f3 a nivel mundial <strong>Star Wars: El Ascenso de Skywalker<\/strong>, la \u00faltima pel\u00edcula de este universo de fantas\u00eda que pretende cerrar las tres trilog\u00edas epis\u00f3dicas. Y el Cornet\u00edn asisti\u00f3 para traeros las primeras impresiones: <strong>sin y con spoilers<\/strong>.<!--more--><\/p>\n<h6>[Sin Spoilers] Esta no es la pel\u00edcula que estoy buscando<\/h6>\n<p>Como habr\u00e9is deducido por el ep\u00edgrafe que precede este p\u00e1rrafo, he salido de la sala de cine un tanto decepcionado. Ten\u00eda muchas ganas de que esta pel\u00edcula me gustara, de verdad, pero al final me ha parecido que intenta meter tantas cosas que <strong>se acaba quedando a medio gas en todo<\/strong>.<\/p>\n<p><strong>Es una pel\u00edcula sin alma<\/strong>. Y me cuesta incluso llamarla pel\u00edcula y no \u201c<strong>videoclip largo<\/strong>\u201d. Porque eso es lo que parece: una sucesi\u00f3n de escenas casi inconexas en las que apenas hay contenido, s\u00f3lo\u00a0 referencias nost\u00e1lgicas, accion y alguna que otra explosi\u00f3n.<\/p>\n<p><iframe title=\"Star Wars: El Ascenso de Skywalker | Nuevo Tr\u00e1iler oficial en espa\u00f1ol | HD\" width=\"640\" height=\"360\" data-src=\"https:\/\/www.youtube.com\/embed\/Izme__ZsURY?feature=oembed\" frameborder=\"0\" allow=\"accelerometer; autoplay; clipboard-write; encrypted-media; gyroscope; picture-in-picture; web-share\" referrerpolicy=\"strict-origin-when-cross-origin\" allowfullscreen src=\"data:image\/svg+xml;base64,PHN2ZyB3aWR0aD0iMSIgaGVpZ2h0PSIxIiB4bWxucz0iaHR0cDovL3d3dy53My5vcmcvMjAwMC9zdmciPjwvc3ZnPg==\" class=\"lazyload\" data-load-mode=\"1\"><\/iframe><\/p>\n<p>Parece un filme hecho con prisas en la sala de montaje (me pregunto si habr\u00e1 habido tanto l\u00edo como en el c\u00f3mic de <em><a href=\"https:\/\/es.wikipedia.org\/wiki\/La_gran_superproducci%C3%B3n\" target=\"_blank\" rel=\"noopener noreferrer\">La Gran Superproducci\u00f3n<\/a><\/em> de <em>Super L\u00f3pez<\/em>) y que va siguiendo una tabla <em>Excel<\/em> de lo que un <strong>estudio de mercado<\/strong> de Disney les ha dicho que tiene que tener una pel\u00edcula de esos se\u00f1ores que se dan de leches con palos luminosos.<\/p>\n<p>El <strong>intento de alejarse<\/strong>, ya s\u00f3lo con el texto de apertura, de <a href=\"https:\/\/es.wikipedia.org\/wiki\/Star_Wars:_Episodio_VIII_-_Los_%C3%BAltimos_Jedi\" target=\"_blank\" rel=\"noopener noreferrer\"><strong>Los \u00daltimos Jedi<\/strong><\/a> (la pel\u00edcula firmada por <em>Rian Johnson<\/em> y que, pese a sus defectos, a m\u00ed me encanta por ser tan valiente y mostrarnos algo fresco) crea un efecto raro en la narrativa: muchas subtramas de la anterior quedan suprimidas, ni se mencionan o se esquivan de manera inc\u00f3moda. Pero sobre esto ya ahondaremos en la segunda parte de este art\u00edculo.<\/p>\n<p>Como todos sabemos, <a href=\"https:\/\/es.wikipedia.org\/wiki\/Carrie_Fisher\" target=\"_blank\" rel=\"noopener noreferrer\"><strong>Carrie Fisher<\/strong><\/a>, la eterna princesa Leia, nos dej\u00f3 antes de que se pusiera en marcha esta producci\u00f3n, as\u00ed que ha tocado <strong>reutilizar metraje<\/strong> de la anterior pel\u00edcula y hacer alg\u00fan que otro trampeo con el CGI cuando es necesario. Lo malo es que, cuando hay una interacci\u00f3n con ella, el di\u00e1logo queda antinatural y entorpece el di\u00e1logo. Es como ver un sketch c\u00f3mico de <strong>una entrevista falsa<\/strong>.<\/p>\n<figure id=\"attachment_11652\" aria-describedby=\"caption-attachment-11652\" style=\"width: 1920px\" class=\"wp-caption aligncenter\"><a href=\"https:\/\/www.elcornetin.es\/blog\/wp-content\/uploads\/2019\/12\/leia.png\"><img decoding=\"async\" class=\"size-full wp-image-11652 lazyload\" data-src=\"https:\/\/www.elcornetin.es\/blog\/wp-content\/uploads\/2019\/12\/leia.png\" alt=\"Star Wars: El Ascenso de Skywalker\" width=\"1920\" height=\"1080\" data-srcset=\"https:\/\/www.elcornetin.es\/blog\/wp-content\/uploads\/2019\/12\/leia.png 1920w, https:\/\/www.elcornetin.es\/blog\/wp-content\/uploads\/2019\/12\/leia-300x169.png 300w, https:\/\/www.elcornetin.es\/blog\/wp-content\/uploads\/2019\/12\/leia-768x432.png 768w, https:\/\/www.elcornetin.es\/blog\/wp-content\/uploads\/2019\/12\/leia-1024x576.png 1024w, https:\/\/www.elcornetin.es\/blog\/wp-content\/uploads\/2019\/12\/leia-150x84.png 150w, https:\/\/www.elcornetin.es\/blog\/wp-content\/uploads\/2019\/12\/leia-500x281.png 500w\" data-sizes=\"(max-width: 1920px) 100vw, 1920px\" src=\"data:image\/svg+xml;base64,PHN2ZyB3aWR0aD0iMSIgaGVpZ2h0PSIxIiB4bWxucz0iaHR0cDovL3d3dy53My5vcmcvMjAwMC9zdmciPjwvc3ZnPg==\" style=\"--smush-placeholder-width: 1920px; --smush-placeholder-aspect-ratio: 1920\/1080;\" \/><\/a><figcaption id=\"caption-attachment-11652\" class=\"wp-caption-text\">La Fuerza estar\u00e1 contigo siempre, Carrie.<\/figcaption><\/figure>\n<p>Donde han echado los restos es, claramente, en el <strong>apartado visual<\/strong>. Una Guerra de las Galaxias no es nada sin su buena dosis de intercambios de disparos a lomos de una nave espacial, y en ese aspecto, la t\u00e9cnica es impecable. Las naves lucen mejor que nunca, aunque cuando se usa el ordenador para rejuvenecer a ciertos personajes da un poco de repel\u00fas.<\/p>\n<p>Otro <strong>acierto<\/strong> de la pel\u00edcula son los momentos en los que <strong>los protagonistas<\/strong> de esta nueva trilog\u00eda <strong>vuelven a juntarse e interact\u00faan entre ellos<\/strong>, algo que hab\u00edamos perdido con <em>Los \u00daltimos Jedi<\/em>. Ah\u00ed se nota que J.J. quer\u00eda retomar los personajes donde los hab\u00eda dejado en <em>El Resurgir de la Fuerza<\/em>.<\/p>\n<figure id=\"attachment_11645\" aria-describedby=\"caption-attachment-11645\" style=\"width: 2048px\" class=\"wp-caption aligncenter\"><a href=\"https:\/\/www.elcornetin.es\/blog\/wp-content\/uploads\/2019\/12\/sw1.jpg\"><img decoding=\"async\" class=\"size-full wp-image-11645 lazyload\" data-src=\"https:\/\/www.elcornetin.es\/blog\/wp-content\/uploads\/2019\/12\/sw1.jpg\" alt=\"Star Wars: El Ascenso de Skywalker\" width=\"2048\" height=\"858\" data-srcset=\"https:\/\/www.elcornetin.es\/blog\/wp-content\/uploads\/2019\/12\/sw1.jpg 2048w, https:\/\/www.elcornetin.es\/blog\/wp-content\/uploads\/2019\/12\/sw1-300x126.jpg 300w, https:\/\/www.elcornetin.es\/blog\/wp-content\/uploads\/2019\/12\/sw1-768x322.jpg 768w, https:\/\/www.elcornetin.es\/blog\/wp-content\/uploads\/2019\/12\/sw1-1024x429.jpg 1024w, https:\/\/www.elcornetin.es\/blog\/wp-content\/uploads\/2019\/12\/sw1-150x63.jpg 150w, https:\/\/www.elcornetin.es\/blog\/wp-content\/uploads\/2019\/12\/sw1-500x209.jpg 500w\" data-sizes=\"(max-width: 2048px) 100vw, 2048px\" src=\"data:image\/svg+xml;base64,PHN2ZyB3aWR0aD0iMSIgaGVpZ2h0PSIxIiB4bWxucz0iaHR0cDovL3d3dy53My5vcmcvMjAwMC9zdmciPjwvc3ZnPg==\" style=\"--smush-placeholder-width: 2048px; --smush-placeholder-aspect-ratio: 2048\/858;\" \/><\/a><figcaption id=\"caption-attachment-11645\" class=\"wp-caption-text\">Los h\u00e9roes de esta trilog\u00eda juntos de nuevo.<\/figcaption><\/figure>\n<p>Adem\u00e1s, una <strong>banda sonora soberbia<\/strong> acompa\u00f1a la acci\u00f3n continua de la pel\u00edcula. El bueno de <a href=\"https:\/\/es.wikipedia.org\/wiki\/John_Williams_(compositor)\" target=\"_blank\" rel=\"noopener noreferrer\"><strong>John Williams<\/strong><\/a> se ha encargado de mezclar, una \u00faltima vez, los temas m\u00e1s populares de la trilog\u00eda original y esta nueva generaci\u00f3n. Incluso llega momentos en los que parece que est\u00e1 a punto de arrancarse un nuevo <strong>Duel of Fates<\/strong> (la m\u00edtica canci\u00f3n de los coros que acompa\u00f1aba la lucha contra <em>Darth Maul<\/em> en el <em>Episodio I<\/em>). Bravo, John.<\/p>\n<p>Y para terminar esta parte sin destripes, apuntar\u00e9 que <strong>la oscuridad que envuelve la mayor parte de la pel\u00edcula le sienta muy bien<\/strong>, dando a entender que el <em>Lado Tenebroso<\/em> es cada vez m\u00e1s poderoso y que va a engullirlo todo. No tengo ning\u00fan pero a ese respecto.<\/p>\n<h6>[Con SPOILERS] El fanservice mat\u00f3 la saga Star Wars<\/h6>\n<p><span style=\"text-decoration: underline;\">Est\u00e1is avisados<\/span>, a partir de ahora entramos en territorio desconocido para los que a\u00fan no hay\u00e1is ido a ver <strong>Star Wars: El Ascenso de Skywalker<\/strong>. Luego no quiero lloros.<\/p>\n\n<div class=\"sp-wrap sp-wrap-yellow\">\n<div class=\"sp-head\" title=\"Ampliar\">\nSpoilers de Star Wars: El Ascenso de Skywalker\n<\/div>\n<div class=\"sp-body folded\">\n<p>Como dec\u00eda, <strong>J.J. ha tratado de alejarse de la obra de Johnson de manera torpe e inc\u00f3moda<\/strong>. \u00bfA qu\u00e9 me refiero? Sin ir m\u00e1s lejos a <strong>la relaci\u00f3n de Finn y Rose<\/strong>. Podemos estar de acuerdo en que el beso final en <em>Los \u00daltimos Jedi<\/em> no ven\u00eda a cuento, pero ya es canon, queramos o no. Otra cosa es que esa relaci\u00f3n prosperase con el cuelgue que tiene Finn con Rey, pero es que en esta pel\u00edcula no hay ni un \u201c<em>no eres t\u00fa, soy yo<\/em>\u201d, simplemente es como si no hubiera pasado. Lo m\u00e1ximo que nos dan es un inc\u00f3modo golpecito en el hombro cuando ella reh\u00fasa acompa\u00f1ar al grupo protagonista en su misi\u00f3n.<\/p>\n<div class=\"spdiv\">[plegar]<\/div>\n<\/div>\n<\/div>\n\n<figure id=\"attachment_11649\" aria-describedby=\"caption-attachment-11649\" style=\"width: 1545px\" class=\"wp-caption aligncenter\"><a href=\"https:\/\/www.elcornetin.es\/blog\/wp-content\/uploads\/2019\/12\/rose.jpg\"><img decoding=\"async\" class=\"size-full wp-image-11649 lazyload\" data-src=\"https:\/\/www.elcornetin.es\/blog\/wp-content\/uploads\/2019\/12\/rose.jpg\" alt=\"Star Wars: El Ascenso de Skywalker\" width=\"1545\" height=\"772\" data-srcset=\"https:\/\/www.elcornetin.es\/blog\/wp-content\/uploads\/2019\/12\/rose.jpg 1545w, https:\/\/www.elcornetin.es\/blog\/wp-content\/uploads\/2019\/12\/rose-300x150.jpg 300w, https:\/\/www.elcornetin.es\/blog\/wp-content\/uploads\/2019\/12\/rose-768x384.jpg 768w, https:\/\/www.elcornetin.es\/blog\/wp-content\/uploads\/2019\/12\/rose-1024x512.jpg 1024w, https:\/\/www.elcornetin.es\/blog\/wp-content\/uploads\/2019\/12\/rose-150x75.jpg 150w, https:\/\/www.elcornetin.es\/blog\/wp-content\/uploads\/2019\/12\/rose-500x250.jpg 500w\" data-sizes=\"(max-width: 1545px) 100vw, 1545px\" src=\"data:image\/svg+xml;base64,PHN2ZyB3aWR0aD0iMSIgaGVpZ2h0PSIxIiB4bWxucz0iaHR0cDovL3d3dy53My5vcmcvMjAwMC9zdmciPjwvc3ZnPg==\" style=\"--smush-placeholder-width: 1545px; --smush-placeholder-aspect-ratio: 1545\/772;\" \/><\/a><figcaption id=\"caption-attachment-11649\" class=\"wp-caption-text\">\u00bfRose? No me suenas. \u00bfTe conozco?<\/figcaption><\/figure>\n\n<div class=\"sp-wrap sp-wrap-yellow\">\n<div class=\"sp-head\" title=\"Ampliar\">\nSpoilers de Star Wars: El Ascenso de Skywalker\n<\/div>\n<div class=\"sp-body folded\">\n<p>Tanto quiere alejarse de la anterior que en el <strong>texto de apertura<\/strong> se saca de la manga una retransmisi\u00f3n misteriosa del difunto <strong>Emperador Palpatine<\/strong> que ha llegado a toda la galaxia. \u00bfNo hubiera sido m\u00e1s coherente poner un texto neutro y comenzar con la retransmisi\u00f3n de marras y la consecuente frustraci\u00f3n de Kylo?<\/p>\n<figure id=\"attachment_11647\" aria-describedby=\"caption-attachment-11647\" style=\"width: 1500px\" class=\"wp-caption aligncenter\"><a href=\"https:\/\/www.elcornetin.es\/blog\/wp-content\/uploads\/2019\/12\/palpatine.png\"><img decoding=\"async\" class=\"size-full wp-image-11647 lazyload\" data-src=\"https:\/\/www.elcornetin.es\/blog\/wp-content\/uploads\/2019\/12\/palpatine.png\" alt=\"Star Wars: El Ascenso de Skywalker\" width=\"1500\" height=\"816\" data-srcset=\"https:\/\/www.elcornetin.es\/blog\/wp-content\/uploads\/2019\/12\/palpatine.png 1500w, https:\/\/www.elcornetin.es\/blog\/wp-content\/uploads\/2019\/12\/palpatine-300x163.png 300w, https:\/\/www.elcornetin.es\/blog\/wp-content\/uploads\/2019\/12\/palpatine-768x418.png 768w, https:\/\/www.elcornetin.es\/blog\/wp-content\/uploads\/2019\/12\/palpatine-1024x557.png 1024w, https:\/\/www.elcornetin.es\/blog\/wp-content\/uploads\/2019\/12\/palpatine-150x82.png 150w, https:\/\/www.elcornetin.es\/blog\/wp-content\/uploads\/2019\/12\/palpatine-500x272.png 500w\" data-sizes=\"(max-width: 1500px) 100vw, 1500px\" src=\"data:image\/svg+xml;base64,PHN2ZyB3aWR0aD0iMSIgaGVpZ2h0PSIxIiB4bWxucz0iaHR0cDovL3d3dy53My5vcmcvMjAwMC9zdmciPjwvc3ZnPg==\" style=\"--smush-placeholder-width: 1500px; --smush-placeholder-aspect-ratio: 1500\/816;\" \/><\/a><figcaption id=\"caption-attachment-11647\" class=\"wp-caption-text\">No estaba muerto, \u00a1estaba de parranda!<\/figcaption><\/figure>\n<p>El <strong>nuevo origen de Rey<\/strong> me parece coherente, esquiva el hecho de que en la anterior pel\u00edcula se dijera que sus padres no eran nadie, y lo retuerce con que eso era lo que ellos quer\u00edan hacer creer para huir de la persecuci\u00f3n de los secuaces del Emperador. Una soluci\u00f3n elegante aunque pillada por los pelos. Eso s\u00ed, confieso que <strong>me habr\u00eda encantado que los padres hubieran sido Luke y <a href=\"https:\/\/starwars.fandom.com\/es\/wiki\/Mara_Jade_Skywalker\" target=\"_blank\" rel=\"noopener noreferrer\">Mara Jade<\/a><\/strong> (un personaje que cada vez tengo menos esperanzas de que rescaten del anterior universo expandido).<\/p>\n<p>Si este regusto a producto prefabricado no fuera bastante, <strong>con la mercadotecnia hemos topado<\/strong>: la inclusi\u00f3n del nuevo <strong>droide D-O<\/strong> es tan forzada e innecesaria que s\u00f3lo la justifica el poder vender a los peque\u00f1os de la casa un nuevo mo\u00f1eco. <strong>Pilas no incluidas<\/strong>.<\/p>\n<div class=\"spdiv\">[plegar]<\/div>\n<\/div>\n<\/div>\n\n<figure id=\"attachment_11648\" aria-describedby=\"caption-attachment-11648\" style=\"width: 2048px\" class=\"wp-caption aligncenter\"><a href=\"https:\/\/www.elcornetin.es\/blog\/wp-content\/uploads\/2019\/12\/sw2.jpg\"><img decoding=\"async\" class=\"size-full wp-image-11648 lazyload\" data-src=\"https:\/\/www.elcornetin.es\/blog\/wp-content\/uploads\/2019\/12\/sw2.jpg\" alt=\"Star Wars: El Ascenso de Skywalker\" width=\"2048\" height=\"858\" data-srcset=\"https:\/\/www.elcornetin.es\/blog\/wp-content\/uploads\/2019\/12\/sw2.jpg 2048w, https:\/\/www.elcornetin.es\/blog\/wp-content\/uploads\/2019\/12\/sw2-300x126.jpg 300w, https:\/\/www.elcornetin.es\/blog\/wp-content\/uploads\/2019\/12\/sw2-768x322.jpg 768w, https:\/\/www.elcornetin.es\/blog\/wp-content\/uploads\/2019\/12\/sw2-1024x429.jpg 1024w, https:\/\/www.elcornetin.es\/blog\/wp-content\/uploads\/2019\/12\/sw2-150x63.jpg 150w, https:\/\/www.elcornetin.es\/blog\/wp-content\/uploads\/2019\/12\/sw2-500x209.jpg 500w\" data-sizes=\"(max-width: 2048px) 100vw, 2048px\" src=\"data:image\/svg+xml;base64,PHN2ZyB3aWR0aD0iMSIgaGVpZ2h0PSIxIiB4bWxucz0iaHR0cDovL3d3dy53My5vcmcvMjAwMC9zdmciPjwvc3ZnPg==\" style=\"--smush-placeholder-width: 2048px; --smush-placeholder-aspect-ratio: 2048\/858;\" \/><\/a><figcaption id=\"caption-attachment-11648\" class=\"wp-caption-text\">La Venganza del Merchandishing<\/figcaption><\/figure>\n\n<div class=\"sp-wrap sp-wrap-yellow\">\n<div class=\"sp-head\" title=\"Ampliar\">\nSpoilers de Star Wars: El Ascenso de Skywalker\n<\/div>\n<div class=\"sp-body folded\">\n<p>Ya que hablo de nuevos personajes, no pasa desapercibida la inclusi\u00f3n de <a href=\"https:\/\/es.wikipedia.org\/wiki\/Dominic_Monaghan\" target=\"_blank\" rel=\"noopener noreferrer\"><strong>Dominic Monaghan<\/strong><\/a> cuyo papel es <strong>innecesario y sobreactuado<\/strong>. Ser amigo del director no deber\u00eda justificar este castigo.<\/p>\n<p>El af\u00e1n de llenar de cosas que puedan contentar a todos los fans llevan a J.J. a olvidarse de unos personajes que podr\u00edan haber dado much\u00edsimo juego: <strong>los Caballeros de Ren<\/strong>. Esos <strong>trasuntos de <a href=\"https:\/\/es.wikipedia.org\/wiki\/Nazg%C3%BBl\" target=\"_blank\" rel=\"noopener noreferrer\">Nazg\u00fbl<\/a><\/strong> que al principio persiguen, sin \u00e9xito, a los protagonistas y que, lo m\u00e1s que hacen, es quedarse sobre una roca dejando que la c\u00e1mara nos maree dando vueltas a su alrededor. Un <strong>contrapunto<\/strong> muy negativo a la poderosa escenograf\u00eda de la pelea con <strong>la <a href=\"https:\/\/starwars.fandom.com\/es\/wiki\/Guardia_Pretoriana_de_%C3%89lite\" target=\"_blank\" rel=\"noopener noreferrer\">Guardia Pretoriana<\/a> de Snoke<\/strong> de <em>Los \u00daltimos Jedi<\/em>. Una aut\u00e9ntica pena, porque <strong>esperaba que dieran m\u00e1s juego<\/strong>.<\/p>\n<p>Por cierto, si despu\u00e9s de tantos a\u00f1os en el poder, con todo el poder econ\u00f3mico del Imperio, lo m\u00e1s que Palpatine consigui\u00f3 fue construir dos Estrellas de la Muerte, \u00bf<strong>c\u00f3mo es posible que de repente ahora tenga una flota completa de destructores estelares que destruyen mundos<\/strong>? Ay, perd\u00f3n, tengo que dejar de pensar tanto y disfrutar del espect\u00e1culo.<\/p>\n<div class=\"spdiv\">[plegar]<\/div>\n<\/div>\n<\/div>\n\n<figure id=\"attachment_11650\" aria-describedby=\"caption-attachment-11650\" style=\"width: 1920px\" class=\"wp-caption aligncenter\"><a href=\"https:\/\/www.elcornetin.es\/blog\/wp-content\/uploads\/2019\/12\/sw4.jpg\"><img decoding=\"async\" class=\"size-full wp-image-11650 lazyload\" data-src=\"https:\/\/www.elcornetin.es\/blog\/wp-content\/uploads\/2019\/12\/sw4.jpg\" alt=\"Star Wars: El Ascenso de Skywalker\" width=\"1920\" height=\"1080\" data-srcset=\"https:\/\/www.elcornetin.es\/blog\/wp-content\/uploads\/2019\/12\/sw4.jpg 1920w, https:\/\/www.elcornetin.es\/blog\/wp-content\/uploads\/2019\/12\/sw4-300x169.jpg 300w, https:\/\/www.elcornetin.es\/blog\/wp-content\/uploads\/2019\/12\/sw4-768x432.jpg 768w, https:\/\/www.elcornetin.es\/blog\/wp-content\/uploads\/2019\/12\/sw4-1024x576.jpg 1024w, https:\/\/www.elcornetin.es\/blog\/wp-content\/uploads\/2019\/12\/sw4-150x84.jpg 150w, https:\/\/www.elcornetin.es\/blog\/wp-content\/uploads\/2019\/12\/sw4-500x281.jpg 500w\" data-sizes=\"(max-width: 1920px) 100vw, 1920px\" src=\"data:image\/svg+xml;base64,PHN2ZyB3aWR0aD0iMSIgaGVpZ2h0PSIxIiB4bWxucz0iaHR0cDovL3d3dy53My5vcmcvMjAwMC9zdmciPjwvc3ZnPg==\" style=\"--smush-placeholder-width: 1920px; --smush-placeholder-aspect-ratio: 1920\/1080;\" \/><\/a><figcaption id=\"caption-attachment-11650\" class=\"wp-caption-text\">Acu\u00e9rdate d\u00f3nde hemos aparcado el destructor estelar.<\/figcaption><\/figure>\n\n<div class=\"sp-wrap sp-wrap-yellow\">\n<div class=\"sp-head\" title=\"Ampliar\">\nSpoilers de Star Wars: El Ascenso de Skywalker\n<\/div>\n<div class=\"sp-body folded\">\n<p>Y, aunque no me puedo quejar del apartado visual, el <a href=\"https:\/\/es.wikipedia.org\/wiki\/Valle_inquietante\" target=\"_blank\" rel=\"noopener noreferrer\"><strong>valle inquietante<\/strong><\/a> sigue haciendo de las suyas. En un <em>flashback<\/em> (t\u00e9cnica que, por cierto, se empez\u00f3 a usar en la saga a ra\u00edz del <em>Episodio VII<\/em>) se nos muestra a Luke y Leia de j\u00f3venes entrenando y, aunque \u00e9l queda aparente <strong>el CGI de la joven Leia le da un aspecto de mu\u00f1eco<\/strong> que tira para atr\u00e1s.<\/p>\n<p>Pero no todo es malo, <strong>seamos positivos<\/strong>. Aunque inconexa, la pel\u00edcula nos trae momentos espectaculares como la <strong>flota<\/strong> <a href=\"https:\/\/starwars.fandom.com\/es\/wiki\/Flota_Katana\" target=\"_blank\" rel=\"noopener noreferrer\"><del>Katana<\/del><\/a> <strong>Sith<\/strong> surgiendo de las aguas, la llegada del <strong>Halc\u00f3n Milenario<\/strong> seguido de los refuerzo en la batalla final, el tribunal de los <del>dementores<\/del> <strong>Sith<\/strong>, el <strong>Emperador<\/strong> a lo <a href=\"https:\/\/theportalwiki.com\/wiki\/GLaDOS\/es\" target=\"_blank\" rel=\"noopener noreferrer\"><em>GlaDOS<\/em><\/a>, la <strong>maniobra <a href=\"https:\/\/starwars.fandom.com\/es\/wiki\/Amilyn_Holdo\" target=\"_blank\" rel=\"noopener noreferrer\">Holdo<\/a><\/strong> sobre la luna de Endor&#8230; <strong>Im\u00e1genes muy poderosas<\/strong> que se quedan en la retina y que se unen a tantas otras que nos ha brindado esta saga.<\/p>\n<p><strong>La nostalgia es poderosa<\/strong> y en Disney lo saben, as\u00ed que no se han privado de traernos a <a href=\"https:\/\/es.wikipedia.org\/wiki\/Lando_Calrissian\" target=\"_blank\" rel=\"noopener noreferrer\"><strong>Lando Calrissian<\/strong><\/a> (\u00a1que vuelve a pilotar el Halc\u00f3n!), <a href=\"https:\/\/starwars.fandom.com\/es\/wiki\/Wedge_Antilles\" target=\"_blank\" rel=\"noopener noreferrer\"><strong>Wedge Antilles<\/strong><\/a>, el X-Wing de Luke (y el indicativo <strong>Rojo 5<\/strong> que le dan a Rey cuando lo pilota), etc. Demonios, \u00a1si hasta <strong>John Williams hace un cameo<\/strong> en esta pel\u00edcula! Y, para cerrar el c\u00edrculo, <strong>acabar <span style=\"text-decoration: underline;\">donde todo empez\u00f3<\/span><\/strong>: el la <a href=\"https:\/\/starwars.fandom.com\/es\/wiki\/Granja_de_humedad_de_los_Lars\" target=\"_blank\" rel=\"noopener noreferrer\">granja de humedad de los Lars<\/a> en el planeta <em>Tatooine<\/em> con Rey oteando el horizonte.<\/p>\n<p>Me encanta que por fin <strong>Kylo vuelva a ser Ben<\/strong> y que, maldita sea, a partir de su reconversi\u00f3n <strong>act\u00fae como el maldito Han Solo<\/strong>: disparando el <em>bl\u00e1ster<\/em> desde la cintura, con la misma pose socarrona cuando es rodeado por los <em>Caballeros de Ren<\/em>\u2026<\/p>\n<div class=\"spdiv\">[plegar]<\/div>\n<\/div>\n<\/div>\n\n<figure id=\"attachment_11651\" aria-describedby=\"caption-attachment-11651\" style=\"width: 1200px\" class=\"wp-caption aligncenter\"><a href=\"https:\/\/www.elcornetin.es\/blog\/wp-content\/uploads\/2019\/12\/kylo.jpg\"><img decoding=\"async\" class=\"size-full wp-image-11651 lazyload\" data-src=\"https:\/\/www.elcornetin.es\/blog\/wp-content\/uploads\/2019\/12\/kylo.jpg\" alt=\"Star Wars: El Ascenso de Skywalker\" width=\"1200\" height=\"650\" data-srcset=\"https:\/\/www.elcornetin.es\/blog\/wp-content\/uploads\/2019\/12\/kylo.jpg 1200w, https:\/\/www.elcornetin.es\/blog\/wp-content\/uploads\/2019\/12\/kylo-300x163.jpg 300w, https:\/\/www.elcornetin.es\/blog\/wp-content\/uploads\/2019\/12\/kylo-768x416.jpg 768w, https:\/\/www.elcornetin.es\/blog\/wp-content\/uploads\/2019\/12\/kylo-1024x555.jpg 1024w, https:\/\/www.elcornetin.es\/blog\/wp-content\/uploads\/2019\/12\/kylo-150x81.jpg 150w, https:\/\/www.elcornetin.es\/blog\/wp-content\/uploads\/2019\/12\/kylo-500x271.jpg 500w\" data-sizes=\"(max-width: 1200px) 100vw, 1200px\" src=\"data:image\/svg+xml;base64,PHN2ZyB3aWR0aD0iMSIgaGVpZ2h0PSIxIiB4bWxucz0iaHR0cDovL3d3dy53My5vcmcvMjAwMC9zdmciPjwvc3ZnPg==\" style=\"--smush-placeholder-width: 1200px; --smush-placeholder-aspect-ratio: 1200\/650;\" \/><\/a><figcaption id=\"caption-attachment-11651\" class=\"wp-caption-text\">Kylo Ren poniendo a prueba su melena en un t\u00fanel de viento.<\/figcaption><\/figure>\n\n<div class=\"sp-wrap sp-wrap-yellow\">\n<div class=\"sp-head\" title=\"Ampliar\">\nSpoilers de Star Wars: El Ascenso de Skywalker\n<\/div>\n<div class=\"sp-body folded\">\n<p>Otro punto a favor de esta espada de doble filo que es el <em>fanservice<\/em>, viene de la mano del esperado <strong>romance entre Kylo y Rey<\/strong>. Por fin se dan el maldito beso y, cuando parec\u00eda que todo iba a salir de color de rosa, \u00a1bum! Kylo se nos une a la Fuerza (porque s\u00ed). Me encantan estos golpes. Lo que no me gusta tanto es que, con tanto l\u00edo que hay armado, <strong>esa escena queda con muy poca carga dram\u00e1tica<\/strong>.<\/p>\n<p>Sobre <strong>Palpatine<\/strong> y su resurrecci\u00f3n he de decir que me ha gustado c\u00f3mo se ha retorcido el concepto de \u00ab<strong>Un Sith<\/strong>\u00bb que se utilizaba en las precuelas. El hecho de que los Sith sigan existiendo dentro de su sucesor\/asesino es un juego muy curioso que le da m\u00e1s sentido a que siempre haya \u00fanicamente un Maestro Sith y un disc\u00edpulo. Bien jugado J.J.<\/p>\n<div class=\"spdiv\">[plegar]<\/div>\n<\/div>\n<\/div>\n\n<h6>Conclusi\u00f3n: Mucho fanservice y pocas nueces<\/h6>\n<p><em>Star Wars: El Ascenso de Skywalker<\/em> <strong>es producto de un estudio de mercado<\/strong>, ni m\u00e1s ni menos. Una cinta <strong>entretenida<\/strong>, oscura, sin apenas pausas y saturada por el af\u00e1n de usar la nostalgia.<\/p>\n<p>Un producto de una industria empe\u00f1ada en dejarnos productos visualmente preciosos pero <span style=\"text-decoration: underline;\"><strong>sin alma<\/strong><\/span>.<\/p>\n<h6>Valoraci\u00f3n<\/h6>\n<p><img decoding=\"async\" class=\"size-full wp-image-71 lazyload\" data-src=\"http:\/\/www.elcornetin.es\/blog\/wp-content\/uploads\/2016\/04\/cornetto.png\" alt=\"1 cornetto\" width=\"18\" height=\"37\" src=\"data:image\/svg+xml;base64,PHN2ZyB3aWR0aD0iMSIgaGVpZ2h0PSIxIiB4bWxucz0iaHR0cDovL3d3dy53My5vcmcvMjAwMC9zdmciPjwvc3ZnPg==\" style=\"--smush-placeholder-width: 18px; --smush-placeholder-aspect-ratio: 18\/37;\" \/><img decoding=\"async\" class=\"size-full wp-image-71 lazyload\" data-src=\"http:\/\/www.elcornetin.es\/blog\/wp-content\/uploads\/2016\/04\/cornetto.png\" alt=\"1 cornetto\" width=\"18\" height=\"37\" src=\"data:image\/svg+xml;base64,PHN2ZyB3aWR0aD0iMSIgaGVpZ2h0PSIxIiB4bWxucz0iaHR0cDovL3d3dy53My5vcmcvMjAwMC9zdmciPjwvc3ZnPg==\" style=\"--smush-placeholder-width: 18px; --smush-placeholder-aspect-ratio: 18\/37;\" \/><img decoding=\"async\" class=\"size-full wp-image-71 lazyload\" data-src=\"http:\/\/www.elcornetin.es\/blog\/wp-content\/uploads\/2016\/04\/cornetto.png\" alt=\"1 cornetto\" width=\"18\" height=\"37\" src=\"data:image\/svg+xml;base64,PHN2ZyB3aWR0aD0iMSIgaGVpZ2h0PSIxIiB4bWxucz0iaHR0cDovL3d3dy53My5vcmcvMjAwMC9zdmciPjwvc3ZnPg==\" style=\"--smush-placeholder-width: 18px; --smush-placeholder-aspect-ratio: 18\/37;\" \/><img decoding=\"async\" style=\"color: #000000; font-family: Roboto, sans-serif; font-size: 14px; font-weight: 300;\" data-src=\"http:\/\/www.elcornetin.es\/blog\/wp-content\/uploads\/2016\/04\/cornetto_gris.png\" alt=\"Cornetto gris\" src=\"data:image\/svg+xml;base64,PHN2ZyB3aWR0aD0iMSIgaGVpZ2h0PSIxIiB4bWxucz0iaHR0cDovL3d3dy53My5vcmcvMjAwMC9zdmciPjwvc3ZnPg==\" class=\"lazyload\" \/><img decoding=\"async\" style=\"color: #000000; font-family: Roboto, sans-serif; font-size: 14px; font-weight: 300;\" data-src=\"http:\/\/www.elcornetin.es\/blog\/wp-content\/uploads\/2016\/04\/cornetto_gris.png\" alt=\"Cornetto gris\" src=\"data:image\/svg+xml;base64,PHN2ZyB3aWR0aD0iMSIgaGVpZ2h0PSIxIiB4bWxucz0iaHR0cDovL3d3dy53My5vcmcvMjAwMC9zdmciPjwvc3ZnPg==\" class=\"lazyload\" \/><\/p>\n","protected":false},"excerpt":{"rendered":"<p>Ayer se estren\u00f3 a nivel mundial Star Wars: El Ascenso de Skywalker, la \u00faltima pel\u00edcula de este universo de fantas\u00eda que pretende cerrar&#8230;<\/p>\n","protected":false},"author":3,"featured_media":11643,"comment_status":"open","ping_status":"open","sticky":false,"template":"","format":"standard","meta":{"rop_custom_images_group":[],"rop_custom_messages_group":[],"rop_publish_now":"initial","rop_publish_now_accounts":[],"rop_publish_now_history":[],"rop_publish_now_status":"pending","rating_form_position":"","rating_results_position":"","mr_structured_data_type":"","footnotes":""},"categories":[4,2495,23],"tags":[2095,2766,2615,2081,2634,2805],"class_list":["post-11642","post","type-post","status-publish","format-standard","has-post-thumbnail","hentry","category-cine-tv","category-opinion","category-ctpel","tag-cine","tag-disney","tag-opinion","tag-peliculas","tag-star-wars","tag-star-wars-el-ascenso-de-skywalker"],"aioseo_notices":[],"multi-rating":{"mr_rating_results":[{"adjusted_star_result":0,"star_result":0,"total_max_option_value":5,"adjusted_score_result":0,"score_result":0,"percentage_result":0,"adjusted_percentage_result":0,"count":0,"post_id":11642}]},"_links":{"self":[{"href":"https:\/\/www.elcornetin.es\/blog\/wp-json\/wp\/v2\/posts\/11642","targetHints":{"allow":["GET"]}}],"collection":[{"href":"https:\/\/www.elcornetin.es\/blog\/wp-json\/wp\/v2\/posts"}],"about":[{"href":"https:\/\/www.elcornetin.es\/blog\/wp-json\/wp\/v2\/types\/post"}],"author":[{"embeddable":true,"href":"https:\/\/www.elcornetin.es\/blog\/wp-json\/wp\/v2\/users\/3"}],"replies":[{"embeddable":true,"href":"https:\/\/www.elcornetin.es\/blog\/wp-json\/wp\/v2\/comments?post=11642"}],"version-history":[{"count":6,"href":"https:\/\/www.elcornetin.es\/blog\/wp-json\/wp\/v2\/posts\/11642\/revisions"}],"predecessor-version":[{"id":11655,"href":"https:\/\/www.elcornetin.es\/blog\/wp-json\/wp\/v2\/posts\/11642\/revisions\/11655"}],"wp:featuredmedia":[{"embeddable":true,"href":"https:\/\/www.elcornetin.es\/blog\/wp-json\/wp\/v2\/media\/11643"}],"wp:attachment":[{"href":"https:\/\/www.elcornetin.es\/blog\/wp-json\/wp\/v2\/media?parent=11642"}],"wp:term":[{"taxonomy":"category","embeddable":true,"href":"https:\/\/www.elcornetin.es\/blog\/wp-json\/wp\/v2\/categories?post=11642"},{"taxonomy":"post_tag","embeddable":true,"href":"https:\/\/www.elcornetin.es\/blog\/wp-json\/wp\/v2\/tags?post=11642"}],"curies":[{"name":"wp","href":"https:\/\/api.w.org\/{rel}","templated":true}]}}