{"id":12239,"date":"2020-03-05T08:00:26","date_gmt":"2020-03-05T07:00:26","guid":{"rendered":"https:\/\/www.elcornetin.es\/blog\/?p=12239"},"modified":"2020-02-27T16:47:03","modified_gmt":"2020-02-27T15:47:03","slug":"mes-nordico-ragnar","status":"publish","type":"post","link":"https:\/\/www.elcornetin.es\/blog\/cine-tv\/ctser\/mes-nordico-ragnar\/","title":{"rendered":"[Literatura] La saga del vikingo Ragnar Lo\u00f0br\u00f3k"},"content":{"rendered":"<p>Hay historias que merecen ser contadas. Leyendas que deben pervivir al paso de los siglos. Eso fue lo que pensaron los historiadores n\u00f3rdicos cuando hacia el 1.400 d.c. se escribi\u00f3 la saga del rey vikingo Ragnar Lo\u00f0br\u00f3k, \u201cLodbrok\u201d, o \u201cLothbrok\u201d seg\u00fan la fuente, tras recopilar antiguos escritos.<\/p>\n<p>Ragnar es ya <strong>legado o s\u00edmbolo de la cultura n\u00f3rdica<\/strong>. Pese a ser un personaje muy conocido en Escandinavia, muchos no lo hemos conocido hasta que la serie \u2018<a href=\"https:\/\/www.history.com\/shows\/vikings\" target=\"_blank\" rel=\"noopener noreferrer\"><em>Vikings<\/em><\/a>\u2019 de History Channel, lleg\u00f3 a las televisiones de todo el mundo. A partir de ah\u00ed, han surgido muchos libros que han tratado de contar su historia, aprovechando el \u00e9xito de la serie. Sin embargo, su historia m\u00e1s fidedigna es la de su <em>fornaldars\u00f6gur<\/em>.<\/p>\n<p><!--more--><\/p>\n<h2><strong>Las sagas de los tiempos antiguos<\/strong><\/h2>\n<p>Las sagas legendarias, tambi\u00e9n llamadas como <em>fornaldars\u00f6gur<\/em>, son obras que los n\u00f3rdicos escribieron desde principios del siglo XII para <strong>relatar las haza\u00f1as de su pueblo, y en homenaje a sus ancestros<\/strong> m\u00e1s legendarios. \u00a0Las obras comenzaron a escribirse cuando los pueblos n\u00f3rdicos dejaron de ser n\u00f3madas y <strong>construyeron sus primeros asentamientos permanentes<\/strong>. Como Reykjavik, que fue fundada hacia el a\u00f1o 874.<\/p>\n<p>Todo pueblo o sociedad que habita en la tierra tiene sus leyendas. Personajes hist\u00f3ricos que <strong>encarnan los ideales y valores sobre los que se cimienta su folklore y tradici\u00f3n<\/strong>. En Espa\u00f1a, tenemos a personajes como El Cid o Hern\u00e1n Cort\u00e9s. En Alemania Sigfrido y los nibelungos; en Francia leyendas como Roland o Blondel de Nesle, y en las islas brit\u00e1nicas, por poner otro ejemplo, Merl\u00edn o Casivelono.<\/p>\n<p>Todos estos personajes existieron, aunque sus proezas se han mitificado hasta tal punto y a\u00f1adido elementos de ficci\u00f3n, que es dif\u00edcil discernir entre hecho hist\u00f3rico o adorno sutil.<\/p>\n<p>Los n\u00f3rdicos tienen varias leyendas. Muchas de ellas datan de su \u00e9poca vikinga como <strong>Hothbrodd<\/strong>, <strong>Hrafna-Fl\u00f3ki<\/strong>, <strong>Helgi Haddingjaskati<\/strong> o el propio Ragnar. Existen 28 <em>fornaldars\u00f6gur<\/em> documentadas que tratan la vida de leyendas n\u00f3rdicas. No son las m\u00e1s prol\u00edficas. A los n\u00f3rdicos les superan las islandesas, donde hay hasta 42 sagas conocidas.<\/p>\n<h2><strong>El hombre de las calzas peludas<\/strong><\/h2>\n<p>Ragnar Lo\u00f0br\u00f3k, cuyo apellido significa \u2018calzas peludas\u2019, fue un vikingo. <strong>Nadie sabe cu\u00e1ndo naci\u00f3<\/strong>. La horquilla de su nacimiento abarca casi 140 a\u00f1os. Algunos historiadores sit\u00faan que Ragnar naci\u00f3 a mitad del siglo VII y otros a finales del siglo IX. Hay varias colecciones repartidas en bibliotecas de todo el mundo que cuenta la <em>fornaldars\u00f6gur <\/em>de Ragnar.<\/p>\n<p>Una de las cosas que s\u00ed que parecen claras es que Ragnar fue <strong>hijo de Sigurd Ring Randversson, rey de Suecia y conquistador de Dinamarca<\/strong>, tras la batalla de Br\u00e1vellir. Su madre fue <strong>Alfhild Gandolfsdatter<\/strong> (quien naci\u00f3 en el 710), hija a su vez de Gandalf Alfgeirsson.<\/p>\n<p>Seg\u00fan se cuenta en la <em>fornaldars\u00f6gur<\/em>, Ragnar s<strong>e cre\u00eda descendiente directo del dios Od\u00edn<\/strong>, y por tanto un semi-dios guerrero ungido. Ragnar encabezar\u00eda varias expediciones vikingas de saqueo contra la costa oriental de Gran Breta\u00f1a, siendo Northumbr\u00eda el reino m\u00e1s \u201cvisitado\u201d por el n\u00f3rdico.<\/p>\n<p>El apodo de &#8216;Calzas Peludas&#8217;, cuenta la leyenda, que surge cuando Ragnar se enfrent\u00f3 al lindworm, ser parecido a una hidra, pero con solo una cabeza, que aterraba a un pueblo costero. Para resistir su fuego, <strong>se hizo fabricar unos pantalones de pieles y brea<\/strong>.<\/p>\n<h2><strong>Cultura vikinga<\/strong><\/h2>\n<p>El car\u00e1cter de Ragnar era un v<strong>ivo reflejo del de su sociedad<\/strong>. El pueblo vikingo era <strong>violento y pol\u00edgamo<\/strong>. Los hombres y mujeres ten\u00edan los mismos derechos. Y eran grandes navegantes. Toda esta cultura propia de los escandinavos provoc\u00f3 un permanente <strong>exceso de poblaci\u00f3n y una carest\u00eda de alimentos<\/strong>. La soluci\u00f3n: saquear reinos vecinos durante la primavera y el verano para llenar los almacenes de comida y grano para el invierno. Las matem\u00e1ticas eran infalibles, les sobraban los soldados y les faltaba la comida.<\/p>\n<figure id=\"attachment_12242\" aria-describedby=\"caption-attachment-12242\" style=\"width: 1024px\" class=\"wp-caption aligncenter\"><a href=\"https:\/\/www.elcornetin.es\/blog\/wp-content\/uploads\/2020\/02\/244.jpg\"><img decoding=\"async\" class=\"size-large wp-image-12242 lazyload\" data-src=\"https:\/\/www.elcornetin.es\/blog\/wp-content\/uploads\/2020\/02\/244-1024x632.jpg\" alt=\"\" width=\"1024\" height=\"632\" data-srcset=\"https:\/\/www.elcornetin.es\/blog\/wp-content\/uploads\/2020\/02\/244-1024x632.jpg 1024w, https:\/\/www.elcornetin.es\/blog\/wp-content\/uploads\/2020\/02\/244-300x185.jpg 300w, https:\/\/www.elcornetin.es\/blog\/wp-content\/uploads\/2020\/02\/244-768x474.jpg 768w, https:\/\/www.elcornetin.es\/blog\/wp-content\/uploads\/2020\/02\/244-150x93.jpg 150w, https:\/\/www.elcornetin.es\/blog\/wp-content\/uploads\/2020\/02\/244-500x309.jpg 500w, https:\/\/www.elcornetin.es\/blog\/wp-content\/uploads\/2020\/02\/244.jpg 1458w\" data-sizes=\"(max-width: 1024px) 100vw, 1024px\" src=\"data:image\/svg+xml;base64,PHN2ZyB3aWR0aD0iMSIgaGVpZ2h0PSIxIiB4bWxucz0iaHR0cDovL3d3dy53My5vcmcvMjAwMC9zdmciPjwvc3ZnPg==\" style=\"--smush-placeholder-width: 1024px; --smush-placeholder-aspect-ratio: 1024\/632;\" \/><\/a><figcaption id=\"caption-attachment-12242\" class=\"wp-caption-text\">Invasi\u00f3n vikinga de las tierras inglesas<\/figcaption><\/figure>\n<p>As\u00ed, Ragnar, seg\u00fan la <em>fornaldars\u00f6gur<\/em>, era una persona con unas <strong>incre\u00edbles ans\u00edas de botines y riquezas.<\/strong> Una persona con un tremendo ego, que necesitaba realizar empresas tan audaces que pervivieran en la memoria de las generaciones venideras, para una mayor gloria personal.<\/p>\n<h2><strong>Vida personal<\/strong><\/h2>\n<p>Se tiene constancia que Ragnar estuvo casado con al menos 2 mujeres, y una tercera esposa que pudo ser un mito. La primera, la guerrera (skjaldm\u00f6) <strong>Lagertha<\/strong>, de quien se dec\u00eda que era una brillante luchadora. Su segunda esposa, la cual es probable que fuera un mito, fue<strong> \u00de\u00f3ra Borgarhj\u00f6rtr<\/strong>, de quien se cuenta que consigui\u00f3 su mano tras vencer y matar al lindworm. La tercera, fue la reina <strong>Aslaug<\/strong>, descendiente de Sigfrido y Brunilda (de la historia \u2018El anillo del nibelungo\u2019).<\/p>\n<p>Las fuentes hist\u00f3ricas m\u00e1s fiables hablan de que Ragnar <strong>tuvo 9 hijos reconocidos<\/strong>. La reina Aslaug dio a luz a siete de ellos: <strong>Bj\u00f6rn<\/strong> (apodado Costillas de Hierro, por su fortaleza), <strong>Sigurd<\/strong> (apodado Serpiente en el Ojo), <strong>Guthrod<\/strong> (quien gobernar\u00eda Uppsala, Suecia), <strong>Hvits\u00e4rk<\/strong> (o Halfdan seg\u00fan la traducci\u00f3n), <strong>Rognvald<\/strong>, <strong>Ubbe<\/strong>, e <strong>Ivar<\/strong> (apodado el Deshuesado, del cual se dice que ten\u00eda una discapacidad f\u00edsica, aunque los historiadores no se ponen de acuerdo en cual).<\/p>\n<p>Ragnar tambi\u00e9n fue <strong>padre de varios hijos bastardos<\/strong>, como lo fueron <strong>Erik<\/strong>, <strong>Agnar<\/strong> y <strong>Olof<\/strong> (quienes seg\u00fan la fuente pudieron ser hijos de su matrimonio con \u00de\u00f3ra Borgarhj\u00f6rtr), y un \u00faltimo llamado <strong>Ingvar<\/strong>, de madre desconocida.<\/p>\n<h2><strong>Muerte de Ragnar<\/strong><\/h2>\n<p>Para saber de la muerte de Ragnar, hay que leer la <em>fornaldars\u00f6gur<\/em> dedicada a los Hijos de Ragnar. En ella se cuenta que Ragnar f<strong>ue hecho preso en una de sus incursiones en Northumbr\u00eda<\/strong>. El Rey Aelle, tras torturar al vikingo, le impuso como venganza por tanto saqueo una de las muertes m\u00e1s desagradables que los northumbrios hab\u00edan inventado.<\/p>\n<figure id=\"attachment_12241\" aria-describedby=\"caption-attachment-12241\" style=\"width: 864px\" class=\"wp-caption aligncenter\"><a href=\"https:\/\/www.elcornetin.es\/blog\/wp-content\/uploads\/2020\/02\/Muerte-Ragnar-Lothbrok.jpg\"><img decoding=\"async\" class=\"size-full wp-image-12241 lazyload\" data-src=\"https:\/\/www.elcornetin.es\/blog\/wp-content\/uploads\/2020\/02\/Muerte-Ragnar-Lothbrok.jpg\" alt=\"\" width=\"864\" height=\"680\" data-srcset=\"https:\/\/www.elcornetin.es\/blog\/wp-content\/uploads\/2020\/02\/Muerte-Ragnar-Lothbrok.jpg 864w, https:\/\/www.elcornetin.es\/blog\/wp-content\/uploads\/2020\/02\/Muerte-Ragnar-Lothbrok-300x236.jpg 300w, https:\/\/www.elcornetin.es\/blog\/wp-content\/uploads\/2020\/02\/Muerte-Ragnar-Lothbrok-768x604.jpg 768w, https:\/\/www.elcornetin.es\/blog\/wp-content\/uploads\/2020\/02\/Muerte-Ragnar-Lothbrok-150x118.jpg 150w, https:\/\/www.elcornetin.es\/blog\/wp-content\/uploads\/2020\/02\/Muerte-Ragnar-Lothbrok-500x394.jpg 500w\" data-sizes=\"(max-width: 864px) 100vw, 864px\" src=\"data:image\/svg+xml;base64,PHN2ZyB3aWR0aD0iMSIgaGVpZ2h0PSIxIiB4bWxucz0iaHR0cDovL3d3dy53My5vcmcvMjAwMC9zdmciPjwvc3ZnPg==\" style=\"--smush-placeholder-width: 864px; --smush-placeholder-aspect-ratio: 864\/680;\" \/><\/a><figcaption id=\"caption-attachment-12241\" class=\"wp-caption-text\">Fuente: wikipedia<\/figcaption><\/figure>\n<p>Ragnar fue <strong>condenado a morir en un pozo de serpientes<\/strong>. Sus hijos Hvits\u00e4rk, Ubbe e Ivar se tomaron la venganza por su mano. As\u00ed, organizaron y comandaron el conocido como \u2018Gran ej\u00e9rcito pagano\u2019, que asol\u00f3 la zona oriental de la actual Inglaterra, llegando a matar al rey Edmund del reino de Anglia.<\/p>\n","protected":false},"excerpt":{"rendered":"<p>Hay historias que merecen ser contadas. Leyendas que deben pervivir al paso de los siglos. Eso fue lo que pensaron los historiadores n\u00f3rdicos&#8230;<\/p>\n","protected":false},"author":11,"featured_media":12240,"comment_status":"open","ping_status":"open","sticky":false,"template":"","format":"standard","meta":{"rop_custom_images_group":[],"rop_custom_messages_group":[],"rop_publish_now":"initial","rop_publish_now_accounts":{"facebook_965112277219911_1711957949078873":"","twitter_719274304828010500_719274304828010500":""},"rop_publish_now_history":[],"rop_publish_now_status":"pending","rating_form_position":"","rating_results_position":"","mr_structured_data_type":"","footnotes":""},"categories":[481,22],"tags":[2845,2843,2291,2842],"class_list":["post-12239","post","type-post","status-publish","format-standard","has-post-thumbnail","hentry","category-literatura","category-ctser","tag-marzo-vikingo","tag-ragnar","tag-series","tag-vikingos"],"aioseo_notices":[],"multi-rating":{"mr_rating_results":[{"adjusted_star_result":5,"star_result":5,"total_max_option_value":5,"adjusted_score_result":5,"score_result":5,"percentage_result":100,"adjusted_percentage_result":100,"count":1,"post_id":12239}]},"_links":{"self":[{"href":"https:\/\/www.elcornetin.es\/blog\/wp-json\/wp\/v2\/posts\/12239","targetHints":{"allow":["GET"]}}],"collection":[{"href":"https:\/\/www.elcornetin.es\/blog\/wp-json\/wp\/v2\/posts"}],"about":[{"href":"https:\/\/www.elcornetin.es\/blog\/wp-json\/wp\/v2\/types\/post"}],"author":[{"embeddable":true,"href":"https:\/\/www.elcornetin.es\/blog\/wp-json\/wp\/v2\/users\/11"}],"replies":[{"embeddable":true,"href":"https:\/\/www.elcornetin.es\/blog\/wp-json\/wp\/v2\/comments?post=12239"}],"version-history":[{"count":4,"href":"https:\/\/www.elcornetin.es\/blog\/wp-json\/wp\/v2\/posts\/12239\/revisions"}],"predecessor-version":[{"id":12418,"href":"https:\/\/www.elcornetin.es\/blog\/wp-json\/wp\/v2\/posts\/12239\/revisions\/12418"}],"wp:featuredmedia":[{"embeddable":true,"href":"https:\/\/www.elcornetin.es\/blog\/wp-json\/wp\/v2\/media\/12240"}],"wp:attachment":[{"href":"https:\/\/www.elcornetin.es\/blog\/wp-json\/wp\/v2\/media?parent=12239"}],"wp:term":[{"taxonomy":"category","embeddable":true,"href":"https:\/\/www.elcornetin.es\/blog\/wp-json\/wp\/v2\/categories?post=12239"},{"taxonomy":"post_tag","embeddable":true,"href":"https:\/\/www.elcornetin.es\/blog\/wp-json\/wp\/v2\/tags?post=12239"}],"curies":[{"name":"wp","href":"https:\/\/api.w.org\/{rel}","templated":true}]}}