{"id":18614,"date":"2022-07-13T08:22:46","date_gmt":"2022-07-13T06:22:46","guid":{"rendered":"https:\/\/www.elcornetin.es\/blog\/?p=18614"},"modified":"2022-08-23T22:19:38","modified_gmt":"2022-08-23T20:19:38","slug":"banos-pleamar","status":"publish","type":"post","link":"https:\/\/www.elcornetin.es\/blog\/comics\/conac\/banos-pleamar\/","title":{"rendered":"[Rese\u00f1a] Ba\u00f1os Pleamar"},"content":{"rendered":"<p style=\"text-align: justify;\"><span style=\"font-family: arial, helvetica, sans-serif;\">Cada obra que lees, observas o te pones de fondo mientras planchas tiene un componente muy importante: <strong>las sensaciones que te despierta<\/strong>. Y eso es algo totalmente personal. Yo he seguido a Isaac hace a\u00f1os y tambi\u00e9n ahora en su <a href=\"https:\/\/www.elcornetin.es\/blog\/comics\/resena-taxus-de-isaac-sanchez\/\" target=\"_blank\" rel=\"noopener\">(re)inicio en el mundo del c\u00f3mic<\/a>, pero cuando vi el anuncio de Ba\u00f1os Pleamar supe que <strong>esa obra iba a atacar parte de mi l\u00ednea de flotaci\u00f3n<\/strong>.<\/span><\/p>\n<div style=\"width: 640px;\" class=\"wp-video\"><video class=\"wp-video-shortcode\" id=\"video-18614-1\" width=\"640\" height=\"360\" preload=\"metadata\" controls=\"controls\"><source type=\"video\/mp4\" src=\"https:\/\/www.elcornetin.es\/blog\/wp-content\/uploads\/2022\/05\/BP-99.mp4?_=1\" \/><a href=\"https:\/\/www.elcornetin.es\/blog\/wp-content\/uploads\/2022\/05\/BP-99.mp4\">https:\/\/www.elcornetin.es\/blog\/wp-content\/uploads\/2022\/05\/BP-99.mp4<\/a><\/video><\/div>\n<p><span style=\"font-family: arial, helvetica, sans-serif;\"><!--more--><\/span><\/p>\n<p style=\"text-align: justify;\"><span style=\"font-family: arial, helvetica, sans-serif;\">Ba\u00f1os Pleamar es<strong> la historia de unos recuerdos<\/strong>: los recuerdos de un Isaac chiquito empaquetados por el Isaac actual. Y como tales vivencias la pura verdad, si es que existe, la tiene s\u00f3lo Isaac. A partir de ah\u00ed <strong>cada lector entrar\u00e1 seg\u00fan su empat\u00eda o, m\u00e1s importante todav\u00eda, por su capacidad de entregarse a sus propios recuerdos<\/strong>. Y en mi caso he entrado con todo.<\/span><\/p>\n<p><span style=\"font-family: arial, helvetica, sans-serif;\"><a href=\"https:\/\/www.elcornetin.es\/blog\/wp-content\/uploads\/2022\/05\/BP-12-2212x1440.jpg\" target=\"_blank\" rel=\"noopener\"><img decoding=\"async\" class=\"aligncenter wp-image-18627 size-full lazyload\" data-src=\"https:\/\/www.elcornetin.es\/blog\/wp-content\/uploads\/2022\/05\/BP-12-2212x1440.jpg\" alt=\"\" width=\"2212\" height=\"1440\" data-srcset=\"https:\/\/www.elcornetin.es\/blog\/wp-content\/uploads\/2022\/05\/BP-12-2212x1440.jpg 2212w, https:\/\/www.elcornetin.es\/blog\/wp-content\/uploads\/2022\/05\/BP-12-300x195.jpg 300w, https:\/\/www.elcornetin.es\/blog\/wp-content\/uploads\/2022\/05\/BP-12-768x500.jpg 768w, https:\/\/www.elcornetin.es\/blog\/wp-content\/uploads\/2022\/05\/BP-12-1024x667.jpg 1024w, https:\/\/www.elcornetin.es\/blog\/wp-content\/uploads\/2022\/05\/BP-12-1536x1000.jpg 1536w, https:\/\/www.elcornetin.es\/blog\/wp-content\/uploads\/2022\/05\/BP-12-2048x1333.jpg 2048w, https:\/\/www.elcornetin.es\/blog\/wp-content\/uploads\/2022\/05\/BP-12-150x98.jpg 150w, https:\/\/www.elcornetin.es\/blog\/wp-content\/uploads\/2022\/05\/BP-12-500x325.jpg 500w\" data-sizes=\"(max-width: 2212px) 100vw, 2212px\" src=\"data:image\/svg+xml;base64,PHN2ZyB3aWR0aD0iMSIgaGVpZ2h0PSIxIiB4bWxucz0iaHR0cDovL3d3dy53My5vcmcvMjAwMC9zdmciPjwvc3ZnPg==\" style=\"--smush-placeholder-width: 2212px; --smush-placeholder-aspect-ratio: 2212\/1440;\" \/><\/a><\/span><\/p>\n<p style=\"text-align: justify;\"><span style=\"font-family: arial, helvetica, sans-serif;\">Una de las cosas m\u00e1s divertidas de Badalona y parte del Barcelon\u00e9s-Maresme es explicar la l\u00ednea de tren. Cu\u00e1ndo alguien for\u00e1neo viene de paseo, explicar porqu\u00e9 <strong>RENFE rompe el litoral<\/strong> es una constante. Es parte del precio a pagar por <a href=\"https:\/\/blog.renfe.com\/170-aniversario-del-primer-tren-en-la-espana-peninsular\/#:~:text=El%2028%20de%20octubre%20de,primera%20en%20la%20pen%C3%ADnsula%20ib%C3%A9rica.\" target=\"_blank\" rel=\"noopener\">ser la primera linea Peninsular<\/a>. Claro que eso es tiene otra explicaci\u00f3n y est\u00e1 en el inicio de esta obra: <strong>muchos lugares costeros viv\u00edan de espaldas al mar<\/strong>. Eso, de hecho, es algo que he hablado con gente de mi edad y mayores y es m\u00e1s una constante del norte que del sur. \u00bfFuente? La de <em>Can Solei<\/em>, supongo.<\/span><\/p>\n<p><span style=\"font-family: arial, helvetica, sans-serif;\"><a href=\"https:\/\/www.elcornetin.es\/blog\/wp-content\/uploads\/2022\/05\/BP-01-2190x1084.jpg\" target=\"_blank\" rel=\"noopener\"><img decoding=\"async\" class=\"aligncenter wp-image-18617 size-full lazyload\" data-src=\"https:\/\/www.elcornetin.es\/blog\/wp-content\/uploads\/2022\/05\/BP-01-2190x1084.jpg\" alt=\"\" width=\"2190\" height=\"1084\" data-srcset=\"https:\/\/www.elcornetin.es\/blog\/wp-content\/uploads\/2022\/05\/BP-01-2190x1084.jpg 2190w, https:\/\/www.elcornetin.es\/blog\/wp-content\/uploads\/2022\/05\/BP-01-300x148.jpg 300w, https:\/\/www.elcornetin.es\/blog\/wp-content\/uploads\/2022\/05\/BP-01-768x380.jpg 768w, https:\/\/www.elcornetin.es\/blog\/wp-content\/uploads\/2022\/05\/BP-01-1024x507.jpg 1024w, https:\/\/www.elcornetin.es\/blog\/wp-content\/uploads\/2022\/05\/BP-01-1536x760.jpg 1536w, https:\/\/www.elcornetin.es\/blog\/wp-content\/uploads\/2022\/05\/BP-01-2048x1014.jpg 2048w, https:\/\/www.elcornetin.es\/blog\/wp-content\/uploads\/2022\/05\/BP-01-150x74.jpg 150w, https:\/\/www.elcornetin.es\/blog\/wp-content\/uploads\/2022\/05\/BP-01-500x247.jpg 500w\" data-sizes=\"(max-width: 2190px) 100vw, 2190px\" src=\"data:image\/svg+xml;base64,PHN2ZyB3aWR0aD0iMSIgaGVpZ2h0PSIxIiB4bWxucz0iaHR0cDovL3d3dy53My5vcmcvMjAwMC9zdmciPjwvc3ZnPg==\" style=\"--smush-placeholder-width: 2190px; --smush-placeholder-aspect-ratio: 2190\/1084;\" \/><\/a><\/span><\/p>\n<p style=\"text-align: justify;\"><span style=\"font-family: arial, helvetica, sans-serif;\">Ba\u00f1os Pleamar inicia su viaje ah\u00ed. Una Badalona m\u00e1s industrial en la que no tenias narices de ba\u00f1arte en la playa. Una Badalona m\u00e1s suburbial que ahora (fama que a\u00fan arrastra) con sus <em>lladres fins<\/em> (ladrones finos), como le\u00ed en un refranero. Isaac sit\u00faa a la obra en esa ciudad y una \u00e9poca, aunque tampoco es eso lo que importa. El tema de la obra es la <strong>relaci\u00f3n con la familia<\/strong> y, en este caso, como el autor vivi\u00f3 su infancia. Y, claro, eso te transporta o a vivir parte de la vida de Isaac o a recordar tus propias vivencias. Y <strong>esa es la potencia de la obra: los sentimientos y los recuerdos<\/strong>.<\/span><\/p>\n<p><span style=\"font-family: arial, helvetica, sans-serif;\"><a href=\"https:\/\/www.elcornetin.es\/blog\/wp-content\/uploads\/2022\/05\/BP-02-1036x987.jpg\" target=\"_blank\" rel=\"noopener\"><img decoding=\"async\" class=\"aligncenter wp-image-18620 size-full lazyload\" data-src=\"https:\/\/www.elcornetin.es\/blog\/wp-content\/uploads\/2022\/05\/BP-02-1036x987.jpg\" alt=\"\" width=\"1036\" height=\"987\" data-srcset=\"https:\/\/www.elcornetin.es\/blog\/wp-content\/uploads\/2022\/05\/BP-02-1036x987.jpg 1036w, https:\/\/www.elcornetin.es\/blog\/wp-content\/uploads\/2022\/05\/BP-02-300x286.jpg 300w, https:\/\/www.elcornetin.es\/blog\/wp-content\/uploads\/2022\/05\/BP-02-768x732.jpg 768w, https:\/\/www.elcornetin.es\/blog\/wp-content\/uploads\/2022\/05\/BP-02-1024x976.jpg 1024w, https:\/\/www.elcornetin.es\/blog\/wp-content\/uploads\/2022\/05\/BP-02-150x143.jpg 150w, https:\/\/www.elcornetin.es\/blog\/wp-content\/uploads\/2022\/05\/BP-02-500x476.jpg 500w\" data-sizes=\"(max-width: 1036px) 100vw, 1036px\" src=\"data:image\/svg+xml;base64,PHN2ZyB3aWR0aD0iMSIgaGVpZ2h0PSIxIiB4bWxucz0iaHR0cDovL3d3dy53My5vcmcvMjAwMC9zdmciPjwvc3ZnPg==\" style=\"--smush-placeholder-width: 1036px; --smush-placeholder-aspect-ratio: 1036\/987;\" \/><\/a><\/span><\/p>\n<p style=\"text-align: justify;\"><span style=\"font-family: arial, helvetica, sans-serif;\">Y me imagino a mejores especialistas que yo intentando analizar la obra desde el punto de vista narrativo e incluso psicol\u00f3gico.<strong> Isaac se desnuda, demasiado incluso<\/strong>. Hay escenas que podria haber eliminado de esta obra y, sin embargo, ah\u00ed est\u00e1n. Es verdad que muchos de estos momentos son los que m\u00e1s remueven las entra\u00f1as pero, de nuevo, <strong>esa sensaci\u00f3n de uni\u00f3n con el autor depende mucho de tus propias experiencia<\/strong>s. En ese sentido Ba\u00f1os Pleamar se separa totalmente de sus anteriores obras: Taxus y El Don. Yo de todo esto me quedo con la introducci\u00f3n y el cierre a la obra: el dinosaurio siempre estuvo ah\u00ed.<a href=\"https:\/\/www.elcornetin.es\/blog\/wp-content\/uploads\/2022\/05\/BP-04.png\" target=\"_blank\" rel=\"noopener\"><img decoding=\"async\" class=\"aligncenter wp-image-18618 size-full lazyload\" data-src=\"https:\/\/www.elcornetin.es\/blog\/wp-content\/uploads\/2022\/05\/BP-04.png\" alt=\"\" width=\"849\" height=\"400\" data-srcset=\"https:\/\/www.elcornetin.es\/blog\/wp-content\/uploads\/2022\/05\/BP-04.png 849w, https:\/\/www.elcornetin.es\/blog\/wp-content\/uploads\/2022\/05\/BP-04-300x141.png 300w, https:\/\/www.elcornetin.es\/blog\/wp-content\/uploads\/2022\/05\/BP-04-768x362.png 768w, https:\/\/www.elcornetin.es\/blog\/wp-content\/uploads\/2022\/05\/BP-04-150x71.png 150w, https:\/\/www.elcornetin.es\/blog\/wp-content\/uploads\/2022\/05\/BP-04-500x236.png 500w\" data-sizes=\"(max-width: 849px) 100vw, 849px\" src=\"data:image\/svg+xml;base64,PHN2ZyB3aWR0aD0iMSIgaGVpZ2h0PSIxIiB4bWxucz0iaHR0cDovL3d3dy53My5vcmcvMjAwMC9zdmciPjwvc3ZnPg==\" style=\"--smush-placeholder-width: 849px; --smush-placeholder-aspect-ratio: 849\/400;\" \/><\/a>La obra tiene mucha fuerza, cantidad de detalles art\u00edsticos y un trabajo descomunal en sus espaldas. Yo la he le\u00eddo tres veces y cada una de ellas me ha llevado a un viaje diferente. Es un tomo que demuestra mucho de las capacidades de Isaac y, para mi es obvio, es el tomo m\u00e1s personal. Claro que, lo has visto en todo este escrito, la mejor manera de vivirlo es a trav\u00e9s de tus propias experiencias. Al final esta es la familia de Isaac, pero tambi\u00e9n es tu familia&#8230; y la m\u00eda.<\/span><\/p>\n","protected":false},"excerpt":{"rendered":"<p>Cada obra que lees, observas o te pones de fondo mientras planchas tiene un componente muy importante: las sensaciones que te despierta. Y&#8230;<\/p>\n","protected":false},"author":14,"featured_media":18615,"comment_status":"open","ping_status":"open","sticky":false,"template":"","format":"standard","meta":{"rop_custom_images_group":[],"rop_custom_messages_group":[],"rop_publish_now":"initial","rop_publish_now_accounts":{"facebook_965112277219911_1711957949078873":"","twitter_719274304828010500_719274304828010500":""},"rop_publish_now_history":[],"rop_publish_now_status":"pending","rating_form_position":"","rating_results_position":"","mr_structured_data_type":"","footnotes":""},"categories":[20],"tags":[3081,2747,3142],"class_list":["post-18614","post","type-post","status-publish","format-standard","has-post-thumbnail","hentry","category-conac","tag-dolmen-editorial","tag-isaac-sanchez","tag-nostalgia"],"aioseo_notices":[],"multi-rating":{"mr_rating_results":[{"adjusted_star_result":5,"star_result":5,"total_max_option_value":5,"adjusted_score_result":5,"score_result":5,"percentage_result":100,"adjusted_percentage_result":100,"count":1,"post_id":18614}]},"_links":{"self":[{"href":"https:\/\/www.elcornetin.es\/blog\/wp-json\/wp\/v2\/posts\/18614","targetHints":{"allow":["GET"]}}],"collection":[{"href":"https:\/\/www.elcornetin.es\/blog\/wp-json\/wp\/v2\/posts"}],"about":[{"href":"https:\/\/www.elcornetin.es\/blog\/wp-json\/wp\/v2\/types\/post"}],"author":[{"embeddable":true,"href":"https:\/\/www.elcornetin.es\/blog\/wp-json\/wp\/v2\/users\/14"}],"replies":[{"embeddable":true,"href":"https:\/\/www.elcornetin.es\/blog\/wp-json\/wp\/v2\/comments?post=18614"}],"version-history":[{"count":14,"href":"https:\/\/www.elcornetin.es\/blog\/wp-json\/wp\/v2\/posts\/18614\/revisions"}],"predecessor-version":[{"id":18886,"href":"https:\/\/www.elcornetin.es\/blog\/wp-json\/wp\/v2\/posts\/18614\/revisions\/18886"}],"wp:featuredmedia":[{"embeddable":true,"href":"https:\/\/www.elcornetin.es\/blog\/wp-json\/wp\/v2\/media\/18615"}],"wp:attachment":[{"href":"https:\/\/www.elcornetin.es\/blog\/wp-json\/wp\/v2\/media?parent=18614"}],"wp:term":[{"taxonomy":"category","embeddable":true,"href":"https:\/\/www.elcornetin.es\/blog\/wp-json\/wp\/v2\/categories?post=18614"},{"taxonomy":"post_tag","embeddable":true,"href":"https:\/\/www.elcornetin.es\/blog\/wp-json\/wp\/v2\/tags?post=18614"}],"curies":[{"name":"wp","href":"https:\/\/api.w.org\/{rel}","templated":true}]}}