{"id":18658,"date":"2022-05-19T08:00:25","date_gmt":"2022-05-19T06:00:25","guid":{"rendered":"https:\/\/www.elcornetin.es\/blog\/?p=18658"},"modified":"2022-05-19T06:18:46","modified_gmt":"2022-05-19T04:18:46","slug":"resena-40o-salon-del-comic","status":"publish","type":"post","link":"https:\/\/www.elcornetin.es\/blog\/evento\/resena-40o-salon-del-comic\/","title":{"rendered":"[Rese\u00f1a] 40\u00ba Sal\u00f3n del C\u00f3mic"},"content":{"rendered":"<p><span style=\"font-family: arial, helvetica, sans-serif;\">El pasado 08 de mayo termino el <strong>40\u00ba Comic Barcelona<\/strong> \u2013 para muchos el Sal\u00f3n del Comic de Barcelona.<strong> Supone la vuelta presencia de una de las citas m\u00e1s queridas de los lectores de c\u00f3mic de nuestro pa\u00eds<\/strong>. \u00bfPero como fue volver? \u00bfQu\u00e9 nos encontramos?<\/span><\/p>\n<p>&nbsp;<\/p>\n<p><span style=\"font-family: arial, helvetica, sans-serif;\"><!--more--><\/span><\/p>\n<h2><span style=\"font-family: arial, helvetica, sans-serif;\">Volver a verse<\/span><\/h2>\n<p><span style=\"font-family: arial, helvetica, sans-serif;\">El 13 de marzo de 2020 muchas cosas se pararon por la pandemia y el seguido confinamiento. Casi <strong>tres a\u00f1os despu\u00e9s todas esas cosas e ideas que dejamos en <em>\u201cstand by\u201d<\/em> intentan volver a la normalidad<\/strong>. Lo cierto es que la vuelta est\u00e1 siendo algo distinta a lo que cre\u00edamos.<\/span><\/p>\n<p><span style=\"font-family: arial, helvetica, sans-serif;\">Tres a\u00f1os es mucho tiempo y para un evento es algo que puede llegar a pesar.<strong> Durante la pandemia<\/strong> la mayor\u00eda de ellos han intentado mantenernos animados y expectantes con versiones on-line, adapt\u00e1ndose r\u00e1pidamente al obligado cambio. Si bien algunos de estos cambios han venido para quedarse: por ejemplo, ponencias y charlas online en directo, lo cierto es que los eventos necesitaban volver a un espacio f\u00edsico.<\/span><\/p>\n<p><span style=\"font-family: arial, helvetica, sans-serif;\">En los \u00faltimos meses algunos de los eventos han salido adelante, gracias en gran medida a la relajaci\u00f3n de las medidas, el saber transmitir seguridad por parte de la organizaci\u00f3n y en buena parte gracias a la confianza de los visitantes. De todos ellos, y <strong>para m\u00ed personalmente, el C\u00f3mic Barcelona<\/strong> \u2013 el Sal\u00f3n del Comic de Barcelona de toda la vida &#8211; <strong>ten\u00eda un inter\u00e9s especial.<\/strong><\/span><\/p>\n<p><a href=\"https:\/\/www.elcornetin.es\/blog\/wp-content\/uploads\/2022\/05\/salonComicBarcelona2022-1200x800.jpg\" target=\"_blank\" rel=\"noopener\"><img decoding=\"async\" class=\"aligncenter wp-image-18662 size-large lazyload\" data-src=\"https:\/\/www.elcornetin.es\/blog\/wp-content\/uploads\/2022\/05\/salonComicBarcelona2022-1024x683.jpg\" alt=\"\" width=\"640\" height=\"427\" data-srcset=\"https:\/\/www.elcornetin.es\/blog\/wp-content\/uploads\/2022\/05\/salonComicBarcelona2022-1024x683.jpg 1024w, https:\/\/www.elcornetin.es\/blog\/wp-content\/uploads\/2022\/05\/salonComicBarcelona2022-300x200.jpg 300w, https:\/\/www.elcornetin.es\/blog\/wp-content\/uploads\/2022\/05\/salonComicBarcelona2022-768x512.jpg 768w, https:\/\/www.elcornetin.es\/blog\/wp-content\/uploads\/2022\/05\/salonComicBarcelona2022-150x100.jpg 150w, https:\/\/www.elcornetin.es\/blog\/wp-content\/uploads\/2022\/05\/salonComicBarcelona2022-500x333.jpg 500w, https:\/\/www.elcornetin.es\/blog\/wp-content\/uploads\/2022\/05\/salonComicBarcelona2022-1200x800.jpg 1200w\" data-sizes=\"(max-width: 640px) 100vw, 640px\" src=\"data:image\/svg+xml;base64,PHN2ZyB3aWR0aD0iMSIgaGVpZ2h0PSIxIiB4bWxucz0iaHR0cDovL3d3dy53My5vcmcvMjAwMC9zdmciPjwvc3ZnPg==\" style=\"--smush-placeholder-width: 640px; --smush-placeholder-aspect-ratio: 640\/427;\" \/><\/a><\/p>\n<h2><span style=\"font-family: arial, helvetica, sans-serif;\">La 40\u00aa edici\u00f3n<\/span><\/h2>\n<p><span style=\"font-family: arial, helvetica, sans-serif;\">En esta edici\u00f3n<strong> Comic Barcelona quer\u00eda dar lo mejor de s\u00ed<\/strong> en una situaci\u00f3n en la que no estaba asegurado el \u00e9xito. Recordemos adem\u00e1s la importancia de esta edici\u00f3n ya que <strong>celebraba su 40 aniversario<\/strong>.<\/span><\/p>\n<p><span style=\"font-family: arial, helvetica, sans-serif;\">Ficomic hizo lo que mejor sabia hacer. Primero fue fiel a sus or\u00edgenes colocando en el <strong>pabell\u00f3n de entrada principal las peque\u00f1as editoriales,<\/strong> tiendas de coleccionistas y fanzines. Para mi gusto se hicieron notar la ausencia de algunas de estas tiendas como Supervazquez \u2013 tienda especializada en comic de superh\u00e9roes desde 1972 \u2013 y algunas tiendas barcelonesas especializadas en tomos de c\u00f3mic europeo o de Bruguera \u2013 disculpad que no recuerde el nombre.<\/span><\/p>\n<p><span style=\"font-family: arial, helvetica, sans-serif;\"><strong>Al fondo, las grandes editoriales<\/strong> &#8211; ECC, Panini, Planeta o Penguin Random House &#8211; compart\u00edan espacio con la exposici\u00f3n de Comics Fantasy \u2013 una exposici\u00f3n de libros de rol de todas las \u00e9pocas, junto con fichas de rol de personajes tan ilustres como Laurielle, Joan Trezce o Alex de la Iglesia-, el \u00e1rea de descanso y la zona de juegos.<\/span><\/p>\n<p><span style=\"font-family: arial, helvetica, sans-serif;\">Esta distribuci\u00f3n demostr\u00f3 se la adecuada. Daba la oportunidad de darse a conocer a \u201clos peque\u00f1os\u201d, sin ocultar la importancia de las grandes editoriales, de una manera m\u00e1s o menos justa.<\/span><\/p>\n<p><span style=\"font-family: arial, helvetica, sans-serif;\">Como en ediciones anteriores, completo su propuesta con una serie de <strong>charlas y exposiciones<\/strong>, en las que este a\u00f1o destac\u00f3 su apuesta por el rol. La exposici\u00f3n <strong>C\u00f3mic Fantasy<\/strong> reuni\u00f3 una de las colecciones m\u00e1s completas de los mejores juegos de rol en castellano desde JOC hasta nuestros d\u00edas. Las charlas <strong><em>Fanhunter, el juego de rol. 30 a\u00f1os en el Reino de Dick<\/em> y <em>Advanced Dungeons &amp; Dragons: 30 a\u00f1os en Espa\u00f1a<\/em><\/strong>, pusieron cierta perspectiva y humor a la historia de los juegos de rol en nuestro pa\u00eds.<\/span><\/p>\n<p><a href=\"https:\/\/www.elcornetin.es\/blog\/wp-content\/uploads\/2022\/05\/salonComicBarcelona2022_05-1200x676.jpg\" target=\"_blank\" rel=\"noopener\"><img decoding=\"async\" class=\"aligncenter wp-image-18667 size-large lazyload\" data-src=\"https:\/\/www.elcornetin.es\/blog\/wp-content\/uploads\/2022\/05\/salonComicBarcelona2022_05-1024x577.jpg\" alt=\"\" width=\"640\" height=\"361\" data-srcset=\"https:\/\/www.elcornetin.es\/blog\/wp-content\/uploads\/2022\/05\/salonComicBarcelona2022_05-1024x577.jpg 1024w, https:\/\/www.elcornetin.es\/blog\/wp-content\/uploads\/2022\/05\/salonComicBarcelona2022_05-300x169.jpg 300w, https:\/\/www.elcornetin.es\/blog\/wp-content\/uploads\/2022\/05\/salonComicBarcelona2022_05-768x433.jpg 768w, https:\/\/www.elcornetin.es\/blog\/wp-content\/uploads\/2022\/05\/salonComicBarcelona2022_05-150x85.jpg 150w, https:\/\/www.elcornetin.es\/blog\/wp-content\/uploads\/2022\/05\/salonComicBarcelona2022_05-500x282.jpg 500w, https:\/\/www.elcornetin.es\/blog\/wp-content\/uploads\/2022\/05\/salonComicBarcelona2022_05-1200x676.jpg 1200w\" data-sizes=\"(max-width: 640px) 100vw, 640px\" src=\"data:image\/svg+xml;base64,PHN2ZyB3aWR0aD0iMSIgaGVpZ2h0PSIxIiB4bWxucz0iaHR0cDovL3d3dy53My5vcmcvMjAwMC9zdmciPjwvc3ZnPg==\" style=\"--smush-placeholder-width: 640px; --smush-placeholder-aspect-ratio: 640\/361;\" \/><\/a><\/p>\n<p><span style=\"font-family: arial, helvetica, sans-serif;\"><strong>En contra que jugo la separaci\u00f3n de los pabellones<\/strong>. Mientras que el n\u00facleo del C\u00f3mic Barcelona se centraba en el Pabell\u00f3n 2, <strong>la tiendas de \u201cmerchand\u201d, asociaciones y las salas para las charlas y ponencias se encontraban en el Pabell\u00f3n 5, algo m\u00e1s apartado<\/strong>. Por otra parte, el evento de cosplay se encontraba en el piso superior del Pabell\u00f3n 2 separado de los expositores. Ambos detalles produc\u00edan una<strong> sensaci\u00f3n de evento paralelo<\/strong> que resultaba extra\u00f1o para el visitante. Tambi\u00e9n la dificultad que esta edici\u00f3n ha tenido en saber transmitir sus actividad y sesiones de firmas. Mientras que en a\u00f1os posteriores las redes sociales se inundaban con esta informaci\u00f3n este a\u00f1o ha resultado especialmente dif\u00edcil encontrarla.<\/span><\/p>\n<p><span style=\"font-family: arial, helvetica, sans-serif;\"><strong>40 Comic Barcelona funci\u00f3n perfectamente<\/strong>: pasillos anchos para evitar aglomeraciones, expositores con sus autores firmando, colas perfectamente organizadas y, en general, un gran ambiente. La oferta cultural propuesta, en formado de charlas y actividades, no han hecho de \u00e9l un mercadillo.<strong> En definitiva, ha sabido hacer frente a una vuelta complicada, ofreciendo lo mejor de s\u00ed mismo.<\/strong><\/span><\/p>\n<p><a href=\"https:\/\/www.elcornetin.es\/blog\/wp-content\/uploads\/2022\/05\/montaje-40--1200x800.jpg\" target=\"_blank\" rel=\"noopener\"><img decoding=\"async\" class=\"aligncenter wp-image-18668 size-large lazyload\" data-src=\"https:\/\/www.elcornetin.es\/blog\/wp-content\/uploads\/2022\/05\/montaje-40--1024x683.jpg\" alt=\"\" width=\"640\" height=\"427\" data-srcset=\"https:\/\/www.elcornetin.es\/blog\/wp-content\/uploads\/2022\/05\/montaje-40--1024x683.jpg 1024w, https:\/\/www.elcornetin.es\/blog\/wp-content\/uploads\/2022\/05\/montaje-40--300x200.jpg 300w, https:\/\/www.elcornetin.es\/blog\/wp-content\/uploads\/2022\/05\/montaje-40--768x512.jpg 768w, https:\/\/www.elcornetin.es\/blog\/wp-content\/uploads\/2022\/05\/montaje-40--150x100.jpg 150w, https:\/\/www.elcornetin.es\/blog\/wp-content\/uploads\/2022\/05\/montaje-40--500x333.jpg 500w, https:\/\/www.elcornetin.es\/blog\/wp-content\/uploads\/2022\/05\/montaje-40--1200x800.jpg 1200w\" data-sizes=\"(max-width: 640px) 100vw, 640px\" src=\"data:image\/svg+xml;base64,PHN2ZyB3aWR0aD0iMSIgaGVpZ2h0PSIxIiB4bWxucz0iaHR0cDovL3d3dy53My5vcmcvMjAwMC9zdmciPjwvc3ZnPg==\" style=\"--smush-placeholder-width: 640px; --smush-placeholder-aspect-ratio: 640\/427;\" \/><\/a><\/p>\n","protected":false},"excerpt":{"rendered":"<p>El pasado 08 de mayo termino el 40\u00ba Comic Barcelona \u2013 para muchos el Sal\u00f3n del Comic de Barcelona. Supone la vuelta presencia&#8230;<\/p>\n","protected":false},"author":5,"featured_media":18660,"comment_status":"open","ping_status":"open","sticky":false,"template":"","format":"standard","meta":{"rop_custom_images_group":[],"rop_custom_messages_group":[],"rop_publish_now":"initial","rop_publish_now_accounts":{"facebook_965112277219911_1711957949078873":"","twitter_719274304828010500_719274304828010500":""},"rop_publish_now_history":[],"rop_publish_now_status":"pending","rating_form_position":"","rating_results_position":"","mr_structured_data_type":"","footnotes":""},"categories":[52],"tags":[3126,3127,3128],"class_list":["post-18658","post","type-post","status-publish","format-standard","has-post-thumbnail","hentry","category-evento","tag-comic-barcelona","tag-salon-del-comic","tag-visita"],"aioseo_notices":[],"multi-rating":{"mr_rating_results":[{"adjusted_star_result":0,"star_result":0,"total_max_option_value":5,"adjusted_score_result":0,"score_result":0,"percentage_result":0,"adjusted_percentage_result":0,"count":0,"post_id":18658}]},"_links":{"self":[{"href":"https:\/\/www.elcornetin.es\/blog\/wp-json\/wp\/v2\/posts\/18658","targetHints":{"allow":["GET"]}}],"collection":[{"href":"https:\/\/www.elcornetin.es\/blog\/wp-json\/wp\/v2\/posts"}],"about":[{"href":"https:\/\/www.elcornetin.es\/blog\/wp-json\/wp\/v2\/types\/post"}],"author":[{"embeddable":true,"href":"https:\/\/www.elcornetin.es\/blog\/wp-json\/wp\/v2\/users\/5"}],"replies":[{"embeddable":true,"href":"https:\/\/www.elcornetin.es\/blog\/wp-json\/wp\/v2\/comments?post=18658"}],"version-history":[{"count":10,"href":"https:\/\/www.elcornetin.es\/blog\/wp-json\/wp\/v2\/posts\/18658\/revisions"}],"predecessor-version":[{"id":18673,"href":"https:\/\/www.elcornetin.es\/blog\/wp-json\/wp\/v2\/posts\/18658\/revisions\/18673"}],"wp:featuredmedia":[{"embeddable":true,"href":"https:\/\/www.elcornetin.es\/blog\/wp-json\/wp\/v2\/media\/18660"}],"wp:attachment":[{"href":"https:\/\/www.elcornetin.es\/blog\/wp-json\/wp\/v2\/media?parent=18658"}],"wp:term":[{"taxonomy":"category","embeddable":true,"href":"https:\/\/www.elcornetin.es\/blog\/wp-json\/wp\/v2\/categories?post=18658"},{"taxonomy":"post_tag","embeddable":true,"href":"https:\/\/www.elcornetin.es\/blog\/wp-json\/wp\/v2\/tags?post=18658"}],"curies":[{"name":"wp","href":"https:\/\/api.w.org\/{rel}","templated":true}]}}