{"id":18948,"date":"2022-09-07T08:00:27","date_gmt":"2022-09-07T06:00:27","guid":{"rendered":"https:\/\/www.elcornetin.es\/blog\/?p=18948"},"modified":"2022-09-07T11:32:29","modified_gmt":"2022-09-07T09:32:29","slug":"resena-banos-pleamar-una-vision-desde-madrid","status":"publish","type":"post","link":"https:\/\/www.elcornetin.es\/blog\/comics\/resena-banos-pleamar-una-vision-desde-madrid\/","title":{"rendered":"[Rese\u00f1a] Ba\u00f1os Pleamar. Una visi\u00f3n desde Madrid"},"content":{"rendered":"<p style=\"text-align: justify;\"><span style=\"font-family: arial, helvetica, sans-serif;\"><em>\u201c\u00bfCu\u00e1nto hay de personal en una obra?\u201d<\/em> \u2013 Es posiblemente la pregunta m\u00e1s veces hecha en mesas redondas, en los paneles de las convenciones o en los encuentros con los fans. \u00bfCu\u00e1nto hay de personal en una obra?, es una forma f\u00e1cil de comenzar una charla, de dar pie al autor. Es la pregunta m\u00e1s f\u00e1cil de hacer y la m\u00e1s compleja de responder, si se quiere responder con sinceridad.<\/span><\/p>\n<p style=\"text-align: justify;\"><!--more--><\/p>\n<p style=\"text-align: justify;\"><span style=\"font-family: arial, helvetica, sans-serif;\">Creo que si pregunt\u00e1semos a Isaac S\u00e1nchez (aka Loulogio Pi) nos responder\u00eda con una de sus vi\u00f1etas:<em> \u201cEsta historia no est\u00e1 basada en hechos reales. Todo lo contrario, son recuerdos\u201d<\/em><\/span><\/p>\n<h2 style=\"text-align: justify;\"><span style=\"font-family: arial, helvetica, sans-serif;\">Sinopsis<\/span><\/h2>\n<p style=\"text-align: justify;\"><span style=\"font-family: arial, helvetica, sans-serif;\">Antes de los resorts y hoteles con acceso directo a la playa, exist\u00eda otro tipo de turismo playero, los conocidos como los ba\u00f1os. En los<strong> 90 las costas de Badalona se encontraban contaminadas<\/strong>. Esto no imped\u00eda disfrutar de la playa, tomarse una \u201cpaella\u201d y darse un ba\u00f1o. Este era el negocio de <strong>\u201clos ba\u00f1os\u201d asentados a lo largo de la costa<\/strong>. Con el tiempo se transformar\u00edan o acabar\u00edan desapareciendo.<\/span><\/p>\n<p style=\"text-align: justify;\"><span style=\"font-family: arial, helvetica, sans-serif;\">Esta es la historia de uno de esos ba\u00f1os en concreto. <strong>La historia de la familia de Issac S\u00e1nchez<\/strong> y del que fue durante mucho tiempo el negocio familiar. Es tambi\u00e9n la historia de una \u00e9poca vital en la que se forja el car\u00e1cter y a la que, ya mayores, volvemos a visitar en nuestros recuerdos.<\/span><\/p>\n<p style=\"text-align: justify;\"><span style=\"font-family: arial, helvetica, sans-serif;\">No se puede revelar m\u00e1s sin estropear la experiencia y es que esta es una historia a la que acudir que ir sin saber casi nada.<\/span><\/p>\n<p><a href=\"https:\/\/www.elcornetin.es\/blog\/wp-content\/uploads\/2022\/08\/banos-pleamar-1-800x395.jpg\" target=\"_blank\" rel=\"noopener\"><img decoding=\"async\" class=\"aligncenter wp-image-19032 size-full lazyload\" data-src=\"https:\/\/www.elcornetin.es\/blog\/wp-content\/uploads\/2022\/08\/banos-pleamar-1-800x395.jpg\" alt=\"\" width=\"800\" height=\"395\" data-srcset=\"https:\/\/www.elcornetin.es\/blog\/wp-content\/uploads\/2022\/08\/banos-pleamar-1-800x395.jpg 800w, https:\/\/www.elcornetin.es\/blog\/wp-content\/uploads\/2022\/08\/banos-pleamar-1-300x148.jpg 300w, https:\/\/www.elcornetin.es\/blog\/wp-content\/uploads\/2022\/08\/banos-pleamar-1-768x379.jpg 768w, https:\/\/www.elcornetin.es\/blog\/wp-content\/uploads\/2022\/08\/banos-pleamar-1-150x74.jpg 150w, https:\/\/www.elcornetin.es\/blog\/wp-content\/uploads\/2022\/08\/banos-pleamar-1-500x247.jpg 500w\" data-sizes=\"(max-width: 800px) 100vw, 800px\" src=\"data:image\/svg+xml;base64,PHN2ZyB3aWR0aD0iMSIgaGVpZ2h0PSIxIiB4bWxucz0iaHR0cDovL3d3dy53My5vcmcvMjAwMC9zdmciPjwvc3ZnPg==\" style=\"--smush-placeholder-width: 800px; --smush-placeholder-aspect-ratio: 800\/395;\" \/><\/a><\/p>\n<h2 style=\"text-align: justify;\"><span style=\"font-family: arial, helvetica, sans-serif;\">Los recuerdos como ficci\u00f3n<\/span><\/h2>\n<p style=\"text-align: justify;\"><span style=\"font-family: arial, helvetica, sans-serif;\">Se me hace raro escribir una rese\u00f1a sobre Ba\u00f1os Pleamar. Nuestro compa\u00f1ero <strong><a href=\"https:\/\/www.elcornetin.es\/blog\/comics\/conac\/banos-pleamar\/\" target=\"_blank\" rel=\"noopener\">Tako ya escribi\u00f3 esta cari\u00f1osa rese\u00f1a sobre el c\u00f3mic<\/a> <\/strong>y me sorprendi\u00f3 al pedirme mi opini\u00f3n del c\u00f3mic: \u201c<em>\u00bfQuiero saber cu\u00e1nto de importante es el relacionarte con su historia?\u201d <\/em><\/span><\/p>\n<p style=\"text-align: justify;\"><span style=\"font-family: arial, helvetica, sans-serif;\"><strong>\u00bfPuede un madrile\u00f1o entender todo lo que Isaac plasma en el tomo?<\/strong> La verdad que, tras leer el c\u00f3mic, en tiendo la pregunta. Para Tako, como badalon\u00e9s y con una edad cercana a la de Isaac, lo plasmado en Ba\u00f1os Pleamar le toca muy cerca, siendo f\u00e1cil sumergirse en la nostalgia y los recuerdos.<\/span><\/p>\n<p style=\"text-align: justify;\"><span style=\"font-family: arial, helvetica, sans-serif;\">Y es que Ba\u00f1os Pleamar propone <strong>dos tipos de historia<\/strong> en un mismo c\u00f3mic.<\/span><\/p>\n<p style=\"text-align: justify;\"><span style=\"font-family: arial, helvetica, sans-serif;\">La primera es <strong>una visi\u00f3n intima por parte del autor<\/strong>. Funciona como una revisi\u00f3n consciente de su infancia, mientras rinde homenaje a su padre. Esta narraci\u00f3n es emotiva y tierna, densa en algunos casos y dejando al lector con m\u00e1s preguntas que las que responde el autor.<\/span><\/p>\n<p style=\"text-align: justify;\"><span style=\"font-family: arial, helvetica, sans-serif;\">La segunda es<strong> una revision de los 90s y la vida en las playas de Badalona<\/strong>. Una historia costumbrista en la que se mezclan la familia de Isaac, los turistas y viejos temas que en los 90s sonaban en la cabeza de los ni\u00f1os: el problema con los yonkis, las figuras de He-Man, la adicci\u00f3n a los tel\u00e9fonos de videntes o los comics. Era muy distinto ser friki en esa \u00e9poca. Es en esta lectura en la que todo los que somos de la generaci\u00f3n X nos sentimos identificados.<\/span><\/p>\n<p><a href=\"https:\/\/www.elcornetin.es\/blog\/wp-content\/uploads\/2022\/08\/banosPleamar00-2190x1089.jpg\" target=\"_blank\" rel=\"noopener\"><img decoding=\"async\" class=\"wp-image-19033 size-large aligncenter lazyload\" data-src=\"https:\/\/www.elcornetin.es\/blog\/wp-content\/uploads\/2022\/08\/banosPleamar00-1024x509.jpg\" alt=\"\" width=\"640\" height=\"318\" data-srcset=\"https:\/\/www.elcornetin.es\/blog\/wp-content\/uploads\/2022\/08\/banosPleamar00-1024x509.jpg 1024w, https:\/\/www.elcornetin.es\/blog\/wp-content\/uploads\/2022\/08\/banosPleamar00-300x149.jpg 300w, https:\/\/www.elcornetin.es\/blog\/wp-content\/uploads\/2022\/08\/banosPleamar00-768x382.jpg 768w, https:\/\/www.elcornetin.es\/blog\/wp-content\/uploads\/2022\/08\/banosPleamar00-1536x764.jpg 1536w, https:\/\/www.elcornetin.es\/blog\/wp-content\/uploads\/2022\/08\/banosPleamar00-2048x1018.jpg 2048w, https:\/\/www.elcornetin.es\/blog\/wp-content\/uploads\/2022\/08\/banosPleamar00-150x75.jpg 150w, https:\/\/www.elcornetin.es\/blog\/wp-content\/uploads\/2022\/08\/banosPleamar00-500x249.jpg 500w\" data-sizes=\"(max-width: 640px) 100vw, 640px\" src=\"data:image\/svg+xml;base64,PHN2ZyB3aWR0aD0iMSIgaGVpZ2h0PSIxIiB4bWxucz0iaHR0cDovL3d3dy53My5vcmcvMjAwMC9zdmciPjwvc3ZnPg==\" style=\"--smush-placeholder-width: 640px; --smush-placeholder-aspect-ratio: 640\/318;\" \/><\/a><\/p>\n<h2 style=\"text-align: justify;\"><span style=\"font-family: arial, helvetica, sans-serif;\">Opini\u00f3n<\/span><\/h2>\n<p style=\"text-align: justify;\"><span style=\"font-family: arial, helvetica, sans-serif;\"><strong>Ba\u00f1os Pleamar<\/strong> es un comic que a la mayor\u00eda de los <strong>lectores no dejara indiferente<\/strong>. En \u00e9l se manejan magistralmente peque\u00f1as <strong>dosis de nostalgia<\/strong> para los ni\u00f1os de la generaci\u00f3n X, con una <strong>historia casi detectivesca<\/strong>, que al final te deja un sabor agridulce y alguna pregunta en la boca \u2013 que esperamos poder realizar en alg\u00fan podcast.<\/span><\/p>\n<p style=\"text-align: justify;\"><span style=\"font-family: arial, helvetica, sans-serif;\"><strong>El dibujo<\/strong>, ahora m\u00e1s personal que nunca en Issac S\u00e1nchez, es una herramienta muy poderosa que d<strong>a los matices necesarios al c\u00f3mic<\/strong>. Las miradas, los gestos, la estructura de las p\u00e1ginas, rematan una narraci\u00f3n intimista y cercana. Hay veces que una vi\u00f1eta sin bocadillos se dice m\u00e1s que p\u00e1ginas enteras.<\/span><\/p>\n<p style=\"text-align: justify;\"><span style=\"font-family: arial, helvetica, sans-serif;\"><strong>Ba\u00f1os Pleamar funciona activando zonas de nuestra memoria que no se visitaban desde hace tiempo<\/strong>. Es una visi\u00f3n tierna desde el \u201crecuerdo\u201d de la infancia desde un lugar que para muchos era m\u00e1gico en los 90s, \u201cla playa\u201d.<\/span><\/p>\n<p style=\"text-align: justify;\"><span style=\"font-family: arial, helvetica, sans-serif;\"><strong>En mi caso el comic funciona de manera distinta a la visi\u00f3n de Tako<\/strong>. Mientras que Isaac S\u00e1nchez trabajaba en el negocio de la familia, yo posiblemente veraneara con mis padres y abuelos en Gand\u00eda. Leer el c\u00f3mic me ha llevado a esos tiempos en los que los d\u00edas de verano pasaban lentos, los cines de verano al aire libre, los paseos y las pipas. De todo eso hoy, no queda nada. Gand\u00eda ha cambiado mucho, nuestro peque\u00f1o apartamento paso de ser \u00faltima l\u00ednea de playa a tercera y de los cines al aire libre nada queda.<\/span><\/p>\n<p>&nbsp;<\/p>\n<p><a href=\"https:\/\/www.elcornetin.es\/blog\/wp-content\/uploads\/2022\/08\/banosPleamar02.png\" target=\"_blank\" rel=\"noopener\"><img decoding=\"async\" class=\"aligncenter wp-image-19036 size-large lazyload\" data-src=\"https:\/\/www.elcornetin.es\/blog\/wp-content\/uploads\/2022\/08\/banosPleamar02-1024x488.png\" alt=\"\" width=\"640\" height=\"305\" data-srcset=\"https:\/\/www.elcornetin.es\/blog\/wp-content\/uploads\/2022\/08\/banosPleamar02-1024x488.png 1024w, https:\/\/www.elcornetin.es\/blog\/wp-content\/uploads\/2022\/08\/banosPleamar02-300x143.png 300w, https:\/\/www.elcornetin.es\/blog\/wp-content\/uploads\/2022\/08\/banosPleamar02-768x366.png 768w, https:\/\/www.elcornetin.es\/blog\/wp-content\/uploads\/2022\/08\/banosPleamar02-150x72.png 150w, https:\/\/www.elcornetin.es\/blog\/wp-content\/uploads\/2022\/08\/banosPleamar02-500x238.png 500w, https:\/\/www.elcornetin.es\/blog\/wp-content\/uploads\/2022\/08\/banosPleamar02.png 1319w\" data-sizes=\"(max-width: 640px) 100vw, 640px\" src=\"data:image\/svg+xml;base64,PHN2ZyB3aWR0aD0iMSIgaGVpZ2h0PSIxIiB4bWxucz0iaHR0cDovL3d3dy53My5vcmcvMjAwMC9zdmciPjwvc3ZnPg==\" style=\"--smush-placeholder-width: 640px; --smush-placeholder-aspect-ratio: 640\/305;\" \/><\/a><\/p>\n","protected":false},"excerpt":{"rendered":"<p>\u201c\u00bfCu\u00e1nto hay de personal en una obra?\u201d \u2013 Es posiblemente la pregunta m\u00e1s veces hecha en mesas redondas, en los paneles de las&#8230;<\/p>\n","protected":false},"author":5,"featured_media":19030,"comment_status":"open","ping_status":"open","sticky":false,"template":"","format":"standard","meta":{"rop_custom_images_group":[],"rop_custom_messages_group":[],"rop_publish_now":"initial","rop_publish_now_accounts":{"facebook_965112277219911_1711957949078873":"","twitter_719274304828010500_719274304828010500":""},"rop_publish_now_history":[],"rop_publish_now_status":"pending","rating_form_position":"","rating_results_position":"","mr_structured_data_type":"","footnotes":""},"categories":[20,12],"tags":[3081,2747,3142],"class_list":["post-18948","post","type-post","status-publish","format-standard","has-post-thumbnail","hentry","category-conac","category-comics","tag-dolmen-editorial","tag-isaac-sanchez","tag-nostalgia"],"aioseo_notices":[],"multi-rating":{"mr_rating_results":[{"adjusted_star_result":0,"star_result":0,"total_max_option_value":5,"adjusted_score_result":0,"score_result":0,"percentage_result":0,"adjusted_percentage_result":0,"count":0,"post_id":18948}]},"_links":{"self":[{"href":"https:\/\/www.elcornetin.es\/blog\/wp-json\/wp\/v2\/posts\/18948","targetHints":{"allow":["GET"]}}],"collection":[{"href":"https:\/\/www.elcornetin.es\/blog\/wp-json\/wp\/v2\/posts"}],"about":[{"href":"https:\/\/www.elcornetin.es\/blog\/wp-json\/wp\/v2\/types\/post"}],"author":[{"embeddable":true,"href":"https:\/\/www.elcornetin.es\/blog\/wp-json\/wp\/v2\/users\/5"}],"replies":[{"embeddable":true,"href":"https:\/\/www.elcornetin.es\/blog\/wp-json\/wp\/v2\/comments?post=18948"}],"version-history":[{"count":7,"href":"https:\/\/www.elcornetin.es\/blog\/wp-json\/wp\/v2\/posts\/18948\/revisions"}],"predecessor-version":[{"id":19070,"href":"https:\/\/www.elcornetin.es\/blog\/wp-json\/wp\/v2\/posts\/18948\/revisions\/19070"}],"wp:featuredmedia":[{"embeddable":true,"href":"https:\/\/www.elcornetin.es\/blog\/wp-json\/wp\/v2\/media\/19030"}],"wp:attachment":[{"href":"https:\/\/www.elcornetin.es\/blog\/wp-json\/wp\/v2\/media?parent=18948"}],"wp:term":[{"taxonomy":"category","embeddable":true,"href":"https:\/\/www.elcornetin.es\/blog\/wp-json\/wp\/v2\/categories?post=18948"},{"taxonomy":"post_tag","embeddable":true,"href":"https:\/\/www.elcornetin.es\/blog\/wp-json\/wp\/v2\/tags?post=18948"}],"curies":[{"name":"wp","href":"https:\/\/api.w.org\/{rel}","templated":true}]}}