{"id":19026,"date":"2022-10-24T08:00:13","date_gmt":"2022-10-24T06:00:13","guid":{"rendered":"https:\/\/www.elcornetin.es\/blog\/?p=19026"},"modified":"2022-10-24T08:26:51","modified_gmt":"2022-10-24T06:26:51","slug":"resena-las-historias-de-la-hermana-herminia","status":"publish","type":"post","link":"https:\/\/www.elcornetin.es\/blog\/humor\/resena-las-historias-de-la-hermana-herminia\/","title":{"rendered":"[Rese\u00f1a] Las historias de la Hermana Herminia"},"content":{"rendered":"<p>Durante demasiados a\u00f1os los amantes de los cuentos de la Hermana Heminia<strong> hemos vivido bajo un paraguas de oscurantismo<\/strong>. Es cierto que somos pocos los que tenemos la primera edici\u00f3n de <em>Las historias de la Hermana Herminia<\/em> y aquellos que la poseemos no nos vamos a desprender de ella, por mucho que ofrezcas. Bueno, depende. \u00bfCu\u00e1nto ofreces? Patrisio se fuerte.<\/p>\n<p>Ahora todos aquellos que crecimos con <em>La princesa afeitada<\/em>, <em>Las dos grandes posaderas <\/em>o<em> Los dos viajeros que casi se matan por un queso que al final no estaba tan rico<\/em> tenemos, por fin, <strong>una nueva edici\u00f3n a la altura de la Hermana (aprox 1,65)<\/strong>. Aunque no deja de ser curioso la <strong>elecci\u00f3n de algunos de los cuentos por parte del editor: <a href=\"http:\/\/sergiomoran.es\/\" target=\"_blank\" rel=\"noopener\">Sergio S. Mor\u00e1n<\/a><\/strong>. As\u00ed, por ejemplo, nos trae <em>El sapo que quer\u00eda comerse un mel\u00f3n entero <\/em>y <em>La princesa que quer\u00eda comerse un mel\u00f3n entero<\/em>, pero obvia una de las cumbres de la Hermana Herminia: <em>El mel\u00f3n que quer\u00eda comerse un mel\u00f3n entero<\/em>. Hay otras desapariciones notorias como <em>La puta cerillera en este cuento no muere<\/em> o <em>Caperucita Roja<\/em> (que acab\u00f3 como documento fundacional de un partido comunista, quiz\u00e1 Herminia lo vendi\u00f3 y perdiera los derechos sobre \u00e9l). Otras eliminaciones como <em>El aprendiz de vago<\/em>* o <em>Alicia en el Pa\u00eds de las Pesadillas**<\/em> son mucho m\u00e1s obvias y entendemos el criterio del editor.<\/p>\n<p>Dejando atr\u00e1s estos peque\u00f1os detalles, ahora podemos volver a disfrutar de las historias con las que crecimos y, mejor todav\u00eda, contralas a generaciones futuras, aunque no sean descendencia nuestra y tengamos que raptarles. Seguramente esto traer\u00e1 una necesaria nueva generaci\u00f3n de amantes de estos cuentos y, sobre todo, un <strong>redescubrimiento de uno de los m\u00e1s importantes hitos literarios<\/strong>.<\/p>\n<p>Pero posiblemente te estar\u00e1s preguntando que tipo de cuentos trajo Herminia a la palestra. Herminia se alej\u00f3 de cursiladas como <em>Cuentos pol\u00edticamente correctos <\/em>y se acerc\u00f3 m\u00e1s al cl\u00e1sico <em>Cuentos por tel\u00e9fono.<\/em>.. d\u00e1ndole a todo un estilo propio, bastante punk. Mor\u00e1n elimina el debate que exist\u00eda entre los eruditos: <strong>\u00bfse podr\u00eda publicar a Hermina hoy en d\u00eda? <\/strong>Seguramente no, pero Sergio lo ha hecho.<\/p>\n<p><a href=\"https:\/\/www.elcornetin.es\/blog\/wp-content\/uploads\/2022\/08\/Herm-02-894x1200.jpg\" target=\"_blank\" rel=\"noopener\"><img decoding=\"async\" class=\"alignright wp-image-19041 lazyload\" data-src=\"https:\/\/www.elcornetin.es\/blog\/wp-content\/uploads\/2022\/08\/Herm-02-894x1200.jpg\" alt=\"\" width=\"300\" height=\"403\" data-srcset=\"https:\/\/www.elcornetin.es\/blog\/wp-content\/uploads\/2022\/08\/Herm-02-894x1200.jpg 894w, https:\/\/www.elcornetin.es\/blog\/wp-content\/uploads\/2022\/08\/Herm-02-224x300.jpg 224w, https:\/\/www.elcornetin.es\/blog\/wp-content\/uploads\/2022\/08\/Herm-02-768x1031.jpg 768w, https:\/\/www.elcornetin.es\/blog\/wp-content\/uploads\/2022\/08\/Herm-02-763x1024.jpg 763w, https:\/\/www.elcornetin.es\/blog\/wp-content\/uploads\/2022\/08\/Herm-02-150x201.jpg 150w, https:\/\/www.elcornetin.es\/blog\/wp-content\/uploads\/2022\/08\/Herm-02-373x500.jpg 373w\" data-sizes=\"(max-width: 300px) 100vw, 300px\" src=\"data:image\/svg+xml;base64,PHN2ZyB3aWR0aD0iMSIgaGVpZ2h0PSIxIiB4bWxucz0iaHR0cDovL3d3dy53My5vcmcvMjAwMC9zdmciPjwvc3ZnPg==\" style=\"--smush-placeholder-width: 300px; --smush-placeholder-aspect-ratio: 300\/403;\" \/><\/a><a href=\"https:\/\/www.elcornetin.es\/blog\/wp-content\/uploads\/2022\/08\/Herm-01-740x900.jpg\" target=\"_blank\" rel=\"noopener\"><img decoding=\"async\" class=\"alignleft wp-image-19040 lazyload\" data-src=\"https:\/\/www.elcornetin.es\/blog\/wp-content\/uploads\/2022\/08\/Herm-01-740x900.jpg\" alt=\"\" width=\"300\" height=\"365\" data-srcset=\"https:\/\/www.elcornetin.es\/blog\/wp-content\/uploads\/2022\/08\/Herm-01-740x900.jpg 740w, https:\/\/www.elcornetin.es\/blog\/wp-content\/uploads\/2022\/08\/Herm-01-247x300.jpg 247w, https:\/\/www.elcornetin.es\/blog\/wp-content\/uploads\/2022\/08\/Herm-01-150x182.jpg 150w, https:\/\/www.elcornetin.es\/blog\/wp-content\/uploads\/2022\/08\/Herm-01-411x500.jpg 411w\" data-sizes=\"(max-width: 300px) 100vw, 300px\" src=\"data:image\/svg+xml;base64,PHN2ZyB3aWR0aD0iMSIgaGVpZ2h0PSIxIiB4bWxucz0iaHR0cDovL3d3dy53My5vcmcvMjAwMC9zdmciPjwvc3ZnPg==\" style=\"--smush-placeholder-width: 300px; --smush-placeholder-aspect-ratio: 300\/365;\" \/><\/a><\/p>\n<p>&nbsp;<\/p>\n<p>&nbsp;<\/p>\n<p>&nbsp;<\/p>\n<p>&nbsp;<\/p>\n<p>&nbsp;<\/p>\n<p>&nbsp;<\/p>\n<p>&nbsp;<\/p>\n<p>&nbsp;<\/p>\n<p>&nbsp;<\/p>\n<p>As\u00ed podemos devolver a nuestras estanter\u00edas lo que ser\u00eda nuestra <em>Una serie de catastr\u00f3ficas desdichas <\/em>particular, pero eliminando de ra\u00edz todo el rollo burgu\u00e9s y sobreexplicativo del cl\u00e1sico de Lemony Snicket. <em>Las historias de la Hermana Herminia<\/em> tendr\u00e1 as\u00ed el lugar que se merece, en mi caso entre <em>Vuitanta-sis\u00a0contes <\/em>de Monz\u00f3 y el <em>Cuentos completos<\/em> de Cortazar.<\/p>\n<p>&nbsp;<\/p>\n<p>&nbsp;<\/p>\n<p>*<em>El aprendiz de vago<\/em> fue un cuento que Herminia escribi\u00f3 justo despu\u00e9s de ver una pel\u00edcula. En el cuento un rat\u00f3n, muy vago, decide usar la magia para limpiar un castillo. Al final del cuento el rat\u00f3n mata a un rey llamado Walt. Disney demand\u00f3 a la Hermana.<\/p>\n<p>**<em>Alicia en el Pa\u00eds de las Pesadillas<\/em> es el cuento que Herminia p\u00fablico tras un <em>mal viaje<\/em>.<\/p>\n","protected":false},"excerpt":{"rendered":"<p>Durante demasiados a\u00f1os los amantes de los cuentos de la Hermana Heminia hemos vivido bajo un paraguas de oscurantismo. Es cierto que somos&#8230;<\/p>\n","protected":false},"author":14,"featured_media":19039,"comment_status":"open","ping_status":"open","sticky":false,"template":"","format":"standard","meta":{"rop_custom_images_group":[],"rop_custom_messages_group":[],"rop_publish_now":"initial","rop_publish_now_accounts":{"facebook_965112277219911_1711957949078873":"","twitter_719274304828010500_719274304828010500":""},"rop_publish_now_history":[],"rop_publish_now_status":"pending","rating_form_position":"","rating_results_position":"","mr_structured_data_type":"","footnotes":""},"categories":[19,481],"tags":[2698],"class_list":["post-19026","post","type-post","status-publish","format-standard","has-post-thumbnail","hentry","category-humor","category-literatura","tag-moran"],"aioseo_notices":[],"multi-rating":{"mr_rating_results":[{"adjusted_star_result":0,"star_result":0,"total_max_option_value":5,"adjusted_score_result":0,"score_result":0,"percentage_result":0,"adjusted_percentage_result":0,"count":0,"post_id":19026}]},"_links":{"self":[{"href":"https:\/\/www.elcornetin.es\/blog\/wp-json\/wp\/v2\/posts\/19026","targetHints":{"allow":["GET"]}}],"collection":[{"href":"https:\/\/www.elcornetin.es\/blog\/wp-json\/wp\/v2\/posts"}],"about":[{"href":"https:\/\/www.elcornetin.es\/blog\/wp-json\/wp\/v2\/types\/post"}],"author":[{"embeddable":true,"href":"https:\/\/www.elcornetin.es\/blog\/wp-json\/wp\/v2\/users\/14"}],"replies":[{"embeddable":true,"href":"https:\/\/www.elcornetin.es\/blog\/wp-json\/wp\/v2\/comments?post=19026"}],"version-history":[{"count":19,"href":"https:\/\/www.elcornetin.es\/blog\/wp-json\/wp\/v2\/posts\/19026\/revisions"}],"predecessor-version":[{"id":19090,"href":"https:\/\/www.elcornetin.es\/blog\/wp-json\/wp\/v2\/posts\/19026\/revisions\/19090"}],"wp:featuredmedia":[{"embeddable":true,"href":"https:\/\/www.elcornetin.es\/blog\/wp-json\/wp\/v2\/media\/19039"}],"wp:attachment":[{"href":"https:\/\/www.elcornetin.es\/blog\/wp-json\/wp\/v2\/media?parent=19026"}],"wp:term":[{"taxonomy":"category","embeddable":true,"href":"https:\/\/www.elcornetin.es\/blog\/wp-json\/wp\/v2\/categories?post=19026"},{"taxonomy":"post_tag","embeddable":true,"href":"https:\/\/www.elcornetin.es\/blog\/wp-json\/wp\/v2\/tags?post=19026"}],"curies":[{"name":"wp","href":"https:\/\/api.w.org\/{rel}","templated":true}]}}