{"id":19485,"date":"2022-12-19T07:59:47","date_gmt":"2022-12-19T06:59:47","guid":{"rendered":"https:\/\/www.elcornetin.es\/blog\/?p=19485"},"modified":"2022-12-19T07:59:47","modified_gmt":"2022-12-19T06:59:47","slug":"especial-que-ver-en-navidad-parte-ii","status":"publish","type":"post","link":"https:\/\/www.elcornetin.es\/blog\/cine-tv\/especial-que-ver-en-navidad-parte-ii\/","title":{"rendered":"[Especial] Que ver en Navidad, Parte II"},"content":{"rendered":"<p style=\"text-align: justify;\"><span style=\"font-family: arial, helvetica, sans-serif;\">Llega Navidad y nuestras pantallas se llenar\u00e1n de pelis entra\u00f1ables como desde La Gran Familia y Que bello es vivir hasta E.T. \u2013 pel\u00edcula que echan siempre en estas fechas sin ninguna relaci\u00f3n- o el ultimo remake de Cuento de Navidad.<\/span><\/p>\n<p style=\"text-align: justify;\"><span style=\"font-family: arial, helvetica, sans-serif;\">Todas ellas buenas y maravillosas, pero la Navidad tambi\u00e9n ha inspirado<strong> otras versiones menos edulcoradas<\/strong> y quiz\u00e1s la \u201cyaya\u201d Ines agradezca ver algo nuevo. Aqu\u00ed os dejamos<strong> nuestra selecci\u00f3n, de pelis (y serie) alternativas para ver en Navidad 2022<\/strong>.<\/span><\/p>\n<p style=\"text-align: justify;\"><span style=\"font-family: arial, helvetica, sans-serif;\"><!--more--><\/span><\/p>\n<h2 style=\"text-align: justify;\"><span style=\"font-family: arial, helvetica, sans-serif;\">El d\u00eda de la bestia (1995)<\/span><\/h2>\n<p style=\"text-align: justify;\"><span style=\"font-family: arial, helvetica, sans-serif;\"><a href=\"https:\/\/www.elcornetin.es\/blog\/wp-content\/uploads\/2022\/12\/destacadaDiaBestia.png\" target=\"_blank\" rel=\"noopener\"><img decoding=\"async\" class=\"aligncenter wp-image-19493 size-full lazyload\" data-src=\"https:\/\/www.elcornetin.es\/blog\/wp-content\/uploads\/2022\/12\/destacadaDiaBestia.png\" alt=\"\" width=\"1084\" height=\"652\" data-srcset=\"https:\/\/www.elcornetin.es\/blog\/wp-content\/uploads\/2022\/12\/destacadaDiaBestia.png 1084w, https:\/\/www.elcornetin.es\/blog\/wp-content\/uploads\/2022\/12\/destacadaDiaBestia-300x180.png 300w, https:\/\/www.elcornetin.es\/blog\/wp-content\/uploads\/2022\/12\/destacadaDiaBestia-768x462.png 768w, https:\/\/www.elcornetin.es\/blog\/wp-content\/uploads\/2022\/12\/destacadaDiaBestia-1024x616.png 1024w, https:\/\/www.elcornetin.es\/blog\/wp-content\/uploads\/2022\/12\/destacadaDiaBestia-150x90.png 150w, https:\/\/www.elcornetin.es\/blog\/wp-content\/uploads\/2022\/12\/destacadaDiaBestia-500x301.png 500w\" data-sizes=\"(max-width: 1084px) 100vw, 1084px\" src=\"data:image\/svg+xml;base64,PHN2ZyB3aWR0aD0iMSIgaGVpZ2h0PSIxIiB4bWxucz0iaHR0cDovL3d3dy53My5vcmcvMjAwMC9zdmciPjwvc3ZnPg==\" style=\"--smush-placeholder-width: 1084px; --smush-placeholder-aspect-ratio: 1084\/652;\" \/><\/a><\/span><\/p>\n<p style=\"text-align: justify;\"><span style=\"font-family: arial, helvetica, sans-serif;\"><strong>\u00c1ngel Berriat\u00faa, sacerdote vasco<\/strong> del Santuario de Ar\u00e1nzazu, cree haber encontrado el mensaje secreto del Apocalipsis: <strong>el Anticristo nacer\u00e1 el 25 de diciembre de 1995 en Madrid.<\/strong><\/span><\/p>\n<p style=\"text-align: justify;\"><span style=\"font-family: arial, helvetica, sans-serif;\">Convencido de impedir este nacimiento sat\u00e1nico, el cura se traslada a la capital en la v\u00edspera de Navidad, donde<strong> conoce a Jos\u00e9 Mar\u00eda , aficionado al death metal<\/strong> y al que convence para unirse a su cruzada.<\/span><\/p>\n<p style=\"text-align: justify;\"><span style=\"font-family: arial, helvetica, sans-serif;\">Frustrados por no poder contactar con el maligno, la pareja contacta a un famoso presentador de un programa de ciencias ocultas, <strong>el profesor Cavan, convencidos de que este tiene la clave para encontrar al Diablo<\/strong>. Este trio se enfrentara al mism\u00edsimo diablo para evitar el apocalipsis y salvarnos a todos<\/span><\/p>\n<p style=\"text-align: justify;\"><span style=\"font-family: arial, helvetica, sans-serif;\"><strong><em>El d\u00eda de la bestia<\/em> supuso la consagraci\u00f3n oficial de Alex de la Iglesia<\/strong>, que gano el Goya al mejor director, y el comienzo de lo que se conoce como \u201cla reinvenci\u00f3n\u201d del cine espa\u00f1ol. <strong>Violenta, acida y gamberr<\/strong>a, la pel\u00edcula se convirti\u00f3 de inmediato en un cl\u00e1sico del cine espa\u00f1ol, que ha tenido n\u00fameros an\u00e1lisis desde su estreno.<\/span><\/p>\n<p style=\"text-align: justify;\"><span style=\"font-family: arial, helvetica, sans-serif;\"><strong>La Frase:<\/strong> \u201cSoy sat\u00e1nico y de Carabanchel\u201d<\/span><\/p>\n<p style=\"text-align: justify;\"><span style=\"font-family: arial, helvetica, sans-serif;\"><strong>Curiosidad:<\/strong> El actor Wesley Snipes durante un viaje en avi\u00f3n qued\u00f3 impresionado durante el visionado de la pelicula, tanto que decidi\u00f3 contactar con Santiago Segura y proponerle el cameo en &#8216;Blade II&#8217;.<\/span><\/p>\n<p style=\"text-align: justify;\"><span style=\"font-family: arial, helvetica, sans-serif;\"><strong>Se puede ver en:<\/strong> Amazon Prime<\/span><\/p>\n<h2 style=\"text-align: justify;\"><span style=\"font-family: arial, helvetica, sans-serif;\">D\u00edas Extra\u00f1os (1995)<\/span><\/h2>\n<p><a href=\"https:\/\/www.elcornetin.es\/blog\/wp-content\/uploads\/2022\/12\/destacadaDiasExtranos.png\" target=\"_blank\" rel=\"noopener\"><img decoding=\"async\" class=\"aligncenter wp-image-19495 size-full lazyload\" data-src=\"https:\/\/www.elcornetin.es\/blog\/wp-content\/uploads\/2022\/12\/destacadaDiasExtranos.png\" alt=\"\" width=\"1084\" height=\"652\" data-srcset=\"https:\/\/www.elcornetin.es\/blog\/wp-content\/uploads\/2022\/12\/destacadaDiasExtranos.png 1084w, https:\/\/www.elcornetin.es\/blog\/wp-content\/uploads\/2022\/12\/destacadaDiasExtranos-300x180.png 300w, https:\/\/www.elcornetin.es\/blog\/wp-content\/uploads\/2022\/12\/destacadaDiasExtranos-768x462.png 768w, https:\/\/www.elcornetin.es\/blog\/wp-content\/uploads\/2022\/12\/destacadaDiasExtranos-1024x616.png 1024w, https:\/\/www.elcornetin.es\/blog\/wp-content\/uploads\/2022\/12\/destacadaDiasExtranos-150x90.png 150w, https:\/\/www.elcornetin.es\/blog\/wp-content\/uploads\/2022\/12\/destacadaDiasExtranos-500x301.png 500w\" data-sizes=\"(max-width: 1084px) 100vw, 1084px\" src=\"data:image\/svg+xml;base64,PHN2ZyB3aWR0aD0iMSIgaGVpZ2h0PSIxIiB4bWxucz0iaHR0cDovL3d3dy53My5vcmcvMjAwMC9zdmciPjwvc3ZnPg==\" style=\"--smush-placeholder-width: 1084px; --smush-placeholder-aspect-ratio: 1084\/652;\" \/><\/a><\/p>\n<p style=\"text-align: justify;\"><span style=\"font-family: arial, helvetica, sans-serif;\">A dos d\u00edas del fin de a\u00f1o del 1999 <strong>las calles de Los \u00c1ngeles<\/strong> <strong>es una mezcla de caos<\/strong> por la fiesta del milenio y las protestas de una sociedad al borde del colapso. <strong>Lenny aprovecha estos d\u00edas para hacer negoci<\/strong>o con sus discos de <em>SQUID<\/em>, que permiten revivir las experiencias y sensaci\u00f3n almacenados en ellos.<\/span><\/p>\n<p style=\"text-align: justify;\"><span style=\"font-family: arial, helvetica, sans-serif;\">Cuando recibe la grabaci\u00f3n donde se \u201crevive\u201d <strong>el asesinato de<\/strong> <strong>Jeriko, un rapero elevado a l\u00edder social<\/strong>, la informaci\u00f3n que posee le ponen en el punto de mira de los poderosos y amenaza con hacer estallar unas calles repletas.<\/span><\/p>\n<p style=\"text-align: justify;\"><span style=\"font-family: arial, helvetica, sans-serif;\"><strong><em>D\u00edas extra\u00f1os<\/em> es una pel\u00edcula con fuertes influencias de finales de los 90s<\/strong>. Elementos como el <strong>miedo al cambio del milenio<\/strong> en el 2000 o los <strong>disturbios raciales<\/strong> de 1992 en Los \u00c1ngeles tras la <strong>paliza policial a Rodney King<\/strong>, impregnan toda la pel\u00edcula, a\u00fan vigente en nuestros d\u00edas. Por su parte <strong>Kathryn Bigelow dirigi\u00f3 un thriller repleto de acci\u00f3n<\/strong> que la consagr\u00f3 como una de las mejores directoras de cine de Hollywood.<\/span><\/p>\n<p style=\"text-align: justify;\"><span style=\"font-family: arial, helvetica, sans-serif;\"><strong>La Frase:<\/strong> \u201cSe han usado todas las formas de gobierno, se ha inventado todo tipo de m\u00fasica, de peinados, los sabores de los chicles&#8230; \u00bfQu\u00e9 vamos a hacer durante otros 2.000 a\u00f1os?&#8230; hemos acabado con todo. Te lo digo yo Lenny, se acab\u00f3\u201d<\/span><\/p>\n<p style=\"text-align: justify;\"><span style=\"font-family: arial, helvetica, sans-serif;\"><strong>Curiosidad:<\/strong> En una escena, Mace (Angela Bassett) le dice a Lenny (Ralph Fiennes) en medio de un di\u00e1logo \u00abRight here, right now\u00bb. De aqu\u00ed sac\u00f3 Fatboy Slim el sample de sonido para la canci\u00f3n del mismo t\u00edtulo.<\/span><\/p>\n<p style=\"text-align: justify;\"><span style=\"font-family: arial, helvetica, sans-serif;\"><strong>Se puede ver en:<\/strong> Formato f\u00edsico, no disponible en plataformas<\/span><\/p>\n<h2 style=\"text-align: justify;\"><span style=\"font-family: arial, helvetica, sans-serif;\">Tokio Godfathers (2005)<\/span><\/h2>\n<p><a href=\"https:\/\/www.elcornetin.es\/blog\/wp-content\/uploads\/2022\/12\/destacadaTokyo.png\" target=\"_blank\" rel=\"noopener\"><img decoding=\"async\" class=\"aligncenter wp-image-19497 size-full lazyload\" data-src=\"https:\/\/www.elcornetin.es\/blog\/wp-content\/uploads\/2022\/12\/destacadaTokyo.png\" alt=\"\" width=\"1084\" height=\"652\" data-srcset=\"https:\/\/www.elcornetin.es\/blog\/wp-content\/uploads\/2022\/12\/destacadaTokyo.png 1084w, https:\/\/www.elcornetin.es\/blog\/wp-content\/uploads\/2022\/12\/destacadaTokyo-300x180.png 300w, https:\/\/www.elcornetin.es\/blog\/wp-content\/uploads\/2022\/12\/destacadaTokyo-768x462.png 768w, https:\/\/www.elcornetin.es\/blog\/wp-content\/uploads\/2022\/12\/destacadaTokyo-1024x616.png 1024w, https:\/\/www.elcornetin.es\/blog\/wp-content\/uploads\/2022\/12\/destacadaTokyo-150x90.png 150w, https:\/\/www.elcornetin.es\/blog\/wp-content\/uploads\/2022\/12\/destacadaTokyo-500x301.png 500w\" data-sizes=\"(max-width: 1084px) 100vw, 1084px\" src=\"data:image\/svg+xml;base64,PHN2ZyB3aWR0aD0iMSIgaGVpZ2h0PSIxIiB4bWxucz0iaHR0cDovL3d3dy53My5vcmcvMjAwMC9zdmciPjwvc3ZnPg==\" style=\"--smush-placeholder-width: 1084px; --smush-placeholder-aspect-ratio: 1084\/652;\" \/><\/a><\/p>\n<p style=\"text-align: justify;\"><span style=\"font-family: arial, helvetica, sans-serif;\"><strong>En la v\u00edspera de Navidad Gin<\/strong> &#8211; un alcoh\u00f3lico de mediana edad -, <strong>Hana<\/strong> &#8211; un travesti y antiguo drag queen \u2013 <strong>y Miyuki<\/strong> \u2013 una joven fugitiva \u2013 recorren sin rumbo las calles de Shijuku. Entre un mont\u00f3n de basura <strong>escuchan los lloros de un bebe.<\/strong><\/span><\/p>\n<p style=\"text-align: justify;\"><span style=\"font-family: arial, helvetica, sans-serif;\">Decididos a encontrar a los padres del bebe, los tres protagonistas recorren las calles de Tokio buscando pistas. La aventura para <strong>encontrar a su familia revelar\u00e1 el pasado de los tres personajes<\/strong>.<\/span><\/p>\n<p style=\"text-align: justify;\"><span style=\"font-family: arial, helvetica, sans-serif;\">Tokio Godfathers es una pel\u00edcula cl\u00e1sica de navidad. Una tragicomedia que mezcla los dramas personales, con un sinf\u00edn de situaciones irreales y con gran sentido de humor, cuyo final te reconcilia con el mundo. Una bonita fabula navide\u00f1a de aquellos que no tienen nada y lo dan todo, que entretiene, divierte y hace reflexionar.<\/span><\/p>\n<p style=\"text-align: justify;\"><span style=\"font-family: arial, helvetica, sans-serif;\"><strong>La Frase:<\/strong> \u201c\u00a1Esto es un regalo navide\u00f1o de Dios! \u00a1Es nuestro beb\u00e9!\u201d<\/span><\/p>\n<p style=\"text-align: justify;\"><span style=\"font-family: arial, helvetica, sans-serif;\"><strong>Curiosidad:<\/strong> Al principio de la pel\u00edcula se puede ver en segundo plano en una parada de autob\u00fas los carteles cinematogr\u00e1ficos de Perfect Blue y Sennen Joyu, las dos pel\u00edculas previamente dirigidas por Satoshi Kon<strong>.<\/strong><\/span><\/p>\n<p style=\"text-align: justify;\"><span style=\"font-family: arial, helvetica, sans-serif;\"><strong>Se poder ver en:<\/strong> Filmin<\/span><\/p>\n<h2 style=\"text-align: justify;\"><span style=\"font-family: arial, helvetica, sans-serif;\">El malvado zorro feroz (2017)<\/span><\/h2>\n<p><a href=\"https:\/\/www.elcornetin.es\/blog\/wp-content\/uploads\/2022\/12\/destacadaZorro.png\" target=\"_blank\" rel=\"noopener\"><img decoding=\"async\" class=\"aligncenter wp-image-19498 size-full lazyload\" data-src=\"https:\/\/www.elcornetin.es\/blog\/wp-content\/uploads\/2022\/12\/destacadaZorro.png\" alt=\"\" width=\"1084\" height=\"652\" data-srcset=\"https:\/\/www.elcornetin.es\/blog\/wp-content\/uploads\/2022\/12\/destacadaZorro.png 1084w, https:\/\/www.elcornetin.es\/blog\/wp-content\/uploads\/2022\/12\/destacadaZorro-300x180.png 300w, https:\/\/www.elcornetin.es\/blog\/wp-content\/uploads\/2022\/12\/destacadaZorro-768x462.png 768w, https:\/\/www.elcornetin.es\/blog\/wp-content\/uploads\/2022\/12\/destacadaZorro-1024x616.png 1024w, https:\/\/www.elcornetin.es\/blog\/wp-content\/uploads\/2022\/12\/destacadaZorro-150x90.png 150w, https:\/\/www.elcornetin.es\/blog\/wp-content\/uploads\/2022\/12\/destacadaZorro-500x301.png 500w\" data-sizes=\"(max-width: 1084px) 100vw, 1084px\" src=\"data:image\/svg+xml;base64,PHN2ZyB3aWR0aD0iMSIgaGVpZ2h0PSIxIiB4bWxucz0iaHR0cDovL3d3dy53My5vcmcvMjAwMC9zdmciPjwvc3ZnPg==\" style=\"--smush-placeholder-width: 1084px; --smush-placeholder-aspect-ratio: 1084\/652;\" \/><\/a><\/p>\n<p style=\"text-align: justify;\"><span style=\"font-family: arial, helvetica, sans-serif;\">La campi\u00f1a francesa, un lugar buc\u00f3lico y tranquilo para pasar estas fechas apartados del ritmo de la gran ciudad y estar en compa\u00f1\u00eda de tus seres queridos, \u00bfverdad? Pues as\u00ed seria si<strong> un zorro no hubiera sentido de golpe la llamada de la paternidad<\/strong> con tres pollitos, a <strong>un conejo no le diera por creerse una cig\u00fce\u00f1a<\/strong> y <strong>un pato no intentara \u201csalvar\u201d la Navidad de manera desastrosa<\/strong>.<\/span><\/p>\n<p style=\"text-align: justify;\"><span style=\"font-family: arial, helvetica, sans-serif;\"><em>El malvado zorro feroz<\/em>, es una<strong> comedia animada que engloba tres de las historias<\/strong> de los personajes de Benjamin Renner. Aunque el c\u00f3mic si tuvo bastante \u00e9xito, la pel\u00edcula paso desapercibida en nuestro pa\u00eds, siendo \u00e9xito de taquilla en Francia.<\/span><\/p>\n<p style=\"text-align: justify;\"><span style=\"font-family: arial, helvetica, sans-serif;\"><strong>Humor familiar en tono de Looney Tunes<\/strong>, con un buen fondo y que sabe hacerte pasar un buen rato.<\/span><\/p>\n<p style=\"text-align: justify;\"><span style=\"font-family: arial, helvetica, sans-serif;\"><strong>La Frase:<\/strong> \u201c\u00bfY si a partir de ahora nos hacemos unos adultos responsables?\u201d<\/span><\/p>\n<p style=\"text-align: justify;\"><span style=\"font-family: arial, helvetica, sans-serif;\"><strong>Curiosidad:<\/strong> Durante la historia de Navidad se puede una decoraci\u00f3n de Mi Vecino Totoro cuando el perro est\u00e1 rebuscando en su caja.<\/span><\/p>\n<p style=\"text-align: justify;\"><span style=\"font-family: arial, helvetica, sans-serif;\"><strong>Se puede ver en:<\/strong> HBO Max<\/span><\/p>\n<h2 style=\"text-align: justify;\"><span style=\"font-family: arial, helvetica, sans-serif;\">Ojos de Halc\u00f3n, la serie (2022)<\/span><\/h2>\n<p><a href=\"https:\/\/www.elcornetin.es\/blog\/wp-content\/uploads\/2022\/12\/destacadaOjoHalcon.png\" target=\"_blank\" rel=\"noopener\"><img decoding=\"async\" class=\"aligncenter wp-image-19499 size-full lazyload\" data-src=\"https:\/\/www.elcornetin.es\/blog\/wp-content\/uploads\/2022\/12\/destacadaOjoHalcon.png\" alt=\"\" width=\"1084\" height=\"652\" data-srcset=\"https:\/\/www.elcornetin.es\/blog\/wp-content\/uploads\/2022\/12\/destacadaOjoHalcon.png 1084w, https:\/\/www.elcornetin.es\/blog\/wp-content\/uploads\/2022\/12\/destacadaOjoHalcon-300x180.png 300w, https:\/\/www.elcornetin.es\/blog\/wp-content\/uploads\/2022\/12\/destacadaOjoHalcon-768x462.png 768w, https:\/\/www.elcornetin.es\/blog\/wp-content\/uploads\/2022\/12\/destacadaOjoHalcon-1024x616.png 1024w, https:\/\/www.elcornetin.es\/blog\/wp-content\/uploads\/2022\/12\/destacadaOjoHalcon-150x90.png 150w, https:\/\/www.elcornetin.es\/blog\/wp-content\/uploads\/2022\/12\/destacadaOjoHalcon-500x301.png 500w\" data-sizes=\"(max-width: 1084px) 100vw, 1084px\" src=\"data:image\/svg+xml;base64,PHN2ZyB3aWR0aD0iMSIgaGVpZ2h0PSIxIiB4bWxucz0iaHR0cDovL3d3dy53My5vcmcvMjAwMC9zdmciPjwvc3ZnPg==\" style=\"--smush-placeholder-width: 1084px; --smush-placeholder-aspect-ratio: 1084\/652;\" \/><\/a><\/p>\n<p style=\"text-align: justify;\"><span style=\"font-family: arial, helvetica, sans-serif;\">Tras los sucesos de Avengers: End Game,<strong> Clint Barton vive una vida tranquila con su familia<\/strong>. Ha dejado atr\u00e1s su vida como vengador y disfruta de unos d\u00edas en Nueva York antes de Navidad. Hasta que las noticias de <strong>un robo frustrado en una subasta en Nueva York estropean sus vacaciones<\/strong>.<\/span><\/p>\n<p style=\"text-align: justify;\"><span style=\"font-family: arial, helvetica, sans-serif;\">A pocos d\u00edas de Nochebuena <strong>debe evitar que su pasado como Ronin amenace con destruir algo m\u00e1s que el esp\u00edritu navide\u00f1o<\/strong>. \u00a0Pero no se encontrar\u00e1 solo, <strong>cuenta con Kate Bishop, una arquera de 22 a\u00f1os<\/strong> que sue\u00f1a con un d\u00eda en convertirse en una super hero\u00edna y que es su mayor fan.<\/span><\/p>\n<p style=\"text-align: justify;\"><span style=\"font-family: arial, helvetica, sans-serif;\"><strong><em>Ojo de Halc\u00f3n<\/em><\/strong> <strong>es sin duda la mejor adaptaci\u00f3n de dos personajes diametralmente distintos, pero que se complementan de alguna manera<\/strong>. Muy influenciada por la \u00e9poca de Matt Fraction y David Aja, es la <strong>t\u00edpica historia de un hombre que solo quiere volver a casa por Navidad<\/strong>, pero que su \u201ctrabajo\u201d se lo impide de alguna manera. Con aires a La Jungla de Cristal &#8211; que ya comentamos en su momento \u2013 es sin duda una de las mejores series de la Fase 4 de Marvel.<\/span><\/p>\n<p style=\"text-align: justify;\"><span style=\"font-family: arial, helvetica, sans-serif;\"><strong>La Frase:<\/strong> \u201cKate Bishop &#8211; \u00bfNo es un engorro ir siempre con el arco por ah\u00ed? \u2013 Clint Barton \u2013 El m\u00edo plegable\u201d<\/span><\/p>\n<p style=\"text-align: justify;\"><span style=\"font-family: arial, helvetica, sans-serif;\"><strong>Curiosidad:<\/strong> En un momento de la serie podemos ver a Clint Barton con un aud\u00edfono. Aunque en la serie se da a entender que es debida a toda una vida como vengador, en los c\u00f3mics ha sido parte del canon desde 1983.<\/span><\/p>\n<p style=\"text-align: justify;\"><span style=\"font-family: arial, helvetica, sans-serif;\"><strong>Se puede ver en:<\/strong> Disney+<\/span><\/p>\n","protected":false},"excerpt":{"rendered":"<p>Llega Navidad y nuestras pantallas se llenar\u00e1n de pelis entra\u00f1ables como desde La Gran Familia y Que bello es vivir hasta E.T. \u2013&#8230;<\/p>\n","protected":false},"author":5,"featured_media":19492,"comment_status":"open","ping_status":"open","sticky":false,"template":"","format":"standard","meta":{"rop_custom_images_group":[],"rop_custom_messages_group":[],"rop_publish_now":"initial","rop_publish_now_accounts":{"facebook_965112277219911_1711957949078873":"","twitter_719274304828010500_719274304828010500":""},"rop_publish_now_history":[],"rop_publish_now_status":"pending","rating_form_position":"","rating_results_position":"","mr_structured_data_type":"","footnotes":""},"categories":[4],"tags":[],"class_list":["post-19485","post","type-post","status-publish","format-standard","has-post-thumbnail","hentry","category-cine-tv"],"aioseo_notices":[],"multi-rating":{"mr_rating_results":[{"adjusted_star_result":5,"star_result":5,"total_max_option_value":5,"adjusted_score_result":5,"score_result":5,"percentage_result":100,"adjusted_percentage_result":100,"count":1,"post_id":19485}]},"_links":{"self":[{"href":"https:\/\/www.elcornetin.es\/blog\/wp-json\/wp\/v2\/posts\/19485","targetHints":{"allow":["GET"]}}],"collection":[{"href":"https:\/\/www.elcornetin.es\/blog\/wp-json\/wp\/v2\/posts"}],"about":[{"href":"https:\/\/www.elcornetin.es\/blog\/wp-json\/wp\/v2\/types\/post"}],"author":[{"embeddable":true,"href":"https:\/\/www.elcornetin.es\/blog\/wp-json\/wp\/v2\/users\/5"}],"replies":[{"embeddable":true,"href":"https:\/\/www.elcornetin.es\/blog\/wp-json\/wp\/v2\/comments?post=19485"}],"version-history":[{"count":5,"href":"https:\/\/www.elcornetin.es\/blog\/wp-json\/wp\/v2\/posts\/19485\/revisions"}],"predecessor-version":[{"id":19501,"href":"https:\/\/www.elcornetin.es\/blog\/wp-json\/wp\/v2\/posts\/19485\/revisions\/19501"}],"wp:featuredmedia":[{"embeddable":true,"href":"https:\/\/www.elcornetin.es\/blog\/wp-json\/wp\/v2\/media\/19492"}],"wp:attachment":[{"href":"https:\/\/www.elcornetin.es\/blog\/wp-json\/wp\/v2\/media?parent=19485"}],"wp:term":[{"taxonomy":"category","embeddable":true,"href":"https:\/\/www.elcornetin.es\/blog\/wp-json\/wp\/v2\/categories?post=19485"},{"taxonomy":"post_tag","embeddable":true,"href":"https:\/\/www.elcornetin.es\/blog\/wp-json\/wp\/v2\/tags?post=19485"}],"curies":[{"name":"wp","href":"https:\/\/api.w.org\/{rel}","templated":true}]}}