{"id":20071,"date":"2023-05-29T08:00:58","date_gmt":"2023-05-29T06:00:58","guid":{"rendered":"https:\/\/www.elcornetin.es\/blog\/?p=20071"},"modified":"2023-06-28T07:15:44","modified_gmt":"2023-06-28T05:15:44","slug":"podcast-76-cascaborra-y-el-comic-historico","status":"publish","type":"post","link":"https:\/\/www.elcornetin.es\/blog\/rol\/podcast-76-cascaborra-y-el-comic-historico\/","title":{"rendered":"Podcast #76: Cascaborra y el C\u00f3mic Hist\u00f3rico"},"content":{"rendered":"<p><span style=\"font-family: arial, helvetica, sans-serif;\">Hace unos a\u00f1os era muy com\u00fan que la editoriales tuvieran una colecci\u00f3n con una marcada l\u00ednea hist\u00f3rica. C\u00f3mics que acercaban la historia a lectores, haci\u00e9ndola m\u00e1s asequible y f\u00e1cil. Ninguna editorial se arriesga con este formato, m\u00e1s all\u00e1 de biograf\u00edas ilustres e historias enmarcadas en un contexto hist\u00f3rico determinado.<\/span><\/p>\n<p><span style=\"font-family: arial, helvetica, sans-serif;\">Cascaborra es una editorial que ha tomado el relevo con los t\u00edtulos hist\u00f3ricos, con la historia de Espa\u00f1a como motor de su publicaci\u00f3n.<\/span><\/p>\n<p><span style=\"font-family: arial, helvetica, sans-serif;\">En este podcast hemos tenido el honor el honor de poder charlar con Juli\u00e1n Olivares Dengra, sobre el origen de la editorial y su funcionamiento y contaros de primera mano como funciona Cascaborra Ediciones.<\/span><\/p>\n<p><!--more--><\/p>\n<p><iframe data-src=\"https:\/\/www.ivoox.com\/player_ej_109134334_6_1.html?c1=848482\" width=\"100%\" height=\"200\" frameborder=\"0\" scrolling=\"no\" allowfullscreen=\"allowfullscreen\" src=\"data:image\/svg+xml;base64,PHN2ZyB3aWR0aD0iMSIgaGVpZ2h0PSIxIiB4bWxucz0iaHR0cDovL3d3dy53My5vcmcvMjAwMC9zdmciPjwvc3ZnPg==\" class=\"lazyload\" data-load-mode=\"1\"><\/iframe><\/p>\n<table width=\"675\">\n<tbody>\n<tr>\n<td width=\"156\">TIEMPO<\/td>\n<td width=\"97\">DURACI\u00d3N (min)<\/td>\n<td width=\"422\">CONTENIDO<\/td>\n<\/tr>\n<tr>\n<td colspan=\"3\" width=\"675\"><strong>Presentaci\u00f3n<\/strong><\/td>\n<\/tr>\n<tr>\n<td width=\"156\"><\/td>\n<td width=\"97\">+2 min<\/td>\n<td width=\"422\">Juli\u00e1n Olivares Dengra (Presentaci\u00f3n)<\/td>\n<\/tr>\n<tr>\n<td width=\"156\"><\/td>\n<td width=\"97\"><\/td>\n<td width=\"422\"><\/td>\n<\/tr>\n<tr>\n<td colspan=\"3\" width=\"675\"><strong>Cascaborra Ediciones<\/strong><\/td>\n<\/tr>\n<tr>\n<td width=\"156\"><\/td>\n<td width=\"97\"><\/td>\n<td width=\"422\">Como surge Cascaborra<\/td>\n<\/tr>\n<tr>\n<td width=\"156\"><\/td>\n<td width=\"97\"><\/td>\n<td width=\"422\">\u2026 ocupar el hueco del c\u00f3mic hist\u00f3rico<\/td>\n<\/tr>\n<tr>\n<td width=\"156\"><\/td>\n<td width=\"97\"><\/td>\n<td width=\"422\"><\/td>\n<\/tr>\n<tr>\n<td width=\"156\"><\/td>\n<td width=\"97\"><\/td>\n<td width=\"422\">La historia de Espa\u00f1a como guion de un c\u00f3mic<\/td>\n<\/tr>\n<tr>\n<td width=\"156\"><\/td>\n<td width=\"97\"><\/td>\n<td width=\"422\">\u2026 realismo vs ficci\u00f3n<\/td>\n<\/tr>\n<tr>\n<td width=\"156\"><\/td>\n<td width=\"97\"><\/td>\n<td width=\"422\"><\/td>\n<\/tr>\n<tr>\n<td width=\"156\"><\/td>\n<td width=\"97\"><\/td>\n<td width=\"422\">Producci\u00f3n de un c\u00f3mic hist\u00f3rico<\/td>\n<\/tr>\n<tr>\n<td width=\"156\"><\/td>\n<td width=\"97\"><\/td>\n<td width=\"422\">Como es la acogida de este tipo de c\u00f3mic<\/td>\n<\/tr>\n<tr>\n<td width=\"156\"><\/td>\n<td width=\"97\"><\/td>\n<td width=\"422\">Cu\u00e1l es la \u00e9poca que m\u00e1s atrae<\/td>\n<\/tr>\n<tr>\n<td width=\"156\"><\/td>\n<td width=\"97\"><\/td>\n<td width=\"422\"><\/td>\n<\/tr>\n<tr>\n<td width=\"156\"><\/td>\n<td width=\"97\"><\/td>\n<td width=\"422\">\u00bfCu\u00e1l es total de c\u00f3mics publicados hasta ahora?<\/td>\n<\/tr>\n<tr>\n<td width=\"156\"><\/td>\n<td width=\"97\"><\/td>\n<td width=\"422\"><\/td>\n<\/tr>\n<tr>\n<td width=\"156\"><\/td>\n<td width=\"97\"><\/td>\n<td width=\"422\">L\u00edneas editoriales<\/td>\n<\/tr>\n<tr>\n<td width=\"156\"><\/td>\n<td width=\"97\"><\/td>\n<td width=\"422\">\u2026 Historia de Espa\u00f1a en vi\u00f1etas<\/td>\n<\/tr>\n<tr>\n<td width=\"156\"><\/td>\n<td width=\"97\"><\/td>\n<td width=\"422\">\u2026 Biograf\u00edas en vi\u00f1etas<\/td>\n<\/tr>\n<tr>\n<td width=\"156\"><\/td>\n<td width=\"97\"><\/td>\n<td width=\"422\"><\/td>\n<\/tr>\n<tr>\n<td width=\"156\"><\/td>\n<td width=\"97\"><\/td>\n<td width=\"422\">Pr\u00f3ximas entregas<\/td>\n<\/tr>\n<tr>\n<td width=\"156\"><\/td>\n<td width=\"97\"><\/td>\n<td width=\"422\"><\/td>\n<\/tr>\n<tr>\n<td width=\"156\"><\/td>\n<td width=\"97\"><\/td>\n<td width=\"422\">Donde se os puede ver (eventos, ferias, etc)<\/td>\n<\/tr>\n<tr>\n<td width=\"156\"><\/td>\n<td width=\"97\"><\/td>\n<td width=\"422\"><\/td>\n<\/tr>\n<tr>\n<td colspan=\"3\" width=\"675\"><strong>Despedida<\/strong><\/td>\n<\/tr>\n<tr>\n<td width=\"156\"><\/td>\n<td width=\"97\"><\/td>\n<td width=\"422\"><\/td>\n<\/tr>\n<\/tbody>\n<\/table>\n<p>&nbsp;<\/p>\n<p>&nbsp;<\/p>\n","protected":false},"excerpt":{"rendered":"<p>Hace unos a\u00f1os era muy com\u00fan que la editoriales tuvieran una colecci\u00f3n con una marcada l\u00ednea hist\u00f3rica. C\u00f3mics que acercaban la historia a&#8230;<\/p>\n","protected":false},"author":5,"featured_media":20073,"comment_status":"open","ping_status":"open","sticky":false,"template":"","format":"standard","meta":{"rop_custom_images_group":[],"rop_custom_messages_group":[],"rop_publish_now":"initial","rop_publish_now_accounts":{"facebook_965112277219911_1711957949078873":"","twitter_719274304828010500_719274304828010500":""},"rop_publish_now_history":[],"rop_publish_now_status":"pending","rating_form_position":"","rating_results_position":"","mr_structured_data_type":"","footnotes":""},"categories":[73],"tags":[],"class_list":["post-20071","post","type-post","status-publish","format-standard","has-post-thumbnail","hentry","category-rol"],"aioseo_notices":[],"multi-rating":{"mr_rating_results":[{"adjusted_star_result":0,"star_result":0,"total_max_option_value":5,"adjusted_score_result":0,"score_result":0,"percentage_result":0,"adjusted_percentage_result":0,"count":0,"post_id":20071}]},"_links":{"self":[{"href":"https:\/\/www.elcornetin.es\/blog\/wp-json\/wp\/v2\/posts\/20071","targetHints":{"allow":["GET"]}}],"collection":[{"href":"https:\/\/www.elcornetin.es\/blog\/wp-json\/wp\/v2\/posts"}],"about":[{"href":"https:\/\/www.elcornetin.es\/blog\/wp-json\/wp\/v2\/types\/post"}],"author":[{"embeddable":true,"href":"https:\/\/www.elcornetin.es\/blog\/wp-json\/wp\/v2\/users\/5"}],"replies":[{"embeddable":true,"href":"https:\/\/www.elcornetin.es\/blog\/wp-json\/wp\/v2\/comments?post=20071"}],"version-history":[{"count":4,"href":"https:\/\/www.elcornetin.es\/blog\/wp-json\/wp\/v2\/posts\/20071\/revisions"}],"predecessor-version":[{"id":20167,"href":"https:\/\/www.elcornetin.es\/blog\/wp-json\/wp\/v2\/posts\/20071\/revisions\/20167"}],"wp:featuredmedia":[{"embeddable":true,"href":"https:\/\/www.elcornetin.es\/blog\/wp-json\/wp\/v2\/media\/20073"}],"wp:attachment":[{"href":"https:\/\/www.elcornetin.es\/blog\/wp-json\/wp\/v2\/media?parent=20071"}],"wp:term":[{"taxonomy":"category","embeddable":true,"href":"https:\/\/www.elcornetin.es\/blog\/wp-json\/wp\/v2\/categories?post=20071"},{"taxonomy":"post_tag","embeddable":true,"href":"https:\/\/www.elcornetin.es\/blog\/wp-json\/wp\/v2\/tags?post=20071"}],"curies":[{"name":"wp","href":"https:\/\/api.w.org\/{rel}","templated":true}]}}