{"id":21414,"date":"2024-09-26T09:49:28","date_gmt":"2024-09-26T07:49:28","guid":{"rendered":"https:\/\/www.elcornetin.es\/blog\/?p=21414"},"modified":"2024-09-26T09:49:28","modified_gmt":"2024-09-26T07:49:28","slug":"informe-la-trilogia-belica-parte-2-the-pacific","status":"publish","type":"post","link":"https:\/\/www.elcornetin.es\/blog\/cine-tv\/informe-la-trilogia-belica-parte-2-the-pacific\/","title":{"rendered":"[Informe] La trilog\u00eda b\u00e9lica, parte 2: The Pacific"},"content":{"rendered":"<p>\u00c9ste 2024 por fin concluy\u00f3 la trilog\u00eda b\u00e9lica de Steven Spielberg y Tom Hanks, tras 23 a\u00f1os desde el estreno en HBO de la primera parte, hoy toca hablar de la segunda: The Pacific, que tambi\u00e9n se estren\u00f3 en HBO y que aqu\u00ed no le cambiaron el t\u00edtulo.<\/p>\n<h2>Creaci\u00f3n<\/h2>\n<p>9 a\u00f1os despu\u00e9s, en 2010, se estren\u00f3 \u00e9sta segunda parte que se hizo y fue muy esperada por el p\u00fablico que ya hab\u00edamos alabado la primera parte. Con The Pacific segu\u00edamos inmersos en la Segunda Guerra Mundial, pero nos traslad\u00e1bamos a la intervenci\u00f3n estadounidense en el Teatro del Pac\u00edfico, principalmente en la lucha contra el Imperio del Jap\u00f3n. Aqu\u00ed la narraci\u00f3n cambia y no se centra exclusivamente en un batall\u00f3n o regimiento sino que cuenta historias\/batallas en las que intervino la 1\u00aa Divisi\u00f3n de Marines.<\/p>\n<p>En \u00e9sta ocasi\u00f3n se intentaba abandonar la epicidad del combate para mirar un poco m\u00e1s all\u00e1, para intentar observar la imagen completa de la guerra y los soldados, contando sus historias de una manera m\u00e1s sosegada y centrada. De nuevo acordaron que ser\u00edan 10 episodios, y de nuevo contaron con Dreamworks y Playtone, adem\u00e1s de otras cadenas como Sky y en la producci\u00f3n continuaban Steven Spielberg, Tom Hanks y Gary Goetzman, Stephen Ambrose falleci\u00f3 unos a\u00f1os antes.<\/p>\n<p>Para contar la historia se centraron en las memorias de dos marines <i>Helmet for My Pillow<\/i>\u00a0de\u00a0Robert Leckie\u00a0y\u00a0<i>With the Old Breed<\/i>\u00a0de\u00a0Eugene Sledge, adem\u00e1s de incorporar las historias del marine John Basilone. Tambi\u00e9n se apoyaron en los libros <i>Red Blood, Black Sand<\/i>\u00a0de\u00a0Chuk Tatum\u00a0y\u00a0<i>China Marine<\/i> de Eugene Sledge. Con todas esas referencias pudieron contar batallas como la de Guadalcanal, Peleliu, Okinawa&#8230;<\/p>\n<p>Stephen Ambrose hab\u00eda fallecido pero su hijo, Hugh Ambrose, historiador tuvo un papel importante como asesor hist\u00f3rico del proyecto, llegando a publicar un <a href=\"https:\/\/www.casadellibro.com\/libro-the-pacific-el-infierno-estaba-a-un-solo-oceano\/9788483652107\/1831958\" target=\"_blank\" rel=\"nofollow noopener\">libro oficial<\/a> adjunto a la serie que a\u00f1ade a\u00fan mas conflictos que hubo en el Teatro del Pac\u00edfico y con los mismos protagonistas y alguno m\u00e1s que no sal\u00eda en la serie, y a\u00f1ade perspectivas como la de los prisioneros de guerra o el desarrollo de la aviaci\u00f3n naval.<\/p>\n<figure id=\"attachment_21417\" aria-describedby=\"caption-attachment-21417\" style=\"width: 686px\" class=\"wp-caption aligncenter\"><img decoding=\"async\" class=\"size-full wp-image-21417 lazyload\" data-src=\"https:\/\/www.elcornetin.es\/blog\/wp-content\/uploads\/2024\/08\/pacific-1.jpg\" alt=\"Imagen de The Pacific\" width=\"686\" height=\"386\" src=\"data:image\/svg+xml;base64,PHN2ZyB3aWR0aD0iMSIgaGVpZ2h0PSIxIiB4bWxucz0iaHR0cDovL3d3dy53My5vcmcvMjAwMC9zdmciPjwvc3ZnPg==\" style=\"--smush-placeholder-width: 686px; --smush-placeholder-aspect-ratio: 686\/386;\" \/><figcaption id=\"caption-attachment-21417\" class=\"wp-caption-text\">Todos sonr\u00eden al principio&#8230;<\/figcaption><\/figure>\n<h2>Los soldados<\/h2>\n<p>Al no centrarse en un batall\u00f3n las historias quedan m\u00e1s dispersas y el trabajo de casting no es tan impresionante como en la primera entrega, aunque algunos de los actores llegar\u00edan a obtener grandes o destacables papeles en el futuro, como ya pas\u00f3 con Band of Brothers. En esta ocasi\u00f3n aparecen casi 70 actores aunque s\u00f3lo la mitad salen en al menos 2 episodios y no se les llega a coger el mismo cari\u00f1o que le tuvimos a los personajes anteriores.<\/p>\n<p>Entre el reparto de los principales personajes podemos encontrar a:<\/p>\n<ul>\n<li>James Badge Dale,\u00a0Soldado de primera\/Artillero Robert Leckie<\/li>\n<li>Joseph Mazzello, Infante de Marina\/Cabo Eugene Sledge<\/li>\n<li>Jon Seda, Marine\/Sargento de artiller\u00eda\u00a0John Basilone<\/li>\n<li>Ashton Holmes, Soldado de primera Sidney Phillips<\/li>\n<li>Rami Malek, Artillero Merriell \u00abSnafu\u00bb Shelton<\/li>\n<li>William Sadler, Teniente coronel\u00a0Lewis Puller<\/li>\n<li>Josh Helman, Soldado de primera Lew &#8216;Chuckler&#8217; Juergens<\/li>\n<li>Martin McCann, Cabo R.V. Burgin<\/li>\n<li>Keith Nobbs, Soldado de primera Wilbur &#8216;Runner&#8217; Conley<\/li>\n<\/ul>\n<p>Para esta segunda entrega no hay tanta variedad en cuanto a actores brit\u00e1nicos como en Band of Brothers, la mayor\u00eda son estadounidenses contando con canadienses, australianos y brit\u00e1nicos en menor medida entre los personajes principales.<\/p>\n<figure id=\"attachment_21418\" aria-describedby=\"caption-attachment-21418\" style=\"width: 970px\" class=\"wp-caption aligncenter\"><img decoding=\"async\" class=\"size-full wp-image-21418 lazyload\" data-src=\"https:\/\/www.elcornetin.es\/blog\/wp-content\/uploads\/2024\/08\/PAcific-2.jpg\" alt=\"Imagen de The Pacific\" width=\"970\" height=\"600\" src=\"data:image\/svg+xml;base64,PHN2ZyB3aWR0aD0iMSIgaGVpZ2h0PSIxIiB4bWxucz0iaHR0cDovL3d3dy53My5vcmcvMjAwMC9zdmciPjwvc3ZnPg==\" style=\"--smush-placeholder-width: 970px; --smush-placeholder-aspect-ratio: 970\/600;\" \/><figcaption id=\"caption-attachment-21418\" class=\"wp-caption-text\">Cualquier lugar es bueno para ocultarse y tomar aliento<\/figcaption><\/figure>\n<h2>La historia<\/h2>\n<p>Como ya he ido adelantando durante todo el art\u00edculo, en The Pacific nos centramos en las historias principales extra\u00eddas de las memorias de los tres soldados protagonistas del Teatro del Pac\u00edfico, por lo tanto nos alejamos de la conocida Europa para adentrarnos en combates y batallas no tan \u00e9picos y sobretodo menos famosos pero no por ello menos impresionantes. De hecho en \u00e9sta ocasi\u00f3n vivimos algo m\u00e1s cruento y salvaje, nos encontraremos con una violencia gr\u00e1fica a\u00fan m\u00e1s cruel que en la primera entrega. \u00c9sta entrega tiene un tono m\u00e1s visceral y oscuro y dada la geograf\u00eda del terreno, de batallas por peque\u00f1as islas, desembarcos desiertos, la climatolog\u00eda tan diferente a la de Europa y el propio enemigo a batir con unas t\u00e1cticas muy diferentes hacen que la historia sea muy diferente.<\/p>\n<p>Los soldados japoneses, al contrario de los alemanes, no conceb\u00edan la rendici\u00f3n como algo que entrara en sus planes, por lo tanto la lucha es muy lenta, cada avance de terreno costaba mucho esfuerzo y se desataba mucha violencia. La climatolog\u00eda monz\u00f3nica les dejaba completamente mojados o muertos de calor y sed y luchando en terrenos pantanosos, intentando descansar en trincheras inundadas, con multitud de picaduras de insectos que les pod\u00edan causar fiebres altas en cualquier momento. El s\u00edndrome de estr\u00e9s post-traum\u00e1tico es el otro protagonista silencioso que veremos claramente plasmado en cada episodio. En resumen, muchas adversidades que creo que son parte fundamental en el desarrollo de la historia, tanto o m\u00e1s que los propios combates.<\/p>\n<p>En cuanto a la cronolog\u00eda empezamos por Guadalcanal donde los soldados tienen que asegurar la base a\u00e9rea americana y prepararse para el inevitable contraataque japon\u00e9s, una batalla que dura cuatro meses hasta que son evacuados de la isla hacia Melbourne, donde son recibidos como h\u00e9roes y donde disfrutan de unos peque\u00f1os momentos de relax. Acto siguiente toca ir a un nuevo destino cabo Gloucester, y conocer a un nuevo e inh\u00f3spito enemigo: La jungla, en la que vivir\u00e1n traum\u00e1ticos momentos. M\u00e1s adelante llegar\u00e1 el desembarco de Peleliu, una diminuta isla coral donde tendr\u00e1n que tomar un aer\u00f3dromo y lo que es a\u00fan m\u00e1s importante y no entraba dentro de los planes, encontrar agua potable.<\/p>\n<p>Tras caer algunos compa\u00f1eros toca regresar a Pavuvu, para volver a partir rumbo a una de las grandes conocidas por el p\u00fablico general: Iwo Jima. Seguidamente la acci\u00f3n tomar\u00e1 rumbo a la isla Okinawa donde la lucha tomar\u00e1 m\u00e1s de un mes y en la que tendr\u00e1n que combatir frente a la posici\u00f3n japonesa m\u00e1s resistente de la isla. Finalmente sucede la rendici\u00f3n japonesa y veremos el regreso de los soldados a casa.<\/p>\n<figure id=\"attachment_21419\" aria-describedby=\"caption-attachment-21419\" style=\"width: 598px\" class=\"wp-caption aligncenter\"><img decoding=\"async\" class=\"size-full wp-image-21419 lazyload\" data-src=\"https:\/\/www.elcornetin.es\/blog\/wp-content\/uploads\/2024\/08\/pacific-3.jpg\" alt=\"Imagen de The Pacific\" width=\"598\" height=\"362\" src=\"data:image\/svg+xml;base64,PHN2ZyB3aWR0aD0iMSIgaGVpZ2h0PSIxIiB4bWxucz0iaHR0cDovL3d3dy53My5vcmcvMjAwMC9zdmciPjwvc3ZnPg==\" style=\"--smush-placeholder-width: 598px; --smush-placeholder-aspect-ratio: 598\/362;\" \/><figcaption id=\"caption-attachment-21419\" class=\"wp-caption-text\">\u00a1A tomar el siguiente puesto!<\/figcaption><\/figure>\n<h2>La serie<\/h2>\n<p>Poco m\u00e1s queda por a\u00f1adir sobre The Pacific, la serie que en su momento fue la producci\u00f3n m\u00e1s cara de la historia de la televisi\u00f3n, llegando a superar la cifra de los 200 millones de d\u00f3lares, En cuanto a reconocimiento, aunque fue menor que su antecesora, no suele encontrarse en los tops de los medios especializados, s\u00ed que lleg\u00f3 a ganar 35 premios (1 m\u00e1s que Band of Brothers) y 43 nominaciones (casi el doble m\u00e1s). Para m\u00ed tampoco estar\u00eda en ning\u00fan top de series en general aunque s\u00ed en uno de series b\u00e9licas. Para mi uno de sus mayores problemas son algunas actuaciones como la de Jon Seda o Mazzello y los que lo hacen bien tienen menor o poco protagonismo.<\/p>\n<p>Tambi\u00e9n es muy complicado resumir 4 a\u00f1os de guerra en 10 episodios, en Band of Brothers la historia apenas lleg\u00f3 al a\u00f1o por lo que adaptarla era m\u00e1s sencillo, y eso se nota en el resultado, llegando a quedar por momentos inconexa. El centrarse en los 3 personajes principales tambi\u00e9n me parece un problema, no llegas a entender las motivaciones de los soldados que pasan por all\u00ed ni entiendes la cadena de mando, ni siquiera la propia estrategia. El enemigo tambi\u00e9n queda deslabazado cuando aparece en pantalla, sus cargas \u00abbanzai\u00bb parecen un chiste convertidos en ataques de 8 o 9 soldados cuando eran ataques masivos.<\/p>\n<p>De nuevo la duraci\u00f3n de cada episodio no es fija pero tambi\u00e9n duran entre 50-60 minutos, dedicando el tiempo necesario para contar su historia. A destacar los episodios que cubren la batalla por Peleliu (episodios 5, 6 y 7) y el de Okinawa (el 9\u00ba). A\u00fan as\u00ed siempre me quedar\u00e1 una duda en la cabeza \u00bfqu\u00e9 hubiera pasado si el orden de estreno hubiera sido el inverso?<\/p>\n<figure id=\"attachment_21420\" aria-describedby=\"caption-attachment-21420\" style=\"width: 417px\" class=\"wp-caption aligncenter\"><img decoding=\"async\" class=\"size-full wp-image-21420 lazyload\" data-src=\"https:\/\/www.elcornetin.es\/blog\/wp-content\/uploads\/2024\/08\/The-pacific-libro.jpg\" alt=\"Imagen de The Pacific\" width=\"417\" height=\"218\" src=\"data:image\/svg+xml;base64,PHN2ZyB3aWR0aD0iMSIgaGVpZ2h0PSIxIiB4bWxucz0iaHR0cDovL3d3dy53My5vcmcvMjAwMC9zdmciPjwvc3ZnPg==\" style=\"--smush-placeholder-width: 417px; --smush-placeholder-aspect-ratio: 417\/218;\" \/><figcaption id=\"caption-attachment-21420\" class=\"wp-caption-text\">El libro oficial de la serie<\/figcaption><\/figure>\n","protected":false},"excerpt":{"rendered":"<p>\u00c9ste 2024 por fin concluy\u00f3 la trilog\u00eda b\u00e9lica de Steven Spielberg y Tom Hanks, tras 23 a\u00f1os desde el estreno en HBO de&#8230;<\/p>\n","protected":false},"author":8,"featured_media":21416,"comment_status":"open","ping_status":"open","sticky":false,"template":"","format":"standard","meta":{"rop_custom_images_group":[],"rop_custom_messages_group":[],"rop_publish_now":"yes","rop_publish_now_accounts":{"facebook_965112277219911_1711957949078873":"","twitter_719274304828010500_719274304828010500":""},"rop_publish_now_history":[],"rop_publish_now_status":"pending","rating_form_position":"","rating_results_position":"","mr_structured_data_type":"","footnotes":""},"categories":[4,22],"tags":[3239,2779,3237,2600,2291,3241],"class_list":["post-21414","post","type-post","status-publish","format-standard","has-post-thumbnail","hentry","category-cine-tv","category-ctser","tag-2gm","tag-hbo","tag-max","tag-segunda-guerra-mundial","tag-series","tag-trilogia-belica"],"aioseo_notices":[],"multi-rating":{"mr_rating_results":[{"adjusted_star_result":5,"star_result":5,"total_max_option_value":5,"adjusted_score_result":5,"score_result":5,"percentage_result":100,"adjusted_percentage_result":100,"count":1,"post_id":21414}]},"_links":{"self":[{"href":"https:\/\/www.elcornetin.es\/blog\/wp-json\/wp\/v2\/posts\/21414","targetHints":{"allow":["GET"]}}],"collection":[{"href":"https:\/\/www.elcornetin.es\/blog\/wp-json\/wp\/v2\/posts"}],"about":[{"href":"https:\/\/www.elcornetin.es\/blog\/wp-json\/wp\/v2\/types\/post"}],"author":[{"embeddable":true,"href":"https:\/\/www.elcornetin.es\/blog\/wp-json\/wp\/v2\/users\/8"}],"replies":[{"embeddable":true,"href":"https:\/\/www.elcornetin.es\/blog\/wp-json\/wp\/v2\/comments?post=21414"}],"version-history":[{"count":2,"href":"https:\/\/www.elcornetin.es\/blog\/wp-json\/wp\/v2\/posts\/21414\/revisions"}],"predecessor-version":[{"id":21421,"href":"https:\/\/www.elcornetin.es\/blog\/wp-json\/wp\/v2\/posts\/21414\/revisions\/21421"}],"wp:featuredmedia":[{"embeddable":true,"href":"https:\/\/www.elcornetin.es\/blog\/wp-json\/wp\/v2\/media\/21416"}],"wp:attachment":[{"href":"https:\/\/www.elcornetin.es\/blog\/wp-json\/wp\/v2\/media?parent=21414"}],"wp:term":[{"taxonomy":"category","embeddable":true,"href":"https:\/\/www.elcornetin.es\/blog\/wp-json\/wp\/v2\/categories?post=21414"},{"taxonomy":"post_tag","embeddable":true,"href":"https:\/\/www.elcornetin.es\/blog\/wp-json\/wp\/v2\/tags?post=21414"}],"curies":[{"name":"wp","href":"https:\/\/api.w.org\/{rel}","templated":true}]}}