{"id":21441,"date":"2024-08-29T08:28:55","date_gmt":"2024-08-29T06:28:55","guid":{"rendered":"https:\/\/www.elcornetin.es\/blog\/?p=21441"},"modified":"2024-08-29T08:28:55","modified_gmt":"2024-08-29T06:28:55","slug":"avance-freak-wars-24","status":"publish","type":"post","link":"https:\/\/www.elcornetin.es\/blog\/evento\/avance-freak-wars-24\/","title":{"rendered":"[Avance] Freak Wars \u00b424"},"content":{"rendered":"<p align=\"JUSTIFY\"><span style=\"font-family: arial, helvetica, sans-serif;\">Queda poco para las FreakWars abran sus puertas y este a\u00f1o esta lleno de novedades. <\/span><\/p>\n<p align=\"JUSTIFY\"><span style=\"font-family: arial, helvetica, sans-serif;\">Para que no os perd\u00e1is nada, hemos preparado un peque\u00f1o resumen de la informaci\u00f3n necesaria para disfrutar de esta edici\u00f3n.<\/span><\/p>\n<p align=\"JUSTIFY\"><!--more--><\/p>\n<h2 class=\"western\" align=\"JUSTIFY\"><span style=\"font-family: arial, helvetica, sans-serif;\">Cambio de ubicaci\u00f3n<\/span><\/h2>\n<p align=\"JUSTIFY\"><span style=\"font-family: arial, helvetica, sans-serif;\"><strong>Las Freak Wars nacieron en una peque\u00f1a pista de rolling en Rivas<\/strong>, su \u00e9xito oblig\u00f3 a la organizaci\u00f3n a buscar nuevas localizaciones donde ampliar el evento. Por e<\/span><span style=\"font-family: arial, helvetica, sans-serif;\">sta es la raz\u00f3n <strong>el evento paso a realizarse en 2018 en el Pabell\u00f3n Deportivo Francisco Fern\u00e1ndez Ochoa<\/strong>, en barrio madrile\u00f1o de Carabanchel y <strong>a partir del 2019 en el conocido Pabell\u00f3n de Cristal<\/strong> de la Casa de Campo.<\/span><\/p>\n<p align=\"JUSTIFY\"><span style=\"font-family: arial, helvetica, sans-serif;\"><strong>El 2024 es el a\u00f1o de probar La Nave<\/strong>, una instalaci\u00f3n que personalmente me gusta mucho y que creo que tiene potencial.<\/span><\/p>\n<figure id=\"attachment_21445\" aria-describedby=\"caption-attachment-21445\" style=\"width: 640px\" class=\"wp-caption aligncenter\"><a href=\"https:\/\/www.elcornetin.es\/blog\/wp-content\/uploads\/2024\/08\/La-Nave-para-que-es-La-Nave-1280x720-1.jpg\" target=\"_blank\" rel=\"noopener\"><img decoding=\"async\" class=\"wp-image-21445 size-large lazyload\" data-src=\"https:\/\/www.elcornetin.es\/blog\/wp-content\/uploads\/2024\/08\/La-Nave-para-que-es-La-Nave-1280x720-1-1024x576.jpg\" alt=\"\" width=\"640\" height=\"360\" data-srcset=\"https:\/\/www.elcornetin.es\/blog\/wp-content\/uploads\/2024\/08\/La-Nave-para-que-es-La-Nave-1280x720-1-1024x576.jpg 1024w, https:\/\/www.elcornetin.es\/blog\/wp-content\/uploads\/2024\/08\/La-Nave-para-que-es-La-Nave-1280x720-1-300x169.jpg 300w, https:\/\/www.elcornetin.es\/blog\/wp-content\/uploads\/2024\/08\/La-Nave-para-que-es-La-Nave-1280x720-1-768x432.jpg 768w, https:\/\/www.elcornetin.es\/blog\/wp-content\/uploads\/2024\/08\/La-Nave-para-que-es-La-Nave-1280x720-1-150x84.jpg 150w, https:\/\/www.elcornetin.es\/blog\/wp-content\/uploads\/2024\/08\/La-Nave-para-que-es-La-Nave-1280x720-1-500x281.jpg 500w, https:\/\/www.elcornetin.es\/blog\/wp-content\/uploads\/2024\/08\/La-Nave-para-que-es-La-Nave-1280x720-1-1280x720.jpg 1280w\" data-sizes=\"(max-width: 640px) 100vw, 640px\" src=\"data:image\/svg+xml;base64,PHN2ZyB3aWR0aD0iMSIgaGVpZ2h0PSIxIiB4bWxucz0iaHR0cDovL3d3dy53My5vcmcvMjAwMC9zdmciPjwvc3ZnPg==\" style=\"--smush-placeholder-width: 640px; --smush-placeholder-aspect-ratio: 640\/360;\" \/><\/a><figcaption id=\"caption-attachment-21445\" class=\"wp-caption-text\">Vista exterior de La Nave<\/figcaption><\/figure>\n<p align=\"JUSTIFY\"><span style=\"font-family: arial, helvetica, sans-serif;\"><strong><a href=\"https:\/\/www.lanavemadrid.com\/\">La Nave<\/a><\/strong> es una antigua nave industrial de maquinaria con <strong>m\u00e1s de 10.000 metros cuadrados<\/strong> situada en el barrio de Villaverde de Madrid. No son raros los eventos \u201cfrikis\u201d en ella pues ya ha acogido las LES o algunas de las primeras Game On de Asmodee. Su aspecto industrial da al lugar un car\u00e1cter especial para un evento como son las Freak Wars.<\/span><\/p>\n<p align=\"JUSTIFY\"><span style=\"font-family: arial, helvetica, sans-serif;\"><strong><a href=\"https:\/\/www.lanavemadrid.com\/contacto\/\">Llegar a La Nave<\/a> <\/strong>resulta f\u00e1cil y c\u00f3modo. En coche desde la salida de Avenida de Andaluc\u00eda desde la M40, es la mejor opci\u00f3n. A\u00fan as\u00ed<strong> os recomendamos usar el transporte publico<\/strong>, ya que el Metro esta a pocos paso y el autob\u00fas os dejan, casi literalmente en la puerta.<\/span><\/p>\n<figure id=\"attachment_21447\" aria-describedby=\"caption-attachment-21447\" style=\"width: 640px\" class=\"wp-caption aligncenter\"><a href=\"https:\/\/www.elcornetin.es\/blog\/wp-content\/uploads\/2024\/08\/gameon001.jpg\" target=\"_blank\" rel=\"noopener\"><img decoding=\"async\" class=\"wp-image-21447 size-large lazyload\" data-src=\"https:\/\/www.elcornetin.es\/blog\/wp-content\/uploads\/2024\/08\/gameon001-1024x684.jpg\" alt=\"\" width=\"640\" height=\"428\" data-srcset=\"https:\/\/www.elcornetin.es\/blog\/wp-content\/uploads\/2024\/08\/gameon001-1024x684.jpg 1024w, https:\/\/www.elcornetin.es\/blog\/wp-content\/uploads\/2024\/08\/gameon001-300x200.jpg 300w, https:\/\/www.elcornetin.es\/blog\/wp-content\/uploads\/2024\/08\/gameon001-768x513.jpg 768w, https:\/\/www.elcornetin.es\/blog\/wp-content\/uploads\/2024\/08\/gameon001-1536x1025.jpg 1536w, https:\/\/www.elcornetin.es\/blog\/wp-content\/uploads\/2024\/08\/gameon001-150x100.jpg 150w, https:\/\/www.elcornetin.es\/blog\/wp-content\/uploads\/2024\/08\/gameon001-500x334.jpg 500w, https:\/\/www.elcornetin.es\/blog\/wp-content\/uploads\/2024\/08\/gameon001-2000x1335.jpg 2000w\" data-sizes=\"(max-width: 640px) 100vw, 640px\" src=\"data:image\/svg+xml;base64,PHN2ZyB3aWR0aD0iMSIgaGVpZ2h0PSIxIiB4bWxucz0iaHR0cDovL3d3dy53My5vcmcvMjAwMC9zdmciPjwvc3ZnPg==\" style=\"--smush-placeholder-width: 640px; --smush-placeholder-aspect-ratio: 640\/428;\" \/><\/a><figcaption id=\"caption-attachment-21447\" class=\"wp-caption-text\">Parte central de La Nave durante las Game On<\/figcaption><\/figure>\n<p align=\"JUSTIFY\"><span style=\"font-family: arial, helvetica, sans-serif;\">Uno de los puntos fuertes de <b>La Nave son sus instalaciones<\/b>. Primero todo,<strong> la mayor del evento se desarrolla en una sola planta<\/strong>, permitiendo visitarlo \u2013 torneos y feria comercial \u2013 sin la necesidad de usar escaleras para cambiar de piso. El pabell\u00f3n cuenta con <strong>salas de ponencias individuales, auditorio<\/strong>, se ha habilitado un<strong> cambiador para cosplayers y las consignas<\/strong> para poder acudir al evento de manera c\u00f3moda. Solo la ludoteca y la zona de medios est\u00e1n en las plantas 1<\/span><span style=\"font-family: arial, helvetica, sans-serif;\"> y 2.<\/span><\/p>\n<p align=\"JUSTIFY\"><span style=\"font-family: arial, helvetica, sans-serif;\">La nave adem\u00e1s cuanta con dos zonas exteriores. En una se ha habilitado una carpa para celebrar los torneos y la otra se ha destinado a food tracks, para otra de las grandes mejoras, que era imposible de realizar en el Pabell\u00f3n de Cristal<\/span><\/p>\n<figure id=\"attachment_21448\" aria-describedby=\"caption-attachment-21448\" style=\"width: 640px\" class=\"wp-caption aligncenter\"><a href=\"https:\/\/www.elcornetin.es\/blog\/wp-content\/uploads\/2024\/08\/Plano-Oficial-FW2024-sin-listado.png\" target=\"_blank\" rel=\"noopener\"><img decoding=\"async\" class=\"wp-image-21448 size-large lazyload\" data-src=\"https:\/\/www.elcornetin.es\/blog\/wp-content\/uploads\/2024\/08\/Plano-Oficial-FW2024-sin-listado-1024x628.png\" alt=\"\" width=\"640\" height=\"393\" data-srcset=\"https:\/\/www.elcornetin.es\/blog\/wp-content\/uploads\/2024\/08\/Plano-Oficial-FW2024-sin-listado-1024x628.png 1024w, https:\/\/www.elcornetin.es\/blog\/wp-content\/uploads\/2024\/08\/Plano-Oficial-FW2024-sin-listado-300x184.png 300w, https:\/\/www.elcornetin.es\/blog\/wp-content\/uploads\/2024\/08\/Plano-Oficial-FW2024-sin-listado-768x471.png 768w, https:\/\/www.elcornetin.es\/blog\/wp-content\/uploads\/2024\/08\/Plano-Oficial-FW2024-sin-listado-1536x941.png 1536w, https:\/\/www.elcornetin.es\/blog\/wp-content\/uploads\/2024\/08\/Plano-Oficial-FW2024-sin-listado-2048x1255.png 2048w, https:\/\/www.elcornetin.es\/blog\/wp-content\/uploads\/2024\/08\/Plano-Oficial-FW2024-sin-listado-150x92.png 150w, https:\/\/www.elcornetin.es\/blog\/wp-content\/uploads\/2024\/08\/Plano-Oficial-FW2024-sin-listado-500x306.png 500w\" data-sizes=\"(max-width: 640px) 100vw, 640px\" src=\"data:image\/svg+xml;base64,PHN2ZyB3aWR0aD0iMSIgaGVpZ2h0PSIxIiB4bWxucz0iaHR0cDovL3d3dy53My5vcmcvMjAwMC9zdmciPjwvc3ZnPg==\" style=\"--smush-placeholder-width: 640px; --smush-placeholder-aspect-ratio: 640\/393;\" \/><\/a><figcaption id=\"caption-attachment-21448\" class=\"wp-caption-text\">Mapa de las Freak Wars<\/figcaption><\/figure>\n<h2 class=\"western\"><span style=\"font-family: arial, helvetica, sans-serif;\">Todo un fin de actividades<\/span><\/h2>\n<p><span style=\"font-family: arial, helvetica, sans-serif;\">Creo que<strong> es necesario entender el evento para poder disfrutar de \u00e9l<\/strong>. Como ya dijimos, <strong>las Freak Wars nacieron en Rivas, la intenci\u00f3n era tener un lugar de referencia<\/strong> donde fans del hobby pudieran encontrarse, al menos una vez al a\u00f1o.<strong> Su \u00e9xito empujo a la organizaci\u00f3n a buscar donde ampliar sus actividades<\/strong> y crecer en espacio \u2013 hab\u00eda mas gente quer\u00eda venir que la que pod\u00edan entrar. El cambio a espacios m\u00e1s profesionales <strong>obligo a tomar una decisi\u00f3n que se hab\u00eda evitado mucho tiempo<\/strong>: cobrar una entrada m\u00ednima. Esto ha permitido ir al Pabell\u00f3n de Cristal en a\u00f1os anteriores y visitar La Nave este a\u00f1o. <\/span><\/p>\n<p><span style=\"font-family: arial, helvetica, sans-serif;\">Pero la idea no era solo ofrecer \u201cun sitio donde realizar un mercadillo\u201d &#8211; un error muy com\u00fan en algunos eventos. Con esa idea de ser un lugar de referencia las <strong>Freak Wars quieren ofrecer e incentivar actividades m\u00e1s all\u00e1 de su evento principal<\/strong>, los torneos. De esta manera desde la apretura de puertas el s\u00e1bado, hasta el fin del evento el domingo, las Freak Wars tienen un amplio catalogo de actividades y eventos con los que pasar el d\u00eda.\u00a0\u00a0<\/span><\/p>\n<p><span style=\"font-family: arial, helvetica, sans-serif;\">Es imposible poner todas las actividades que se ofrecen manteniendo el formato \u201ccorto\u201d que utilizamos en las rese\u00f1as. Por ello, os dejamos el <strong><a href=\"https:\/\/freakwarsmadrid.com\/actividades\">listado oficial de eventos de las Freak Wars<\/a><\/strong> donde se pueden ver todas las actividades que organizaci\u00f3n, asociaciones y expositores ofrenden durante el fin de semana.<\/span><\/p>\n<p><a href=\"https:\/\/www.elcornetin.es\/blog\/wp-content\/uploads\/2024\/08\/freak-wars-wargames-.jpg\" target=\"_blank\" rel=\"noopener\"><img decoding=\"async\" class=\"aligncenter wp-image-21450 size-full lazyload\" data-src=\"https:\/\/www.elcornetin.es\/blog\/wp-content\/uploads\/2024\/08\/freak-wars-wargames-.jpg\" alt=\"Ejemplo de mesa de una partida de Warhammer 40K\" width=\"1000\" height=\"667\" src=\"data:image\/svg+xml;base64,PHN2ZyB3aWR0aD0iMSIgaGVpZ2h0PSIxIiB4bWxucz0iaHR0cDovL3d3dy53My5vcmcvMjAwMC9zdmciPjwvc3ZnPg==\" style=\"--smush-placeholder-width: 1000px; --smush-placeholder-aspect-ratio: 1000\/667;\" \/><\/a><\/p>\n<h2 class=\"western\"><span style=\"font-family: arial, helvetica, sans-serif;\">Es algo personal<\/span><\/h2>\n<p align=\"JUSTIFY\"><span style=\"font-family: arial, helvetica, sans-serif;\">Recuerdo perfectamente que <strong>la primera vez que acud\u00ed a las Freak Wars<\/strong>. El viernes anterior acaba de llegar a casa de un viaje a Francia y ese fin de semana no tenia anda que hacer. No conoc\u00eda las Freak Wars, que a\u00fan se celebraban en Rivas, y pens\u00e9 que ser\u00eda una buena forma de pasar la ma\u00f1ana del s\u00e1bado. Finalmente me quede todo el d\u00eda y el domingo termine volviendo.<\/span><\/p>\n<p align=\"JUSTIFY\"><span style=\"font-family: arial, helvetica, sans-serif;\"><strong>Las Freak Wars es el evento que en mi etapa m\u00e1s competitiva del hobby hubiera deseado que existir\u00e1<\/strong>. Actualmente las disfruto de otra manera. Me gusta \u201ccolaborar\u201d y echar una mano con este peque\u00f1o avance o con el podcast que grabamos desde all\u00ed toda el fin de semana. Quiero que el evento siga vivo.<\/span><\/p>\n<p align=\"JUSTIFY\"><span style=\"font-family: arial, helvetica, sans-serif;\">Por ello <strong>os voy a dar un consejo<\/strong>. <strong>Si est\u00e1is en Madrid el fin de semana del 7 y 8 de septiembre, entrar a La Nave<\/strong>, daros una vuelta por la zona de torneos, visitar el concurso art\u00edstico de miniaturas, haceros fotos con los cosplayers, jugar alguna demo o juego, hablar con las organizaciones o los medios que estamos all\u00ed. Pero no teng\u00e1is prisa y dejaos llevar por el ambiente. Al fin y al cabo, el lunes solo hay que ir al cole.<\/span><\/p>\n<p align=\"JUSTIFY\"><span style=\"font-family: arial, helvetica, sans-serif;\">Nosotros estaremos todo el fin de semana, asi que si quer\u00e9is venir a visitarnos estaremos encantados de charlar un poco y conocer vuestras impresiones.<\/span><\/p>\n<p align=\"JUSTIFY\"><a href=\"https:\/\/www.elcornetin.es\/blog\/wp-content\/uploads\/2024\/08\/cosplayFW.jpg\" target=\"_blank\" rel=\"noopener\"><img decoding=\"async\" class=\"aligncenter wp-image-21452 size-full lazyload\" data-src=\"https:\/\/www.elcornetin.es\/blog\/wp-content\/uploads\/2024\/08\/cosplayFW.jpg\" alt=\"\" width=\"1000\" height=\"750\" src=\"data:image\/svg+xml;base64,PHN2ZyB3aWR0aD0iMSIgaGVpZ2h0PSIxIiB4bWxucz0iaHR0cDovL3d3dy53My5vcmcvMjAwMC9zdmciPjwvc3ZnPg==\" style=\"--smush-placeholder-width: 1000px; --smush-placeholder-aspect-ratio: 1000\/750;\" \/><\/a><\/p>\n","protected":false},"excerpt":{"rendered":"<p>Queda poco para las FreakWars abran sus puertas y este a\u00f1o esta lleno de novedades. Para que no os perd\u00e1is nada, hemos preparado&#8230;<\/p>\n","protected":false},"author":5,"featured_media":21443,"comment_status":"open","ping_status":"open","sticky":false,"template":"","format":"standard","meta":{"rop_custom_images_group":[],"rop_custom_messages_group":[],"rop_publish_now":"yes","rop_publish_now_accounts":{"facebook_965112277219911_1711957949078873":"","twitter_719274304828010500_719274304828010500":""},"rop_publish_now_history":[],"rop_publish_now_status":"pending","rating_form_position":"","rating_results_position":"","mr_structured_data_type":"","footnotes":""},"categories":[52],"tags":[],"class_list":["post-21441","post","type-post","status-publish","format-standard","has-post-thumbnail","hentry","category-evento"],"aioseo_notices":[],"multi-rating":{"mr_rating_results":[{"adjusted_star_result":0,"star_result":0,"total_max_option_value":5,"adjusted_score_result":0,"score_result":0,"percentage_result":0,"adjusted_percentage_result":0,"count":0,"post_id":21441},{"adjusted_star_result":0,"star_result":0,"total_max_option_value":5,"adjusted_score_result":0,"score_result":0,"percentage_result":0,"adjusted_percentage_result":0,"count":0,"post_id":21441}]},"_links":{"self":[{"href":"https:\/\/www.elcornetin.es\/blog\/wp-json\/wp\/v2\/posts\/21441","targetHints":{"allow":["GET"]}}],"collection":[{"href":"https:\/\/www.elcornetin.es\/blog\/wp-json\/wp\/v2\/posts"}],"about":[{"href":"https:\/\/www.elcornetin.es\/blog\/wp-json\/wp\/v2\/types\/post"}],"author":[{"embeddable":true,"href":"https:\/\/www.elcornetin.es\/blog\/wp-json\/wp\/v2\/users\/5"}],"replies":[{"embeddable":true,"href":"https:\/\/www.elcornetin.es\/blog\/wp-json\/wp\/v2\/comments?post=21441"}],"version-history":[{"count":8,"href":"https:\/\/www.elcornetin.es\/blog\/wp-json\/wp\/v2\/posts\/21441\/revisions"}],"predecessor-version":[{"id":21455,"href":"https:\/\/www.elcornetin.es\/blog\/wp-json\/wp\/v2\/posts\/21441\/revisions\/21455"}],"wp:featuredmedia":[{"embeddable":true,"href":"https:\/\/www.elcornetin.es\/blog\/wp-json\/wp\/v2\/media\/21443"}],"wp:attachment":[{"href":"https:\/\/www.elcornetin.es\/blog\/wp-json\/wp\/v2\/media?parent=21441"}],"wp:term":[{"taxonomy":"category","embeddable":true,"href":"https:\/\/www.elcornetin.es\/blog\/wp-json\/wp\/v2\/categories?post=21441"},{"taxonomy":"post_tag","embeddable":true,"href":"https:\/\/www.elcornetin.es\/blog\/wp-json\/wp\/v2\/tags?post=21441"}],"curies":[{"name":"wp","href":"https:\/\/api.w.org\/{rel}","templated":true}]}}