{"id":21493,"date":"2024-10-03T11:44:52","date_gmt":"2024-10-03T09:44:52","guid":{"rendered":"https:\/\/www.elcornetin.es\/blog\/?p=21493"},"modified":"2024-10-03T11:44:52","modified_gmt":"2024-10-03T09:44:52","slug":"informe-la-trilogia-belica-parte-3-masters-of-the-air","status":"publish","type":"post","link":"https:\/\/www.elcornetin.es\/blog\/cine-tv\/informe-la-trilogia-belica-parte-3-masters-of-the-air\/","title":{"rendered":"[Informe] La trilog\u00eda b\u00e9lica, parte 3: Masters of the Air"},"content":{"rendered":"<p>\u00c9ste 2024 por fin concluy\u00f3 la trilog\u00eda b\u00e9lica de Steven Spielberg y Tom Hanks, tras 23 a\u00f1os desde el estreno en HBO de la primera parte, hoy toca hablar de la tercera y \u00faltima parte, que en \u00e9sta ocasi\u00f3n cambi\u00f3 de cadena\/productora para pasar a ser un producto de Apple Tv, aqu\u00ed, en Espa\u00f1a, adem\u00e1s podemos encontrarla como Los amos del aire.<\/p>\n<h2><!--more-->Creaci\u00f3n<\/h2>\n<p>Masters of the air se estren\u00f3 14 a\u00f1os despu\u00e9s de la entrega anterior y 13 desde el estreno de Band of brothers, este mismo 2024, para concluir la saga, y aunque parece que no fue tan esperada debido al largo tiempo que hab\u00eda pasado s\u00ed fue bien recibida, adem\u00e1s cambiando de cadena, de una HBO que ya no es lo que era a Apple Studios que est\u00e1 creando obras de gran calidad, casi recogiendo el testigo de aquella cadena que fue l\u00edder por su calidad. La tercera parte de la saga contin\u00faa narrando la Segunda Guerra Mundial y, si en la primera no centr\u00e1bamos en los paracaidistas y en la segunda en los marines, para esta tercera entrega le tocaba el turno a la aviaci\u00f3n y de nuevo al frente europeo occidental, donde particip\u00f3 el ejercito de los EEUU. Tambi\u00e9n de nuevo retomamos la forma de estructurar la narraci\u00f3n dentro de una unidad, concretamente el 100\u00ba Grupo de Bombarderos.<\/p>\n<p>Tambi\u00e9n se retoman las relaciones entre lo soldados y como afectan las cosas que pasando dentro de la compa\u00f1\u00eda, las bajas, los cambios de rango, las licencias&#8230; aunque mostrando, como es habitual las durezas de la guerra. En cambio el n\u00famero de episodios pas\u00f3 a ser de 9, un episodio menos, y siguieron contando con Playtone pero cambiando Dreamworks por Amblin en cuanto a las empresas detr\u00e1s de la producci\u00f3n y en la producci\u00f3n ejecutiva continuaban Steven Spielberg, Tom Hanks y Gary Goetzman. El otro cambio importante que encontramos es que ahora en vez de ser una producci\u00f3n estadounidense es una producci\u00f3n brit\u00e1nica.<\/p>\n<p>Si en las anteriores entregas se basaron en uno o mas libros, en \u00e9sta ocasi\u00f3n no iba a ser diferente, el escogido fue: <i>Los amos del aire: Los bombarderos estadounidenses que lucharon en la guerra a\u00e9rea contra la Alemania nazi\u00a0<\/i>de Donald L. Miller pero su adaptaci\u00f3n ser\u00eda mucho m\u00e1s complicada, primero porque HBO tras iniciar la adaptaci\u00f3n en 2013 la abandon\u00f3 posteriormente hasta que Apple la rescat\u00f3 en 2019. En 2021 se iba a comenzar con su rodaje y producci\u00f3n pero los efectos de la pandemia de Covid alargaron el proceso hasta que en \u00e9ste mismo 2024 se pudo estrenar.<\/p>\n<figure id=\"attachment_21494\" aria-describedby=\"caption-attachment-21494\" style=\"width: 640px\" class=\"wp-caption aligncenter\"><img decoding=\"async\" class=\"size-large wp-image-21494\" src=\"https:\/\/www.elcornetin.es\/blog\/wp-content\/uploads\/2024\/09\/masters-1-1024x590.avif\" alt=\"Imagen de la serie Masters of the air\" width=\"640\" height=\"369\" srcset=\"https:\/\/www.elcornetin.es\/blog\/wp-content\/uploads\/2024\/09\/masters-1-1024x590.avif 1024w, https:\/\/www.elcornetin.es\/blog\/wp-content\/uploads\/2024\/09\/masters-1-300x173.avif 300w, https:\/\/www.elcornetin.es\/blog\/wp-content\/uploads\/2024\/09\/masters-1-768x443.avif 768w, https:\/\/www.elcornetin.es\/blog\/wp-content\/uploads\/2024\/09\/masters-1-1536x886.avif 1536w, https:\/\/www.elcornetin.es\/blog\/wp-content\/uploads\/2024\/09\/masters-1-150x86.avif 150w, https:\/\/www.elcornetin.es\/blog\/wp-content\/uploads\/2024\/09\/masters-1-500x288.avif 500w, https:\/\/www.elcornetin.es\/blog\/wp-content\/uploads\/2024\/09\/masters-1.avif 1960w\" sizes=\"(max-width: 640px) 100vw, 640px\" \/><figcaption id=\"caption-attachment-21494\" class=\"wp-caption-text\">Todos sonr\u00eden al principio<\/figcaption><\/figure>\n<h2>Los soldados<\/h2>\n<p>Como de nuevo estamos ante un grupo de soldados, los actores se mantienen m\u00e1s tiempo en pantalla, algunos destacan m\u00e1s que otros pero creo que no llegan al nivel de la primera entrega, aunque la fama, crecimiento y reconocimiento se ver\u00e1 con los a\u00f1os. El casting est\u00e1 dividido de nuevo entre actores estadounidenses y brit\u00e1nicos, y entre los actores que m\u00e1s aparecen podemos encontrar a:<\/p>\n<ul>\n<li>Austin Butler, Mayor Gale \u00abBuck\u00bb Cleven<\/li>\n<li>Anthony Boyle, Teniente Harry Crosby<\/li>\n<li>Callum Turner, Mayor John \u00abBucky\u00bb Egan<\/li>\n<li>Barry Keoghan, Teniente Curtis Biddick<\/li>\n<li>Darragh Cowley, Graham<\/li>\n<li>Matt Gavan, Teniente Charles Cruikshank<\/li>\n<li>David Shields, Mayor Everett Blakely<\/li>\n<li>Isabel May, Marjorie \u00abMarge\u00bb Spencer<\/li>\n<li>James Murray, Coronel Neil \u201cChick\u201d Harding<\/li>\n<\/ul>\n<figure id=\"attachment_21495\" aria-describedby=\"caption-attachment-21495\" style=\"width: 640px\" class=\"wp-caption aligncenter\"><img decoding=\"async\" class=\"size-large wp-image-21495 lazyload\" data-src=\"https:\/\/www.elcornetin.es\/blog\/wp-content\/uploads\/2024\/09\/masters-2-1024x576.jpg\" alt=\"Imagen de la serie Masters of the air\" width=\"640\" height=\"360\" data-srcset=\"https:\/\/www.elcornetin.es\/blog\/wp-content\/uploads\/2024\/09\/masters-2-1024x576.jpg 1024w, https:\/\/www.elcornetin.es\/blog\/wp-content\/uploads\/2024\/09\/masters-2-300x169.jpg 300w, https:\/\/www.elcornetin.es\/blog\/wp-content\/uploads\/2024\/09\/masters-2-768x432.jpg 768w, https:\/\/www.elcornetin.es\/blog\/wp-content\/uploads\/2024\/09\/masters-2-1536x864.jpg 1536w, https:\/\/www.elcornetin.es\/blog\/wp-content\/uploads\/2024\/09\/masters-2-150x84.jpg 150w, https:\/\/www.elcornetin.es\/blog\/wp-content\/uploads\/2024\/09\/masters-2-500x281.jpg 500w, https:\/\/www.elcornetin.es\/blog\/wp-content\/uploads\/2024\/09\/masters-2-1920x1080.jpg 1920w\" data-sizes=\"(max-width: 640px) 100vw, 640px\" src=\"data:image\/svg+xml;base64,PHN2ZyB3aWR0aD0iMSIgaGVpZ2h0PSIxIiB4bWxucz0iaHR0cDovL3d3dy53My5vcmcvMjAwMC9zdmciPjwvc3ZnPg==\" style=\"--smush-placeholder-width: 640px; --smush-placeholder-aspect-ratio: 640\/360;\" \/><figcaption id=\"caption-attachment-21495\" class=\"wp-caption-text\">Las batallas a\u00e9reas en todo su esplendor, y horror<\/figcaption><\/figure>\n<h2>La historia<\/h2>\n<p>De nuevo volvemos al frente europeo occidental, con los bombarderos que sal\u00edan desde Inglaterra hacia Francia, Alemania o a puntos de inter\u00e9s cercanos tomados por los nazis. Vivimos los combates a\u00e9reos con unas escenas espectaculares de batalla a\u00e9rea que transmiten el miedo que pasaban los soldados, lo indefensos que estaban ante el fuego antia\u00e9reo o ante los cazas nazis as\u00ed como la importancia de mantenerse bien orientado para no despegarse del resto de bombarderos y poder estar bajo la defensa de sus propios cazas aliados, de mantener la altitud para combatir el fr\u00edo extremo o la falta de ox\u00edgeno.<\/p>\n<p>El mando mayor de nuevo se centra en obtener alguna victoria a pesar del precio que pueda pagarse, entrando en conflicto con los soldados o con otros miembros de alto rango militar. Las comunicaciones eran claves, y si fallaba algo todo se pod\u00eda ir al traste en un minuto, y as\u00ed se muestra con algunos aviones cayendo en combate, perdi\u00e9ndose entre las nubes o perdiendo sus coordenadas para volver o aterrizar en cualquier otro lado como pudieran. Adem\u00e1s los soldados ten\u00edan que dar parte de lo que hab\u00edan visto en batalla para poder determinar donde hab\u00eda ca\u00eddo un aliado o c\u00f3mo hab\u00eda sucedido y porqu\u00e9.<\/p>\n<p>La serie comienza con el traslado desde Estados Unidos hasta Inglaterra para unirse a la Octava Fuerza A\u00e9rea en su campa\u00f1a contra la Alemania nazi, se interna en Noruega para bombardear un b\u00fanker de submarinos y m\u00e1s tarde viajan al coraz\u00f3n de Alemania para intentar bombardear plantas de fabricaci\u00f3n de aeronaves y cruzar Europa hasta el norte de \u00c1frica. M\u00e1s tarde la acci\u00f3n se traslada al Stalag Luft III donde algunos soldados caen prisioneros y podemos ver las acciones de subterfugio que realizan o lo intentan para sobrevivir o escapar. De nuevo se bombardea Berl\u00edn y vivimos el origen del D\u00eda-D, aunque como \u00e9ste ya lo hemos visto un porr\u00f3n de veces se toma un recurso narrativo algo cuestionable para saltarse el evento y retomar la narraci\u00f3n despu\u00e9s, con el objetivo puesto en otros puntos de Francia, de la que tambi\u00e9n veremos alguna historia de la famosa Resistencia. Finalmente se cierra con las m\u00faltiples marchas de prisioneros desde los campos de concentraci\u00f3n hasta Alemania ante el avance en ambos frentes de los Aliados.<\/p>\n<figure id=\"attachment_21496\" aria-describedby=\"caption-attachment-21496\" style=\"width: 640px\" class=\"wp-caption aligncenter\"><img decoding=\"async\" class=\"size-large wp-image-21496\" src=\"https:\/\/www.elcornetin.es\/blog\/wp-content\/uploads\/2024\/09\/masters-3-1024x512.avif\" alt=\"Imagen de la serie Masters of the air\" width=\"640\" height=\"320\" srcset=\"https:\/\/www.elcornetin.es\/blog\/wp-content\/uploads\/2024\/09\/masters-3-1024x512.avif 1024w, https:\/\/www.elcornetin.es\/blog\/wp-content\/uploads\/2024\/09\/masters-3-300x150.avif 300w, https:\/\/www.elcornetin.es\/blog\/wp-content\/uploads\/2024\/09\/masters-3-768x384.avif 768w, https:\/\/www.elcornetin.es\/blog\/wp-content\/uploads\/2024\/09\/masters-3-150x75.avif 150w, https:\/\/www.elcornetin.es\/blog\/wp-content\/uploads\/2024\/09\/masters-3-500x250.avif 500w, https:\/\/www.elcornetin.es\/blog\/wp-content\/uploads\/2024\/09\/masters-3.avif 1400w\" sizes=\"(max-width: 640px) 100vw, 640px\" \/><figcaption id=\"caption-attachment-21496\" class=\"wp-caption-text\">El Stalag, hac\u00eda fr\u00edo y cab\u00edan muchos soldados<\/figcaption><\/figure>\n<h2>\u00a0La serie<\/h2>\n<p>A todos estos datos solo puedo a\u00f1adir que de nuevo se super\u00f3 el gasto de producci\u00f3n, llegando 250 millones de d\u00f3lares. En cuanto a reconocimiento parece que fue bien recibida y valorada mejor que The Pacific aunque, como es de esperar, peor que Band of Brothers, de momento ya ha ganado un Emmy y recibido varias nominaciones, como dije antes, en el futuro veremos lo que consigue. En \u00e9ste caso coincido con la valoraci\u00f3n general, estando m\u00e1s cerca de la primera producci\u00f3n que de la segunda y el principal problema que le encuentro es el valle que tiene en medio con una serie de tramas que aunque son necesarias para dar contexto est\u00e1n demasiado desarrolladas y lejos de los frentes de acci\u00f3n.<\/p>\n<p>La duraci\u00f3n de los cap\u00edtulos se mantiene en torno a los 50-60 minutos, y aunque hay varios que destacan, sin duda los que m\u00e1s me gustaron fueron los que mostraban las batallas a\u00e9reas que est\u00e1n rodados de una manera magistral y realista, as\u00ed como los minutos centrados en el campo de concentraci\u00f3n y la marcha de prisioneros.<\/p>\n<p>Como extra, en \u00e9sta tercera parte se vuelve a a\u00f1adir un documental que rinde homenaje a los verdaderos h\u00e9roes del Grupo de bombarderos n\u00famero 100, narrado por Tom Hanks y con una hora de duraci\u00f3n cuenta la historia de los aut\u00e9nticos soldados desde el shock de Pearl Harbor al \u00e9xtasis del d\u00eda del final de la guerra. Se llama Escuadr\u00f3n maldito, tambi\u00e9n en Apple Tv+<\/p>\n<figure id=\"attachment_21497\" aria-describedby=\"caption-attachment-21497\" style=\"width: 640px\" class=\"wp-caption aligncenter\"><img decoding=\"async\" class=\"size-large wp-image-21497 lazyload\" data-src=\"https:\/\/www.elcornetin.es\/blog\/wp-content\/uploads\/2024\/09\/escuadron-1024x538.jpg\" alt=\"\" width=\"640\" height=\"336\" data-srcset=\"https:\/\/www.elcornetin.es\/blog\/wp-content\/uploads\/2024\/09\/escuadron-1024x538.jpg 1024w, https:\/\/www.elcornetin.es\/blog\/wp-content\/uploads\/2024\/09\/escuadron-300x158.jpg 300w, https:\/\/www.elcornetin.es\/blog\/wp-content\/uploads\/2024\/09\/escuadron-768x403.jpg 768w, https:\/\/www.elcornetin.es\/blog\/wp-content\/uploads\/2024\/09\/escuadron-150x79.jpg 150w, https:\/\/www.elcornetin.es\/blog\/wp-content\/uploads\/2024\/09\/escuadron-500x263.jpg 500w, https:\/\/www.elcornetin.es\/blog\/wp-content\/uploads\/2024\/09\/escuadron-1200x630.jpg 1200w\" data-sizes=\"(max-width: 640px) 100vw, 640px\" src=\"data:image\/svg+xml;base64,PHN2ZyB3aWR0aD0iMSIgaGVpZ2h0PSIxIiB4bWxucz0iaHR0cDovL3d3dy53My5vcmcvMjAwMC9zdmciPjwvc3ZnPg==\" style=\"--smush-placeholder-width: 640px; --smush-placeholder-aspect-ratio: 640\/336;\" \/><figcaption id=\"caption-attachment-21497\" class=\"wp-caption-text\">Portada del documental de la serie<\/figcaption><\/figure>\n","protected":false},"excerpt":{"rendered":"<p>\u00c9ste 2024 por fin concluy\u00f3 la trilog\u00eda b\u00e9lica de Steven Spielberg y Tom Hanks, tras 23 a\u00f1os desde el estreno en HBO de&#8230;<\/p>\n","protected":false},"author":8,"featured_media":21498,"comment_status":"open","ping_status":"open","sticky":false,"template":"","format":"standard","meta":{"rop_custom_images_group":[],"rop_custom_messages_group":[],"rop_publish_now":"yes","rop_publish_now_accounts":{"facebook_965112277219911_1711957949078873":"","twitter_719274304828010500_719274304828010500":""},"rop_publish_now_history":[],"rop_publish_now_status":"pending","rating_form_position":"","rating_results_position":"","mr_structured_data_type":"","footnotes":""},"categories":[4,22],"tags":[3239,3170,2600,2291,3241],"class_list":["post-21493","post","type-post","status-publish","format-standard","has-post-thumbnail","hentry","category-cine-tv","category-ctser","tag-2gm","tag-appletv","tag-segunda-guerra-mundial","tag-series","tag-trilogia-belica"],"aioseo_notices":[],"multi-rating":{"mr_rating_results":[{"adjusted_star_result":5,"star_result":5,"total_max_option_value":5,"adjusted_score_result":5,"score_result":5,"percentage_result":100,"adjusted_percentage_result":100,"count":1,"post_id":21493}]},"_links":{"self":[{"href":"https:\/\/www.elcornetin.es\/blog\/wp-json\/wp\/v2\/posts\/21493","targetHints":{"allow":["GET"]}}],"collection":[{"href":"https:\/\/www.elcornetin.es\/blog\/wp-json\/wp\/v2\/posts"}],"about":[{"href":"https:\/\/www.elcornetin.es\/blog\/wp-json\/wp\/v2\/types\/post"}],"author":[{"embeddable":true,"href":"https:\/\/www.elcornetin.es\/blog\/wp-json\/wp\/v2\/users\/8"}],"replies":[{"embeddable":true,"href":"https:\/\/www.elcornetin.es\/blog\/wp-json\/wp\/v2\/comments?post=21493"}],"version-history":[{"count":1,"href":"https:\/\/www.elcornetin.es\/blog\/wp-json\/wp\/v2\/posts\/21493\/revisions"}],"predecessor-version":[{"id":21499,"href":"https:\/\/www.elcornetin.es\/blog\/wp-json\/wp\/v2\/posts\/21493\/revisions\/21499"}],"wp:featuredmedia":[{"embeddable":true,"href":"https:\/\/www.elcornetin.es\/blog\/wp-json\/wp\/v2\/media\/21498"}],"wp:attachment":[{"href":"https:\/\/www.elcornetin.es\/blog\/wp-json\/wp\/v2\/media?parent=21493"}],"wp:term":[{"taxonomy":"category","embeddable":true,"href":"https:\/\/www.elcornetin.es\/blog\/wp-json\/wp\/v2\/categories?post=21493"},{"taxonomy":"post_tag","embeddable":true,"href":"https:\/\/www.elcornetin.es\/blog\/wp-json\/wp\/v2\/tags?post=21493"}],"curies":[{"name":"wp","href":"https:\/\/api.w.org\/{rel}","templated":true}]}}