{"id":21526,"date":"2024-10-07T06:57:53","date_gmt":"2024-10-07T04:57:53","guid":{"rendered":"https:\/\/www.elcornetin.es\/blog\/?p=21526"},"modified":"2024-10-07T11:18:55","modified_gmt":"2024-10-07T09:18:55","slug":"informe-dioses-no-tan-menores-kaos-y-el-ocaso-de-los-dioses","status":"publish","type":"post","link":"https:\/\/www.elcornetin.es\/blog\/sin-categoria-en\/informe-dioses-no-tan-menores-kaos-y-el-ocaso-de-los-dioses\/","title":{"rendered":"[Informe] Dioses (no tan) Menores: Kaos y El Ocaso de los Dioses"},"content":{"rendered":"<p><strong><em>Dioses Menores<\/em>, de Terry Pratchett, deber\u00eda de ser de lectura obligatoria<\/strong>. Posiblemente en filosof\u00eda, si es que a\u00fan existe. O en religi\u00f3n, pero creo que tampoco est\u00e1 en los programas de muchas escuelas. \u00bfSaben? Da igual. Que lo pongan en matem\u00e1ticas. Matem\u00e1ticas a\u00fan existe, \u00bfo tampoco?<\/p>\n<figure id=\"attachment_21527\" aria-describedby=\"caption-attachment-21527\" style=\"width: 400px\" class=\"wp-caption aligncenter\"><a href=\"https:\/\/www.elcornetin.es\/blog\/wp-content\/uploads\/2024\/09\/DM-001-960x1440.jpg\" target=\"_blank\" rel=\"noopener\"><img decoding=\"async\" class=\"wp-image-21527 lazyload\" data-src=\"https:\/\/www.elcornetin.es\/blog\/wp-content\/uploads\/2024\/09\/DM-001-960x1440.jpg\" alt=\"\" width=\"400\" height=\"600\" data-srcset=\"https:\/\/www.elcornetin.es\/blog\/wp-content\/uploads\/2024\/09\/DM-001-960x1440.jpg 960w, https:\/\/www.elcornetin.es\/blog\/wp-content\/uploads\/2024\/09\/DM-001-200x300.jpg 200w, https:\/\/www.elcornetin.es\/blog\/wp-content\/uploads\/2024\/09\/DM-001-768x1152.jpg 768w, https:\/\/www.elcornetin.es\/blog\/wp-content\/uploads\/2024\/09\/DM-001-683x1024.jpg 683w, https:\/\/www.elcornetin.es\/blog\/wp-content\/uploads\/2024\/09\/DM-001-150x225.jpg 150w, https:\/\/www.elcornetin.es\/blog\/wp-content\/uploads\/2024\/09\/DM-001-333x500.jpg 333w\" data-sizes=\"(max-width: 400px) 100vw, 400px\" src=\"data:image\/svg+xml;base64,PHN2ZyB3aWR0aD0iMSIgaGVpZ2h0PSIxIiB4bWxucz0iaHR0cDovL3d3dy53My5vcmcvMjAwMC9zdmciPjwvc3ZnPg==\" style=\"--smush-placeholder-width: 400px; --smush-placeholder-aspect-ratio: 400\/600;\" \/><\/a><figcaption id=\"caption-attachment-21527\" class=\"wp-caption-text\">La impresionante portada de Marina Vidal para la edici\u00f3n en catal\u00e1n de Dioses Menores, editado por <em>Mai M\u00e9s<\/em>.<\/figcaption><\/figure>\n<p>Y si <em>Dioses Menores <\/em>es recomendado para cualquiera, <em>El \u00faltimo H\u00e9roe<\/em>, tambi\u00e9n de El Maestro, ha de ser le\u00eddo por cualquier fan de la fantas\u00eda. Ambas lecturas, y mucha parte de la obra de El Mundodisco, tienen muchas cosas comunes. En este caso <strong>varias tem\u00e1ticas que tambi\u00e9n hemos visto en dos series de Netflix: <em>Kaos<\/em> y <em>El Ocaso de los Dioses<\/em><\/strong>.<\/p>\n<p><a href=\"https:\/\/www.elcornetin.es\/blog\/wp-content\/uploads\/2024\/09\/DM-002-1673x1159.jpg\" target=\"_blank\" rel=\"noopener\"><img decoding=\"async\" class=\"aligncenter wp-image-21529 lazyload\" data-src=\"https:\/\/www.elcornetin.es\/blog\/wp-content\/uploads\/2024\/09\/DM-002-1673x1159.jpg\" alt=\"\" width=\"600\" height=\"416\" data-srcset=\"https:\/\/www.elcornetin.es\/blog\/wp-content\/uploads\/2024\/09\/DM-002-1673x1159.jpg 1673w, https:\/\/www.elcornetin.es\/blog\/wp-content\/uploads\/2024\/09\/DM-002-300x208.jpg 300w, https:\/\/www.elcornetin.es\/blog\/wp-content\/uploads\/2024\/09\/DM-002-768x532.jpg 768w, https:\/\/www.elcornetin.es\/blog\/wp-content\/uploads\/2024\/09\/DM-002-1024x709.jpg 1024w, https:\/\/www.elcornetin.es\/blog\/wp-content\/uploads\/2024\/09\/DM-002-1536x1064.jpg 1536w, https:\/\/www.elcornetin.es\/blog\/wp-content\/uploads\/2024\/09\/DM-002-150x104.jpg 150w, https:\/\/www.elcornetin.es\/blog\/wp-content\/uploads\/2024\/09\/DM-002-500x346.jpg 500w\" data-sizes=\"(max-width: 600px) 100vw, 600px\" src=\"data:image\/svg+xml;base64,PHN2ZyB3aWR0aD0iMSIgaGVpZ2h0PSIxIiB4bWxucz0iaHR0cDovL3d3dy53My5vcmcvMjAwMC9zdmciPjwvc3ZnPg==\" style=\"--smush-placeholder-width: 600px; --smush-placeholder-aspect-ratio: 600\/416;\" \/><\/a><\/p>\n<blockquote><p>Este articulo contiene alg\u00fan destripe m\u00ednimo. No es nada definitivo, pero si quieres ver o leer cualquiera de las obras que referenciamos sin ning\u00fan trasfondo\u2026 no sigas leyendo.<\/p><\/blockquote>\n<p>&nbsp;<\/p>\n<h1><span style=\"font-size: 18pt;\">El viaje del (otro) h\u00e9roe<\/span><\/h1>\n<p>En el viaje del h\u00e9roe tenemos a El Quijote. Frodo, si quieren algo m\u00e1s internacional. A su lado a Sancho Panza, Sam para nuestro ejemplo m\u00e1s general. Ya tienen el concepto. Pero me gustar\u00eda hablar de Rincewind.<\/p>\n<figure id=\"attachment_21533\" aria-describedby=\"caption-attachment-21533\" style=\"width: 400px\" class=\"wp-caption aligncenter\"><a href=\"https:\/\/www.elcornetin.es\/blog\/wp-content\/uploads\/2024\/09\/DM-004-522x800.jpg\" target=\"_blank\" rel=\"noopener\"><img decoding=\"async\" class=\"wp-image-21533 lazyload\" data-src=\"https:\/\/www.elcornetin.es\/blog\/wp-content\/uploads\/2024\/09\/DM-004-522x800.jpg\" alt=\"\" width=\"400\" height=\"613\" data-srcset=\"https:\/\/www.elcornetin.es\/blog\/wp-content\/uploads\/2024\/09\/DM-004-522x800.jpg 522w, https:\/\/www.elcornetin.es\/blog\/wp-content\/uploads\/2024\/09\/DM-004-196x300.jpg 196w, https:\/\/www.elcornetin.es\/blog\/wp-content\/uploads\/2024\/09\/DM-004-150x230.jpg 150w, https:\/\/www.elcornetin.es\/blog\/wp-content\/uploads\/2024\/09\/DM-004-326x500.jpg 326w\" data-sizes=\"(max-width: 400px) 100vw, 400px\" src=\"data:image\/svg+xml;base64,PHN2ZyB3aWR0aD0iMSIgaGVpZ2h0PSIxIiB4bWxucz0iaHR0cDovL3d3dy53My5vcmcvMjAwMC9zdmciPjwvc3ZnPg==\" style=\"--smush-placeholder-width: 400px; --smush-placeholder-aspect-ratio: 400\/613;\" \/><\/a><figcaption id=\"caption-attachment-21533\" class=\"wp-caption-text\"><span style=\"font-family: tahoma, arial, helvetica, sans-serif;\">\u201cSuerte es mi\u00a0segundo\u00a0apellido\u00a0-Farfull\u00f3\u00a0Rincewind- el problema es que el primero es Mala\u00bb<\/span><\/figcaption><\/figure>\n<p>Ni siquiera podemos decir que Rincenwind es un anti-h\u00e9roe ya que <strong>eso supondr\u00eda que el mago ha realizado alg\u00fan tipo de elecci\u00f3n y no es as\u00ed<\/strong>. Toda su historia es un \u201cpatad\u00f3n y pa\u2019lante\u201d de manual.<\/p>\n<table style=\"border-collapse: collapse; width: 100%; height: 80px;\">\n<tbody>\n<tr style=\"height: 80px;\">\n<td style=\"width: 5.88235%; height: 80px;\"><\/td>\n<td style=\"width: 94.1176%; height: 80px;\"><span style=\"font-family: tahoma, arial, helvetica, sans-serif; font-size: 10pt;\">\u00abConozco a las personas que hablan de sufrir por el bien com\u00fan. \u00a1Nunca son ellos, joder! Cuando oyes a un hombre gritar: \u00a1Adelante, bravos camaradas!, ver\u00e1s que siempre es el que est\u00e1 detr\u00e1s de la jodida roca enorme, y el \u00fanico que lleva el casco realmente a prueba de flechas\u00bb.<\/span><\/td>\n<\/tr>\n<\/tbody>\n<\/table>\n<p>Sin embargo Rincewind cumple muchas de las descripciones el viaje de h\u00e9roe.<\/p>\n<p><a href=\"https:\/\/www.elcornetin.es\/blog\/wp-content\/uploads\/2024\/09\/DM-003-483x498.jpg\" target=\"_blank\" rel=\"noopener\"><img decoding=\"async\" class=\"aligncenter wp-image-21532 size-full lazyload\" data-src=\"https:\/\/www.elcornetin.es\/blog\/wp-content\/uploads\/2024\/09\/DM-003-483x498.jpg\" alt=\"\" width=\"483\" height=\"498\" data-srcset=\"https:\/\/www.elcornetin.es\/blog\/wp-content\/uploads\/2024\/09\/DM-003-483x498.jpg 483w, https:\/\/www.elcornetin.es\/blog\/wp-content\/uploads\/2024\/09\/DM-003-291x300.jpg 291w, https:\/\/www.elcornetin.es\/blog\/wp-content\/uploads\/2024\/09\/DM-003-150x155.jpg 150w\" data-sizes=\"(max-width: 483px) 100vw, 483px\" src=\"data:image\/svg+xml;base64,PHN2ZyB3aWR0aD0iMSIgaGVpZ2h0PSIxIiB4bWxucz0iaHR0cDovL3d3dy53My5vcmcvMjAwMC9zdmciPjwvc3ZnPg==\" style=\"--smush-placeholder-width: 483px; --smush-placeholder-aspect-ratio: 483\/498;\" \/><\/a><\/p>\n<p>Muchos de vosotros ya estar\u00e9is con al mosca detr\u00e1s de la oreja. Me dir\u00e9is que Sam o Sancho Panza no son m\u00e1s que \u00abacompa\u00f1antes\u00bb. Y que Rincewind es puro anti-h\u00e9roe. En mi opini\u00f3n son h\u00e9roes y me servir\u00e1 para hablar de las series <em>Kaos<\/em> y <em>El Ocaso de los Dioses<\/em>. Quedaros con la idea y sujetarme el cubata.<\/p>\n<h1><span style=\"font-size: 18pt;\">El destino<\/span><\/h1>\n<p>El destino m\u00e1s recurrente en la escritura es la profec\u00eda autocumplida, es decir.<\/p>\n<p><a href=\"https:\/\/www.elcornetin.es\/blog\/wp-content\/uploads\/2024\/09\/DM-005.png\" target=\"_blank\" rel=\"noopener\"><img decoding=\"async\" class=\"aligncenter wp-image-21535 size-full lazyload\" data-src=\"https:\/\/www.elcornetin.es\/blog\/wp-content\/uploads\/2024\/09\/DM-005.png\" alt=\"\" width=\"515\" height=\"499\" data-srcset=\"https:\/\/www.elcornetin.es\/blog\/wp-content\/uploads\/2024\/09\/DM-005.png 515w, https:\/\/www.elcornetin.es\/blog\/wp-content\/uploads\/2024\/09\/DM-005-300x291.png 300w, https:\/\/www.elcornetin.es\/blog\/wp-content\/uploads\/2024\/09\/DM-005-150x145.png 150w, https:\/\/www.elcornetin.es\/blog\/wp-content\/uploads\/2024\/09\/DM-005-500x484.png 500w\" data-sizes=\"(max-width: 515px) 100vw, 515px\" src=\"data:image\/svg+xml;base64,PHN2ZyB3aWR0aD0iMSIgaGVpZ2h0PSIxIiB4bWxucz0iaHR0cDovL3d3dy53My5vcmcvMjAwMC9zdmciPjwvc3ZnPg==\" style=\"--smush-placeholder-width: 515px; --smush-placeholder-aspect-ratio: 515\/499;\" \/><\/a><\/p>\n<p>Es muy com\u00fan en la literatura fant\u00e1stica. Tanto que acaba por ser odiada y, a\u00fan mas, lleva a muchos <em>Deus ex machina<\/em>, otro detestado. Sobre ese tema tambi\u00e9n satirizo El Maestro cuando hablaba de El C\u00f3digo de los h\u00e9roes.<\/p>\n<table style=\"border-collapse: collapse; width: 100%;\">\n<tbody>\n<tr>\n<td style=\"width: 5.88235%;\"><\/td>\n<td style=\"width: 94.1176%;\"><span style=\"font-family: tahoma, arial, helvetica, sans-serif; font-size: 10pt;\">\u00abEstaba, siempre estaba, al principio y al final\u2026 el C\u00f3digo. Ellos viv\u00edan seg\u00fan el C\u00f3digo. Uno segu\u00eda el C\u00f3digo y se convert\u00eda en parte del C\u00f3digo para quienes le segu\u00edan a \u00e9l. El C\u00f3digo lo era todo. Sin el C\u00f3digo no eras un h\u00e9roe. No eras m\u00e1s que\u00a0un mat\u00f3n con taparrabos.<\/span><\/p>\n<p><span style=\"font-family: tahoma, arial, helvetica, sans-serif; font-size: 10pt;\">El C\u00f3digo estaba muy claro. Un hombre valiente contra siete\u2026 venc\u00eda. Ellos\u00a0sab\u00edan que era cierto. En el pasado todos hab\u00edan confiado en ello. Cuanto m\u00e1s altas\u00a0las apuestas, mayor la victoria. As\u00ed era el C\u00f3digo.<\/span><\/p>\n<p><span style=\"font-family: tahoma, arial, helvetica, sans-serif; font-size: 10pt;\">Olvida el C\u00f3digo, desprecia el C\u00f3digo, niega el C\u00f3digo\u2026 y ser\u00e1 el C\u00f3digo quien acabe contigo.\u00bb<\/span><\/td>\n<\/tr>\n<\/tbody>\n<\/table>\n<p>Escribir m\u00e1s sobre eso ser\u00eda demasiado destripe, pero tenemos dos pilares establecidos. Vamos a poner un tonelada de peso encima.<\/p>\n<h1><span style=\"font-size: 18pt;\"><span lang=\"de\">Nietzsche<\/span> y su \u00abDios ha muerto\u00bb<\/span><\/h1>\n<p>Ambos libros y las dos series plantean muchos conceptos sobre los dioses. <strong>Entre ellos la muerte de los mismos y el origen de su poder<\/strong>. Es algo lo suficientemente espeso, adem\u00e1s de pantanoso, pero alguien se tiene que enfangar.<\/p>\n<p>Todas estas obras, y nuestro amigo el filosofo alem\u00e1n, acaban rotando sobre el concepto propio dios y c\u00f3mo su existencia no deja de ser algo cultural y supersticioso. Esto es algo que muchos firmar\u00e1n si hablamos de mitolog\u00eda griega (Kaos), n\u00f3rdica (El Ocaso de los Dioses) o del Mundodisco, pero el tema peligroso vendr\u00e1 cuando hablemos de <em>cualquier<\/em> religi\u00f3n. Dejaremos eso para un <em>podcast<\/em>.<\/p>\n<p><a href=\"https:\/\/www.elcornetin.es\/blog\/wp-content\/uploads\/2024\/09\/DM-0019-515x309.jpg\" target=\"_blank\" rel=\"noopener\"><img decoding=\"async\" class=\"aligncenter wp-image-21542 size-full lazyload\" data-src=\"https:\/\/www.elcornetin.es\/blog\/wp-content\/uploads\/2024\/09\/DM-0019-515x309.jpg\" alt=\"\" width=\"515\" height=\"309\" data-srcset=\"https:\/\/www.elcornetin.es\/blog\/wp-content\/uploads\/2024\/09\/DM-0019-515x309.jpg 515w, https:\/\/www.elcornetin.es\/blog\/wp-content\/uploads\/2024\/09\/DM-0019-300x180.jpg 300w, https:\/\/www.elcornetin.es\/blog\/wp-content\/uploads\/2024\/09\/DM-0019-150x90.jpg 150w, https:\/\/www.elcornetin.es\/blog\/wp-content\/uploads\/2024\/09\/DM-0019-500x300.jpg 500w\" data-sizes=\"(max-width: 515px) 100vw, 515px\" src=\"data:image\/svg+xml;base64,PHN2ZyB3aWR0aD0iMSIgaGVpZ2h0PSIxIiB4bWxucz0iaHR0cDovL3d3dy53My5vcmcvMjAwMC9zdmciPjwvc3ZnPg==\" style=\"--smush-placeholder-width: 515px; --smush-placeholder-aspect-ratio: 515\/309;\" \/><\/a><\/p>\n<h1><span lang=\"de\"><span style=\"font-size: 18pt;\">\u00bfA d\u00f3nde pretendes llegar con todo esto?<\/span><br \/>\n<\/span><\/h1>\n<p>Ya me puedes devolver el cubata. Principalmente, <strong>recomendarte las series y los libros que he nombrado<\/strong>. Son lugares de ocio\/reflexi\u00f3n para visitar desde un punto de vista cr\u00edtico o, como dije hace poco, tomarlos como \u00abclaro, estas religiones eran err\u00f3neas, la m\u00eda no\u00bb.<\/p>\n<p>Todos ellos platean como <strong>una o m\u00e1s personas se enfrentan, de una manera u otra, a sus dioses<\/strong>. No voy a entrar en cada obra ya que ah\u00ed est\u00e1 l<em>os matices<\/em>. Pero es curioso como cada uno de los escritores citados plantean cosas, muy, muy, similares. Algunas de ellos insinuadas en toda esta publicaci\u00f3n: el concepto de dios y c\u00f3mo obtiene sus poderes, qu\u00e9 es un h\u00e9roe y un anti-h\u00e9roe, c\u00f3mo se gestiona o qu\u00e9 es el destino&#8230;<\/p>\n<p>Para <strong>amantes de la animaci\u00f3n<\/strong>: <em>El Ocaso de los Dioses<\/em>, con su toque de <span class=\"JCzEY tNxQIb\"><span class=\"CSkcDe\"><em><span class=\"BxUVEf ILfuVd\" lang=\"es\"><span class=\"hgKElc\">sh\u014dnen con toques de gore <\/span><\/span><\/em><span class=\"BxUVEf ILfuVd\" lang=\"es\"><span class=\"hgKElc\">(para que me entiendas)<\/span><\/span>. Con Zack Snyder como una da las cabezas visibles. En el primer cap\u00edtulo, <em>La Dote de la Novia<\/em>, vemos las razones que llevar\u00e1n a un grupo a <strong>luchar contra los dioses n\u00f3rdicos<\/strong>. Hay varios cenits pero, para mi gusto<em>, <\/em><\/span><\/span><em>El dios expiatorio<\/em> es excepcional. Y el final, si te va el tema, te dar\u00e1 para una buena tarde de tertulia. Si eres muy conocedor de la Mitolog\u00eda n\u00f3rdica ver\u00e1s que han elegido unos momentos concretos de las Eddas, le han a\u00f1adidos otros de otras y&#8230; bueno, lo que siempre pasa con los vikingos: <a href=\"https:\/\/www.elcornetin.es\/blog\/opinion\/loki\/\" target=\"_blank\" rel=\"noopener\">cada uno entiende lo que le da la santa gana<\/a>.<\/p>\n<p><a href=\"https:\/\/www.elcornetin.es\/blog\/wp-content\/uploads\/2024\/09\/DM-0020.webp\" target=\"_blank\" rel=\"noopener\"><img decoding=\"async\" class=\"aligncenter wp-image-21544 lazyload\" data-src=\"https:\/\/www.elcornetin.es\/blog\/wp-content\/uploads\/2024\/09\/DM-0020.webp\" alt=\"\" width=\"600\" height=\"338\" data-srcset=\"https:\/\/www.elcornetin.es\/blog\/wp-content\/uploads\/2024\/09\/DM-0020.webp 1280w, https:\/\/www.elcornetin.es\/blog\/wp-content\/uploads\/2024\/09\/DM-0020-300x169.webp 300w, https:\/\/www.elcornetin.es\/blog\/wp-content\/uploads\/2024\/09\/DM-0020-1024x576.webp 1024w, https:\/\/www.elcornetin.es\/blog\/wp-content\/uploads\/2024\/09\/DM-0020-768x432.webp 768w, https:\/\/www.elcornetin.es\/blog\/wp-content\/uploads\/2024\/09\/DM-0020-150x84.webp 150w, https:\/\/www.elcornetin.es\/blog\/wp-content\/uploads\/2024\/09\/DM-0020-500x281.webp 500w\" data-sizes=\"(max-width: 600px) 100vw, 600px\" src=\"data:image\/svg+xml;base64,PHN2ZyB3aWR0aD0iMSIgaGVpZ2h0PSIxIiB4bWxucz0iaHR0cDovL3d3dy53My5vcmcvMjAwMC9zdmciPjwvc3ZnPg==\" style=\"--smush-placeholder-width: 600px; --smush-placeholder-aspect-ratio: 600\/338;\" \/><\/a><\/p>\n<p>En <em>Kaos<\/em> nos vamos una Grecia paralela, con Zeus como dios absoluto.<strong> La serie se toma tiempo y a veces da la sensaci\u00f3n de dar demasiadas vueltas,<\/strong> pero al final plantea algo similar: un grupo que va contra los dioses. Se profundiza relativamente poco en la mitolog\u00eda griega: tan poco que alg\u00fan profano en la materia puede perderse en alg\u00fan momento. Si es el caso, siempre te puedes informar en <a href=\"https:\/\/www.youtube.com\/watch?v=EeyTtYC8wnE\" target=\"_blank\" rel=\"noopener\">Destripando la Historia<\/a>. Pese a esa, a veces, falta de trama<strong> la potencia de la obra viene por las interpretaciones<\/strong>. Todos parecen que tengan un personaje escrito para ellos: desde Jeff Goldblum hasta Billie Pipe. Todo eso suple el olor a \u00abtenemos tan claro que vamos a realizar una segunda temporada que tampoco te vamos a explicar seg\u00fan qu\u00e9 en la primera\u00bb.<\/p>\n<p><a href=\"https:\/\/www.elcornetin.es\/blog\/wp-content\/uploads\/2024\/09\/DM-00024-1280x720.jpg\" target=\"_blank\" rel=\"noopener\"><img decoding=\"async\" class=\"aligncenter wp-image-21545 lazyload\" data-src=\"https:\/\/www.elcornetin.es\/blog\/wp-content\/uploads\/2024\/09\/DM-00024-1280x720.jpg\" alt=\"\" width=\"600\" height=\"338\" data-srcset=\"https:\/\/www.elcornetin.es\/blog\/wp-content\/uploads\/2024\/09\/DM-00024-1280x720.jpg 1280w, https:\/\/www.elcornetin.es\/blog\/wp-content\/uploads\/2024\/09\/DM-00024-300x169.jpg 300w, https:\/\/www.elcornetin.es\/blog\/wp-content\/uploads\/2024\/09\/DM-00024-768x432.jpg 768w, https:\/\/www.elcornetin.es\/blog\/wp-content\/uploads\/2024\/09\/DM-00024-1024x576.jpg 1024w, https:\/\/www.elcornetin.es\/blog\/wp-content\/uploads\/2024\/09\/DM-00024-150x84.jpg 150w, https:\/\/www.elcornetin.es\/blog\/wp-content\/uploads\/2024\/09\/DM-00024-500x281.jpg 500w\" data-sizes=\"(max-width: 600px) 100vw, 600px\" src=\"data:image\/svg+xml;base64,PHN2ZyB3aWR0aD0iMSIgaGVpZ2h0PSIxIiB4bWxucz0iaHR0cDovL3d3dy53My5vcmcvMjAwMC9zdmciPjwvc3ZnPg==\" style=\"--smush-placeholder-width: 600px; --smush-placeholder-aspect-ratio: 600\/338;\" \/><\/a><\/p>\n<p>Como has notado a mi me han encantado las series aunque se tienen que <strong>recomendar con un cartel de \u00abcuidado, filosof\u00eda y religi\u00f3n en su interior\u00bb<\/strong>. Por eso no he escrito un rese\u00f1a al uso y he llamado a esto informe. Al final uno es uno (y sus circunstancias) y muchas personas pueden disfrutar de las dos series&#8230; d\u00e1ndoles un sentido sin ninguna relaci\u00f3n con todo lo que he escrito.<\/p>\n<h1><\/h1>\n","protected":false},"excerpt":{"rendered":"<p>Dioses Menores, de Terry Pratchett, deber\u00eda de ser de lectura obligatoria. Posiblemente en filosof\u00eda, si es que a\u00fan existe. O en religi\u00f3n, pero&#8230;<\/p>\n","protected":false},"author":14,"featured_media":21540,"comment_status":"open","ping_status":"open","sticky":false,"template":"","format":"standard","meta":{"rop_custom_images_group":[],"rop_custom_messages_group":[],"rop_publish_now":"yes","rop_publish_now_accounts":{"facebook_965112277219911_1711957949078873":"","twitter_719274304828010500_719274304828010500":""},"rop_publish_now_history":[],"rop_publish_now_status":"pending","rating_form_position":"","rating_results_position":"","mr_structured_data_type":"","footnotes":""},"categories":[2044],"tags":[],"class_list":["post-21526","post","type-post","status-publish","format-standard","has-post-thumbnail","hentry","category-sin-categoria-en"],"aioseo_notices":[],"multi-rating":{"mr_rating_results":[{"adjusted_star_result":5,"star_result":5,"total_max_option_value":5,"adjusted_score_result":5,"score_result":5,"percentage_result":100,"adjusted_percentage_result":100,"count":1,"post_id":21526}]},"_links":{"self":[{"href":"https:\/\/www.elcornetin.es\/blog\/wp-json\/wp\/v2\/posts\/21526","targetHints":{"allow":["GET"]}}],"collection":[{"href":"https:\/\/www.elcornetin.es\/blog\/wp-json\/wp\/v2\/posts"}],"about":[{"href":"https:\/\/www.elcornetin.es\/blog\/wp-json\/wp\/v2\/types\/post"}],"author":[{"embeddable":true,"href":"https:\/\/www.elcornetin.es\/blog\/wp-json\/wp\/v2\/users\/14"}],"replies":[{"embeddable":true,"href":"https:\/\/www.elcornetin.es\/blog\/wp-json\/wp\/v2\/comments?post=21526"}],"version-history":[{"count":16,"href":"https:\/\/www.elcornetin.es\/blog\/wp-json\/wp\/v2\/posts\/21526\/revisions"}],"predecessor-version":[{"id":21648,"href":"https:\/\/www.elcornetin.es\/blog\/wp-json\/wp\/v2\/posts\/21526\/revisions\/21648"}],"wp:featuredmedia":[{"embeddable":true,"href":"https:\/\/www.elcornetin.es\/blog\/wp-json\/wp\/v2\/media\/21540"}],"wp:attachment":[{"href":"https:\/\/www.elcornetin.es\/blog\/wp-json\/wp\/v2\/media?parent=21526"}],"wp:term":[{"taxonomy":"category","embeddable":true,"href":"https:\/\/www.elcornetin.es\/blog\/wp-json\/wp\/v2\/categories?post=21526"},{"taxonomy":"post_tag","embeddable":true,"href":"https:\/\/www.elcornetin.es\/blog\/wp-json\/wp\/v2\/tags?post=21526"}],"curies":[{"name":"wp","href":"https:\/\/api.w.org\/{rel}","templated":true}]}}