{"id":21836,"date":"2024-11-25T07:54:48","date_gmt":"2024-11-25T06:54:48","guid":{"rendered":"https:\/\/www.elcornetin.es\/blog\/?p=21836"},"modified":"2024-11-25T08:28:53","modified_gmt":"2024-11-25T07:28:53","slug":"opinion-wicked","status":"publish","type":"post","link":"https:\/\/www.elcornetin.es\/blog\/cine-tv\/opinion-wicked\/","title":{"rendered":"[Opini\u00f3n] Wicked"},"content":{"rendered":"<p>Quiz\u00e1 es verdad y algunas pel\u00edculas necesitan contexto. <a href=\"https:\/\/www.elcornetin.es\/blog\/cine-tv\/ctpel\/informe-wicked\/\" target=\"_blank\" rel=\"noopener\">Presentar un film y explicar algo de sus antecedentes<\/a> puede ayudar a situar al espectador. Tener referencias. O, como escucho a veces a Sergi P\u00e0mies en su secci\u00f3n de \u201ccine\u201d en Rac1\u2026 no necesites nada de toda esa mochila. Llevar una talega gigante a la espalda no ayuda en el camino. Hoy, sin destripes, Wicked.<\/p>\n<p><a href=\"https:\/\/www.elcornetin.es\/blog\/wp-content\/uploads\/2024\/11\/w-555-1913x800.jpg\" target=\"_blank\" rel=\"noopener\"><img decoding=\"async\" class=\"aligncenter wp-image-21840 size-full lazyload\" data-src=\"https:\/\/www.elcornetin.es\/blog\/wp-content\/uploads\/2024\/11\/w-555-1913x800.jpg\" alt=\"\" width=\"1913\" height=\"800\" data-srcset=\"https:\/\/www.elcornetin.es\/blog\/wp-content\/uploads\/2024\/11\/w-555-1913x800.jpg 1913w, https:\/\/www.elcornetin.es\/blog\/wp-content\/uploads\/2024\/11\/w-555-300x125.jpg 300w, https:\/\/www.elcornetin.es\/blog\/wp-content\/uploads\/2024\/11\/w-555-768x321.jpg 768w, https:\/\/www.elcornetin.es\/blog\/wp-content\/uploads\/2024\/11\/w-555-1024x428.jpg 1024w, https:\/\/www.elcornetin.es\/blog\/wp-content\/uploads\/2024\/11\/w-555-1536x642.jpg 1536w, https:\/\/www.elcornetin.es\/blog\/wp-content\/uploads\/2024\/11\/w-555-150x63.jpg 150w, https:\/\/www.elcornetin.es\/blog\/wp-content\/uploads\/2024\/11\/w-555-500x209.jpg 500w\" data-sizes=\"(max-width: 1913px) 100vw, 1913px\" src=\"data:image\/svg+xml;base64,PHN2ZyB3aWR0aD0iMSIgaGVpZ2h0PSIxIiB4bWxucz0iaHR0cDovL3d3dy53My5vcmcvMjAwMC9zdmciPjwvc3ZnPg==\" style=\"--smush-placeholder-width: 1913px; --smush-placeholder-aspect-ratio: 1913\/800;\" \/><\/a><\/p>\n<p>Me mantuve bastante fuera de fen\u00f3meno del estreno de Wicked. En mi caso eso significa que, obvio, mire todos los tr\u00e1ileres y ya hab\u00eda visto avances de las canciones, claro. Eso sin tener en cuenta que mi playlist para animarme incluye tres canciones del musical. Y mi conocimiento previo de la obra lo dejo aparte.<\/p>\n<p>Un ejemplo de ese \u201calejamiento\u201d es, por ejemplo, que fui el primer sorprendido cu\u00e1ndo me encontr\u00e9 la <strong>pel\u00edcula totalmente doblada<\/strong>. Pese a esa sorpresa me alegr\u00e9 y ya en la primera canci\u00f3n <em>La malvada ha muerto<\/em> (supongo que as\u00ed titular\u00e1n en la BSO en espa\u00f1ol) estaba totalmente metido. M\u00e1s tarde me rechinar\u00edan pocas cosas y todas ellas por tener los temas originales en mi cabeza. Eso me llevar\u00eda a ver la versi\u00f3n original (redonda tambi\u00e9n, obviamente). Pero, insisto, no hace falta, la versi\u00f3n doblada es perfecta.<\/p>\n<figure id=\"attachment_21841\" aria-describedby=\"caption-attachment-21841\" style=\"width: 1913px\" class=\"wp-caption aligncenter\"><a href=\"https:\/\/www.elcornetin.es\/blog\/wp-content\/uploads\/2024\/11\/w-520-1913x800.jpg\" target=\"_blank\" rel=\"noopener\"><img decoding=\"async\" class=\"wp-image-21841 size-full lazyload\" data-src=\"https:\/\/www.elcornetin.es\/blog\/wp-content\/uploads\/2024\/11\/w-520-1913x800.jpg\" alt=\"\" width=\"1913\" height=\"800\" data-srcset=\"https:\/\/www.elcornetin.es\/blog\/wp-content\/uploads\/2024\/11\/w-520-1913x800.jpg 1913w, https:\/\/www.elcornetin.es\/blog\/wp-content\/uploads\/2024\/11\/w-520-300x125.jpg 300w, https:\/\/www.elcornetin.es\/blog\/wp-content\/uploads\/2024\/11\/w-520-768x321.jpg 768w, https:\/\/www.elcornetin.es\/blog\/wp-content\/uploads\/2024\/11\/w-520-1024x428.jpg 1024w, https:\/\/www.elcornetin.es\/blog\/wp-content\/uploads\/2024\/11\/w-520-1536x642.jpg 1536w, https:\/\/www.elcornetin.es\/blog\/wp-content\/uploads\/2024\/11\/w-520-150x63.jpg 150w, https:\/\/www.elcornetin.es\/blog\/wp-content\/uploads\/2024\/11\/w-520-500x209.jpg 500w\" data-sizes=\"(max-width: 1913px) 100vw, 1913px\" src=\"data:image\/svg+xml;base64,PHN2ZyB3aWR0aD0iMSIgaGVpZ2h0PSIxIiB4bWxucz0iaHR0cDovL3d3dy53My5vcmcvMjAwMC9zdmciPjwvc3ZnPg==\" style=\"--smush-placeholder-width: 1913px; --smush-placeholder-aspect-ratio: 1913\/800;\" \/><\/a><figcaption id=\"caption-attachment-21841\" class=\"wp-caption-text\">Con todos ustedes: la Universidad de Shiz<\/figcaption><\/figure>\n<p>A eso ayudan el director (Jon M. Chu.) y los guionistas (Winnie Holzman y Stephen Schwartz \u2013 autor de las canciones en la versi\u00f3n teatral -). Trasladan muchas cosas de la pel\u00edcula, a veces usando el copiar y pegar y otras con un \u201cbuf, esto se va a notar mucho\u2026 voy a cambiar alguna cosa\u201d. <strong>Todo homenajea al musical, incluso alguna aparici\u00f3n en forma de cameo.<\/strong> Esta reverencia hac\u00eda el original teatral es un placer para cualquier conocedor de la obra, pero a alguien ne\u00f3fito le va a dar igual. Cu\u00e1ndo se alejan de todo esto tambi\u00e9n aciertan y, para m\u00ed, el montaje que hacen con <em>Bailemos<\/em> es prefecto.<\/p>\n<figure id=\"attachment_21839\" aria-describedby=\"caption-attachment-21839\" style=\"width: 1199px\" class=\"wp-caption aligncenter\"><a href=\"https:\/\/www.elcornetin.es\/blog\/wp-content\/uploads\/2024\/11\/w-111-1199x800.jpg\" target=\"_blank\" rel=\"noopener\"><img decoding=\"async\" class=\"wp-image-21839 size-full lazyload\" data-src=\"https:\/\/www.elcornetin.es\/blog\/wp-content\/uploads\/2024\/11\/w-111-1199x800.jpg\" alt=\"\" width=\"1199\" height=\"800\" data-srcset=\"https:\/\/www.elcornetin.es\/blog\/wp-content\/uploads\/2024\/11\/w-111-1199x800.jpg 1199w, https:\/\/www.elcornetin.es\/blog\/wp-content\/uploads\/2024\/11\/w-111-300x200.jpg 300w, https:\/\/www.elcornetin.es\/blog\/wp-content\/uploads\/2024\/11\/w-111-768x512.jpg 768w, https:\/\/www.elcornetin.es\/blog\/wp-content\/uploads\/2024\/11\/w-111-1024x683.jpg 1024w, https:\/\/www.elcornetin.es\/blog\/wp-content\/uploads\/2024\/11\/w-111-150x100.jpg 150w, https:\/\/www.elcornetin.es\/blog\/wp-content\/uploads\/2024\/11\/w-111-500x334.jpg 500w\" data-sizes=\"(max-width: 1199px) 100vw, 1199px\" src=\"data:image\/svg+xml;base64,PHN2ZyB3aWR0aD0iMSIgaGVpZ2h0PSIxIiB4bWxucz0iaHR0cDovL3d3dy53My5vcmcvMjAwMC9zdmciPjwvc3ZnPg==\" style=\"--smush-placeholder-width: 1199px; --smush-placeholder-aspect-ratio: 1199\/800;\" \/><\/a><figcaption id=\"caption-attachment-21839\" class=\"wp-caption-text\">He venido a divertirme.<\/figcaption><\/figure>\n<p><strong>Los personajes son todos magn\u00edficos<\/strong>. Y aqu\u00ed quiero recalcar a Ariadna Grande. Con lo que hab\u00eda visto, me daba un poco de miedo su interpretaci\u00f3n. Por suerte no puedo estar m\u00e1s equivocado y es una <del>Galinda<\/del> Glinda espectacular. El resto no se quedan atr\u00e1s y mucho menos Cynthia Erivo, con una Elphaba perfecta.<\/p>\n<figure id=\"attachment_21838\" aria-describedby=\"caption-attachment-21838\" style=\"width: 1913px\" class=\"wp-caption aligncenter\"><a href=\"https:\/\/www.elcornetin.es\/blog\/wp-content\/uploads\/2024\/11\/W-0222-1913x800.jpg\" target=\"_blank\" rel=\"noopener\"><img decoding=\"async\" class=\"wp-image-21838 size-full lazyload\" data-src=\"https:\/\/www.elcornetin.es\/blog\/wp-content\/uploads\/2024\/11\/W-0222-1913x800.jpg\" alt=\"\" width=\"1913\" height=\"800\" data-srcset=\"https:\/\/www.elcornetin.es\/blog\/wp-content\/uploads\/2024\/11\/W-0222-1913x800.jpg 1913w, https:\/\/www.elcornetin.es\/blog\/wp-content\/uploads\/2024\/11\/W-0222-300x125.jpg 300w, https:\/\/www.elcornetin.es\/blog\/wp-content\/uploads\/2024\/11\/W-0222-768x321.jpg 768w, https:\/\/www.elcornetin.es\/blog\/wp-content\/uploads\/2024\/11\/W-0222-1024x428.jpg 1024w, https:\/\/www.elcornetin.es\/blog\/wp-content\/uploads\/2024\/11\/W-0222-1536x642.jpg 1536w, https:\/\/www.elcornetin.es\/blog\/wp-content\/uploads\/2024\/11\/W-0222-150x63.jpg 150w, https:\/\/www.elcornetin.es\/blog\/wp-content\/uploads\/2024\/11\/W-0222-500x209.jpg 500w\" data-sizes=\"(max-width: 1913px) 100vw, 1913px\" src=\"data:image\/svg+xml;base64,PHN2ZyB3aWR0aD0iMSIgaGVpZ2h0PSIxIiB4bWxucz0iaHR0cDovL3d3dy53My5vcmcvMjAwMC9zdmciPjwvc3ZnPg==\" style=\"--smush-placeholder-width: 1913px; --smush-placeholder-aspect-ratio: 1913\/800;\" \/><\/a><figcaption id=\"caption-attachment-21838\" class=\"wp-caption-text\">Todos estamos contigo, Galinda<\/figcaption><\/figure>\n<p><strong>Para los amantes de g\u00e9nero es una obra imprescindible<\/strong>, pese a ser una primera parte, aunque lleguen sin referencias o se empachen en colores brillantes (por otra parte, totalmente necesarios para mostrar ciertos aspectos)<strong>. Aquellos que conozcan algo de material original, abrazar\u00e1n los gui\u00f1os y referencias<\/strong>. Un <strong>amante de la fantas\u00eda<\/strong> tambi\u00e9n firmar\u00e1 la propuesta.<strong> Para el resto no deja ser una muy buena pel\u00edcula<\/strong>.<\/p>\n<p>El a\u00f1o que viene vendr\u00e1 la segunda parte, la m\u00e1s dif\u00edcil. El propio Segundo Acto del musical original es m\u00e1s obscuro, espeso y sin tantos temazos. Ser\u00e1 el momento de ver el potencial real de la adaptaci\u00f3n y si consigue transmitir todo el mensaje.<\/p>\n<p><strong>A mi ya me ten\u00eda medio en el bote, pero adem\u00e1s me ha sorprendido<\/strong>. Desde aquella vez que encontr\u00e9 el <a href=\"https:\/\/www.youtube.com\/watch?v=amgPXKrFZVg\" target=\"_blank\" rel=\"noopener\"><em>What&#8217;s is this felling<\/em><\/a> por primera vez han pasado 15 a\u00f1os. A\u00fan hoy es una historia de las que me gusta: otro punto de vista, enfoques nuevos sobre algo conocido, un poco de filosof\u00eda y lucha de clases.<\/p>\n<p>Y, ojal\u00e1, alguien lo vea por primera vez, se le encienda la chispa y nos llegue el musical a Espa\u00f1a. Alguien tiene que arriesgarse, saltar&#8230; y volar.<\/p>\n<p><a href=\"https:\/\/www.elcornetin.es\/blog\/wp-content\/uploads\/2024\/11\/w-990-1913x800.jpg\"><img decoding=\"async\" class=\"alignnone size-full wp-image-21845 lazyload\" data-src=\"https:\/\/www.elcornetin.es\/blog\/wp-content\/uploads\/2024\/11\/w-990-1913x800.jpg\" alt=\"\" width=\"1913\" height=\"800\" data-srcset=\"https:\/\/www.elcornetin.es\/blog\/wp-content\/uploads\/2024\/11\/w-990-1913x800.jpg 1913w, https:\/\/www.elcornetin.es\/blog\/wp-content\/uploads\/2024\/11\/w-990-300x125.jpg 300w, https:\/\/www.elcornetin.es\/blog\/wp-content\/uploads\/2024\/11\/w-990-768x321.jpg 768w, https:\/\/www.elcornetin.es\/blog\/wp-content\/uploads\/2024\/11\/w-990-1024x428.jpg 1024w, https:\/\/www.elcornetin.es\/blog\/wp-content\/uploads\/2024\/11\/w-990-1536x642.jpg 1536w, https:\/\/www.elcornetin.es\/blog\/wp-content\/uploads\/2024\/11\/w-990-150x63.jpg 150w, https:\/\/www.elcornetin.es\/blog\/wp-content\/uploads\/2024\/11\/w-990-500x209.jpg 500w\" data-sizes=\"(max-width: 1913px) 100vw, 1913px\" src=\"data:image\/svg+xml;base64,PHN2ZyB3aWR0aD0iMSIgaGVpZ2h0PSIxIiB4bWxucz0iaHR0cDovL3d3dy53My5vcmcvMjAwMC9zdmciPjwvc3ZnPg==\" style=\"--smush-placeholder-width: 1913px; --smush-placeholder-aspect-ratio: 1913\/800;\" \/><\/a><\/p>\n<p>&nbsp;<\/p>\n","protected":false},"excerpt":{"rendered":"<p>Quiz\u00e1 es verdad y algunas pel\u00edculas necesitan contexto. Presentar un film y explicar algo de sus antecedentes puede ayudar a situar al espectador&#8230;.<\/p>\n","protected":false},"author":14,"featured_media":21837,"comment_status":"open","ping_status":"open","sticky":false,"template":"","format":"standard","meta":{"rop_custom_images_group":[],"rop_custom_messages_group":[],"rop_publish_now":"yes","rop_publish_now_accounts":{"facebook_965112277219911_1711957949078873":"","twitter_719274304828010500_719274304828010500":""},"rop_publish_now_history":[],"rop_publish_now_status":"pending","rating_form_position":"","rating_results_position":"","mr_structured_data_type":"","footnotes":""},"categories":[4,23],"tags":[3254,3248,3249],"class_list":["post-21836","post","type-post","status-publish","format-standard","has-post-thumbnail","hentry","category-cine-tv","category-ctpel","tag-musical","tag-teatro","tag-wicked"],"aioseo_notices":[],"multi-rating":{"mr_rating_results":[{"adjusted_star_result":0,"star_result":0,"total_max_option_value":5,"adjusted_score_result":0,"score_result":0,"percentage_result":0,"adjusted_percentage_result":0,"count":0,"post_id":21836}]},"_links":{"self":[{"href":"https:\/\/www.elcornetin.es\/blog\/wp-json\/wp\/v2\/posts\/21836","targetHints":{"allow":["GET"]}}],"collection":[{"href":"https:\/\/www.elcornetin.es\/blog\/wp-json\/wp\/v2\/posts"}],"about":[{"href":"https:\/\/www.elcornetin.es\/blog\/wp-json\/wp\/v2\/types\/post"}],"author":[{"embeddable":true,"href":"https:\/\/www.elcornetin.es\/blog\/wp-json\/wp\/v2\/users\/14"}],"replies":[{"embeddable":true,"href":"https:\/\/www.elcornetin.es\/blog\/wp-json\/wp\/v2\/comments?post=21836"}],"version-history":[{"count":8,"href":"https:\/\/www.elcornetin.es\/blog\/wp-json\/wp\/v2\/posts\/21836\/revisions"}],"predecessor-version":[{"id":21850,"href":"https:\/\/www.elcornetin.es\/blog\/wp-json\/wp\/v2\/posts\/21836\/revisions\/21850"}],"wp:featuredmedia":[{"embeddable":true,"href":"https:\/\/www.elcornetin.es\/blog\/wp-json\/wp\/v2\/media\/21837"}],"wp:attachment":[{"href":"https:\/\/www.elcornetin.es\/blog\/wp-json\/wp\/v2\/media?parent=21836"}],"wp:term":[{"taxonomy":"category","embeddable":true,"href":"https:\/\/www.elcornetin.es\/blog\/wp-json\/wp\/v2\/categories?post=21836"},{"taxonomy":"post_tag","embeddable":true,"href":"https:\/\/www.elcornetin.es\/blog\/wp-json\/wp\/v2\/tags?post=21836"}],"curies":[{"name":"wp","href":"https:\/\/api.w.org\/{rel}","templated":true}]}}