{"id":22708,"date":"2025-10-22T09:24:18","date_gmt":"2025-10-22T07:24:18","guid":{"rendered":"https:\/\/www.elcornetin.es\/blog\/?p=22708"},"modified":"2025-10-22T09:24:18","modified_gmt":"2025-10-22T07:24:18","slug":"informe-cinco-series-recomendadas-y-poco-vistas-del-2024","status":"publish","type":"post","link":"https:\/\/www.elcornetin.es\/blog\/cine-tv\/informe-cinco-series-recomendadas-y-poco-vistas-del-2024\/","title":{"rendered":"[Informe] Cinco series recomendadas y poco vistas del 2024"},"content":{"rendered":"<p>\u00c9sta vez me voy a dedicar a hacer una serie de post sobre series de a\u00f1os atr\u00e1s, peque\u00f1as recomendaciones de series que no fueron de las que m\u00e1s se habl\u00f3 en dicho a\u00f1o pero que, seg\u00fan mi criterio, merecen la pena echar un rato frente a la pantalla. Ya no dir\u00e9 aquello de \u00absi no tienes nada que ver\u00bb porque hoy eso me parece una utop\u00eda. As\u00ed que vamos a ir a\u00f1o tras a\u00f1o hacia atr\u00e1s con cinco recomendaciones, y hay a\u00f1os que ya veo que lo tengo muy dif\u00edcil&#8230;<\/p>\n<p><!--more--><\/p>\n<p>Lo primero antes de empezar con las elegidas: tienen que ser series estrenadas en el a\u00f1o en cuesti\u00f3n, tienen que haberme gustado y obviamente haberlas visto enteras, y para hacer la criba eliminando series me quedar\u00e9 con las que menos votos tengan en <a href=\"https:\/\/www.filmaffinity.com\/es\/main.html\" target=\"_blank\" rel=\"noopener\">Filmaffinity<\/a>, que es la web que suelo usar para listas, votaciones, etc&#8230; Vamos all\u00e1 con el 2024, \u00e9ste a\u00f1o no lo he tenido muy dif\u00edcil porque vi muchas series que son de sobra conocidas y entre las menos conocidas solo he tenido que hacer dos descartes. El orden ser\u00e1 alfab\u00e9tico:<\/p>\n<h2><img decoding=\"async\" class=\"alignleft size-medium wp-image-22709 lazyload\" data-src=\"https:\/\/www.elcornetin.es\/blog\/wp-content\/uploads\/2025\/10\/kaiju-199x300.jpg\" alt=\"imagen promocional de la serie Kaiju n\u00ba8\" width=\"199\" height=\"300\" data-srcset=\"https:\/\/www.elcornetin.es\/blog\/wp-content\/uploads\/2025\/10\/kaiju-199x300.jpg 199w, https:\/\/www.elcornetin.es\/blog\/wp-content\/uploads\/2025\/10\/kaiju-768x1155.jpg 768w, https:\/\/www.elcornetin.es\/blog\/wp-content\/uploads\/2025\/10\/kaiju-681x1024.jpg 681w, https:\/\/www.elcornetin.es\/blog\/wp-content\/uploads\/2025\/10\/kaiju-150x226.jpg 150w, https:\/\/www.elcornetin.es\/blog\/wp-content\/uploads\/2025\/10\/kaiju-332x500.jpg 332w, https:\/\/www.elcornetin.es\/blog\/wp-content\/uploads\/2025\/10\/kaiju-997x1500.jpg 997w\" data-sizes=\"(max-width: 199px) 100vw, 199px\" src=\"data:image\/svg+xml;base64,PHN2ZyB3aWR0aD0iMSIgaGVpZ2h0PSIxIiB4bWxucz0iaHR0cDovL3d3dy53My5vcmcvMjAwMC9zdmciPjwvc3ZnPg==\" style=\"--smush-placeholder-width: 199px; --smush-placeholder-aspect-ratio: 199\/300;\" \/>&#8211; Kaiju N\u00ba8<\/h2>\n<p>Serie de <strong>anime<\/strong> que es una <strong>adaptaci\u00f3n del manga<\/strong> que se comenz\u00f3 a publicar en 2022 y que fue un \u00e9xito desde el n\u00famero 1. La serie sigue a <strong>Kafka Hibino<\/strong>, un joven que sue\u00f1a con unirse a la <strong>Defensa Anti-Kaiju<\/strong> desde ni\u00f1o. Sin embargo, pese a intentarlo a lo largo de los a\u00f1os numerosas veces no ha podido lograrlo. A sus 32 a\u00f1os, trabaja como limpiador de <em>kaiju<\/em>, frustrado por no poder luchar contra ellos. Su vida da un giro inesperado cuando se encuentra con una criatura <em>kaiju<\/em> y, de manera sorprendente, adquiere la capacidad de transformarse en uno de ellos. Ahora, debe unirse a la Defensa Anti-Kaiju y aprender a controlar sus nuevos poderes mientras desentra\u00f1a los misterios detr\u00e1s de su transformaci\u00f3n y el mundo de los <em>kaiju<\/em>.<\/p>\n<p>Grandes dosis de <strong>acci\u00f3n y comedia<\/strong> dan con la clave de \u00e9ste <em>shonen<\/em> que acaba de concluir su segunda temporada. Si el manga era bueno el anime me parece espectacular, con una animaci\u00f3n brutal por parte de <strong>Production I.G. <\/strong>La primera temporada consta de 12 episodios de unos 25 minutos y se puede ver en <strong>Crunchyroll<\/strong>.<\/p>\n<p>&nbsp;<\/p>\n<p>&nbsp;<\/p>\n<h2><img decoding=\"async\" class=\"size-medium wp-image-22710 alignleft lazyload\" data-src=\"https:\/\/www.elcornetin.es\/blog\/wp-content\/uploads\/2025\/10\/macarena_el_himno_de_un_planeta-971083003-mmed-200x300.jpg\" alt=\"imagen promocional de la serie Macarena el himno de un planeta\" width=\"200\" height=\"300\" data-srcset=\"https:\/\/www.elcornetin.es\/blog\/wp-content\/uploads\/2025\/10\/macarena_el_himno_de_un_planeta-971083003-mmed-200x300.jpg 200w, https:\/\/www.elcornetin.es\/blog\/wp-content\/uploads\/2025\/10\/macarena_el_himno_de_un_planeta-971083003-mmed-150x225.jpg 150w, https:\/\/www.elcornetin.es\/blog\/wp-content\/uploads\/2025\/10\/macarena_el_himno_de_un_planeta-971083003-mmed-300x450.jpg 300w\" data-sizes=\"(max-width: 200px) 100vw, 200px\" src=\"data:image\/svg+xml;base64,PHN2ZyB3aWR0aD0iMSIgaGVpZ2h0PSIxIiB4bWxucz0iaHR0cDovL3d3dy53My5vcmcvMjAwMC9zdmciPjwvc3ZnPg==\" style=\"--smush-placeholder-width: 200px; --smush-placeholder-aspect-ratio: 200\/300;\" \/>&#8211; Macarena: el himno de un planeta<\/h2>\n<p style=\"text-align: left;\">La serie con menos votos de todas. <strong>Serie documental<\/strong> que narra la historia de la m\u00edtica y mundialmente conocida <strong>canci\u00f3n<\/strong> \u00abMacarena\u00bb, que tras 30 a\u00f1os a\u00fan sigue sonando m\u00e1s all\u00e1 de nuestras fronteras. \u00abMacarena\u00bb fue un \u00e9xito sin precedentes e inter generacional, un fen\u00f3meno que ya fue viral antes de que existieran las redes sociales. La serie es contada por los propios <strong>Los del R\u00edo<\/strong> con Antonio Romero y Rafael Ruiz, adem\u00e1s de la participaci\u00f3n de otros m\u00fasicos, productores o periodistas de todo el mundo, que adem\u00e1s nos explicaran la creaci\u00f3n de sus diferentes versiones y videoclips.<\/p>\n<p style=\"text-align: left;\">Historia de nuestro pa\u00eds, de nuestra cultura y de nuestra m\u00fasica. Una serie de tan s\u00f3lo dos episodios que se puede ver en <strong>Movistar+<\/strong>.<\/p>\n<p>&nbsp;<\/p>\n<p>&nbsp;<\/p>\n<p>&nbsp;<\/p>\n<h2><img decoding=\"async\" class=\"size-medium wp-image-22711 alignleft lazyload\" data-src=\"https:\/\/www.elcornetin.es\/blog\/wp-content\/uploads\/2025\/10\/megamix-200x300.jpg\" alt=\"Imagen promocional de la serie Megamix Brutal\" width=\"200\" height=\"300\" data-srcset=\"https:\/\/www.elcornetin.es\/blog\/wp-content\/uploads\/2025\/10\/megamix-200x300.jpg 200w, https:\/\/www.elcornetin.es\/blog\/wp-content\/uploads\/2025\/10\/megamix-150x225.jpg 150w, https:\/\/www.elcornetin.es\/blog\/wp-content\/uploads\/2025\/10\/megamix-267x400.jpg 267w\" data-sizes=\"(max-width: 200px) 100vw, 200px\" src=\"data:image\/svg+xml;base64,PHN2ZyB3aWR0aD0iMSIgaGVpZ2h0PSIxIiB4bWxucz0iaHR0cDovL3d3dy53My5vcmcvMjAwMC9zdmciPjwvc3ZnPg==\" style=\"--smush-placeholder-width: 200px; --smush-placeholder-aspect-ratio: 200\/300;\" \/>&#8211; Megamix Brutal<\/h2>\n<p>Otra <strong>serie documental<\/strong> (me gustan mucho) y musical pero \u00e9sta a\u00f1ade el toque del <strong>true crime<\/strong>, que es la sorpresa en toda la trama. La serie narra la ins\u00f3lita y oscura historia detr\u00e1s del fen\u00f3meno del <strong>megamix<\/strong>, los discos recopilatorios que arrasaron en los a\u00f1os 80 y 90. Todo comienza con la historia de dos amigos, Ricardo Campoy y Miguel Deg\u00e0, que un d\u00eda decidieron crear una discogr\u00e1fica: <strong>Max Music<\/strong>, y descubrieron el megamix, un revolucionario subg\u00e9nero de m\u00fasica de baile. Su ambici\u00f3n creci\u00f3 en paralelo a dicho fen\u00f3meno, llevando a pr\u00e1cticas controvertidas como enga\u00f1ar a trabajadores y sobornar a directivos para lograr el \u00e9xito. La historia culmina en un intento de asesinato y el tr\u00e1gico final de su imperio discogr\u00e1fico.<\/p>\n<p>M\u00e1s historia de nuestra m\u00fasica y de nuestro pa\u00eds, en \u00e9sta se refleja un poco m\u00e1s de la sociedad espa\u00f1ola aunque siempre con el foco de la m\u00fasica de baile, y conocemos un poco lo que es, o era, el negocio discogr\u00e1fico multimillonario. Otra serie corta, son 3 episodios y se puede ver en <strong>RTVE Play<\/strong>. La recomend\u00e9 por encima en el <a href=\"https:\/\/www.elcornetin.es\/blog\/podcast\/podcast-lo-mejor-del-2024-parte-ii\/\" target=\"_blank\" rel=\"noopener\">Podcast #97: Lo mejor del 2024. Parte II<\/a><\/p>\n<p>&nbsp;<\/p>\n<p>&nbsp;<\/p>\n<h2><img decoding=\"async\" class=\"size-medium wp-image-22712 alignleft lazyload\" data-src=\"https:\/\/www.elcornetin.es\/blog\/wp-content\/uploads\/2025\/10\/secret-level-240x300.jpg\" alt=\"Imagen promocional de Secret Level\" width=\"240\" height=\"300\" data-srcset=\"https:\/\/www.elcornetin.es\/blog\/wp-content\/uploads\/2025\/10\/secret-level-240x300.jpg 240w, https:\/\/www.elcornetin.es\/blog\/wp-content\/uploads\/2025\/10\/secret-level-768x960.jpg 768w, https:\/\/www.elcornetin.es\/blog\/wp-content\/uploads\/2025\/10\/secret-level-819x1024.jpg 819w, https:\/\/www.elcornetin.es\/blog\/wp-content\/uploads\/2025\/10\/secret-level-150x188.jpg 150w, https:\/\/www.elcornetin.es\/blog\/wp-content\/uploads\/2025\/10\/secret-level-400x500.jpg 400w, https:\/\/www.elcornetin.es\/blog\/wp-content\/uploads\/2025\/10\/secret-level-1000x1250.jpg 1000w\" data-sizes=\"(max-width: 240px) 100vw, 240px\" src=\"data:image\/svg+xml;base64,PHN2ZyB3aWR0aD0iMSIgaGVpZ2h0PSIxIiB4bWxucz0iaHR0cDovL3d3dy53My5vcmcvMjAwMC9zdmciPjwvc3ZnPg==\" style=\"--smush-placeholder-width: 240px; --smush-placeholder-aspect-ratio: 240\/300;\" \/>&#8211; Secret level<\/h2>\n<p style=\"text-align: left;\">No es un anime pero s\u00ed es una <strong>serie de animaci\u00f3n<\/strong>. Secret Level es una serie para los <strong>amantes de los videojuegos<\/strong>, no se puede hacer un resumen o sinopsis ya que cada episodio trata sobre un videojuego diferente, quiz\u00e1 alguno lo hayas jugado o no pero su calidad no est\u00e1 en duda y sus historias te dejar\u00e1n fascinado. Los diferentes videojuegos que aparecen son <strong>Warhammer 40,000, Dungeons &amp; Dragons, Mega Man o PAC-MAN<\/strong>, entre otros (son 15 en total). Es de los creadores de la aclamada <strong>Love, Death &amp; Robots<\/strong> y sigue el mismo patr\u00f3n, historias no relacionadas y episodios de duraci\u00f3n variable, seg\u00fan lo que exija cada historia, pero generalmente cortos.<\/p>\n<p style=\"text-align: left;\">Renovada para una segunda temporada que est\u00e1 por estrenarse, la serie consta de 15 episodios y puede verse en Amazon Prime Video. No esperaba mucho y me fascin\u00f3, me ha sorprendido que no tuviera m\u00e1s votos&#8230;<\/p>\n<p>&nbsp;<\/p>\n<p>&nbsp;<\/p>\n<h2><img decoding=\"async\" class=\"alignleft size-medium wp-image-22713 lazyload\" data-src=\"https:\/\/www.elcornetin.es\/blog\/wp-content\/uploads\/2025\/10\/senna-240x300.jpg\" alt=\"Imagen promocional de la serie Senna\" width=\"240\" height=\"300\" data-srcset=\"https:\/\/www.elcornetin.es\/blog\/wp-content\/uploads\/2025\/10\/senna-240x300.jpg 240w, https:\/\/www.elcornetin.es\/blog\/wp-content\/uploads\/2025\/10\/senna-768x960.jpg 768w, https:\/\/www.elcornetin.es\/blog\/wp-content\/uploads\/2025\/10\/senna-819x1024.jpg 819w, https:\/\/www.elcornetin.es\/blog\/wp-content\/uploads\/2025\/10\/senna-150x188.jpg 150w, https:\/\/www.elcornetin.es\/blog\/wp-content\/uploads\/2025\/10\/senna-400x500.jpg 400w, https:\/\/www.elcornetin.es\/blog\/wp-content\/uploads\/2025\/10\/senna-1080x1350.jpg 1080w\" data-sizes=\"(max-width: 240px) 100vw, 240px\" src=\"data:image\/svg+xml;base64,PHN2ZyB3aWR0aD0iMSIgaGVpZ2h0PSIxIiB4bWxucz0iaHR0cDovL3d3dy53My5vcmcvMjAwMC9zdmciPjwvc3ZnPg==\" style=\"--smush-placeholder-width: 240px; --smush-placeholder-aspect-ratio: 240\/300;\" \/>&#8211; Senna<\/h2>\n<p><em>Senna<\/em> es un <strong>drama biogr\u00e1fico<\/strong> que aborda la vida y carrera profesional del piloto de automovilismo <strong>Ayrton Senna<\/strong>. Comienza desde sus inicios en karts y monoplazas de la F\u00f3rmula Ford hasta su tr\u00e1gica muerte en el Gran Premio de San Marino de F\u00f3rmula 1 en 1994. La serie explora los \u00e9xitos deportivos de Senna, incluyendo sus tres campeonatos mundiales de F\u00f3rmula 1, as\u00ed como sus intensas rivalidades en las pistas, especialmente con Alain Prost. Tambi\u00e9n se muestra su vida personal, sus relaciones familiares y su conexi\u00f3n con Brasil. El actor Gabriel Leone interpreta a Senna, mientras que Matt Mella interpreta a Alain Prost. Me sorprendi\u00f3 la calidad en las escenas de las carreras, aunque estamos en una ficci\u00f3n y hay cosas que no son exactamente iguales es muy disfrutable.<\/p>\n<p>Es un <strong>miniserie<\/strong> brasile\u00f1a que puede verse en <strong>Netflix<\/strong> y se compone de seis episodios de aproximadamente una hora de duraci\u00f3n.<\/p>\n<p>&nbsp;<\/p>\n<p>&nbsp;<\/p>\n<p>Las primeras cinco recomendaciones de la tanda de series por a\u00f1os, casualmente cada una de una plataforma diferente. Como dir\u00edan en Vivancos \u00absi gustan haremos las anteriores\u00bb. En \u00e9ste caso las har\u00e9 igualmente.<\/p>\n","protected":false},"excerpt":{"rendered":"<p>\u00c9sta vez me voy a dedicar a hacer una serie de post sobre series de a\u00f1os atr\u00e1s, peque\u00f1as recomendaciones de series que no&#8230;<\/p>\n","protected":false},"author":8,"featured_media":22716,"comment_status":"open","ping_status":"open","sticky":false,"template":"","format":"standard","meta":{"rop_custom_images_group":[],"rop_custom_messages_group":[],"rop_publish_now":"yes","rop_publish_now_accounts":{"facebook_965112277219911_1711957949078873":"","twitter_719274304828010500_719274304828010500":""},"rop_publish_now_history":[],"rop_publish_now_status":"pending","rating_form_position":"","rating_results_position":"","mr_structured_data_type":"","footnotes":""},"categories":[4,22],"tags":[2780,2733,2443,3372,2821,3187,2429,2105,2900,2291],"class_list":["post-22708","post","type-post","status-publish","format-standard","has-post-thumbnail","hentry","category-cine-tv","category-ctser","tag-amazon-prime-video","tag-animacion","tag-anime","tag-crunchyroll","tag-documental","tag-drama","tag-movistar","tag-netflix","tag-rtve","tag-series"],"aioseo_notices":[],"multi-rating":{"mr_rating_results":[{"adjusted_star_result":0,"star_result":0,"total_max_option_value":5,"adjusted_score_result":0,"score_result":0,"percentage_result":0,"adjusted_percentage_result":0,"count":0,"post_id":22708}]},"_links":{"self":[{"href":"https:\/\/www.elcornetin.es\/blog\/wp-json\/wp\/v2\/posts\/22708","targetHints":{"allow":["GET"]}}],"collection":[{"href":"https:\/\/www.elcornetin.es\/blog\/wp-json\/wp\/v2\/posts"}],"about":[{"href":"https:\/\/www.elcornetin.es\/blog\/wp-json\/wp\/v2\/types\/post"}],"author":[{"embeddable":true,"href":"https:\/\/www.elcornetin.es\/blog\/wp-json\/wp\/v2\/users\/8"}],"replies":[{"embeddable":true,"href":"https:\/\/www.elcornetin.es\/blog\/wp-json\/wp\/v2\/comments?post=22708"}],"version-history":[{"count":7,"href":"https:\/\/www.elcornetin.es\/blog\/wp-json\/wp\/v2\/posts\/22708\/revisions"}],"predecessor-version":[{"id":22728,"href":"https:\/\/www.elcornetin.es\/blog\/wp-json\/wp\/v2\/posts\/22708\/revisions\/22728"}],"wp:featuredmedia":[{"embeddable":true,"href":"https:\/\/www.elcornetin.es\/blog\/wp-json\/wp\/v2\/media\/22716"}],"wp:attachment":[{"href":"https:\/\/www.elcornetin.es\/blog\/wp-json\/wp\/v2\/media?parent=22708"}],"wp:term":[{"taxonomy":"category","embeddable":true,"href":"https:\/\/www.elcornetin.es\/blog\/wp-json\/wp\/v2\/categories?post=22708"},{"taxonomy":"post_tag","embeddable":true,"href":"https:\/\/www.elcornetin.es\/blog\/wp-json\/wp\/v2\/tags?post=22708"}],"curies":[{"name":"wp","href":"https:\/\/api.w.org\/{rel}","templated":true}]}}