{"id":22827,"date":"2025-12-03T21:33:09","date_gmt":"2025-12-03T20:33:09","guid":{"rendered":"https:\/\/www.elcornetin.es\/blog\/?p=22827"},"modified":"2025-12-03T21:33:09","modified_gmt":"2025-12-03T20:33:09","slug":"directo-club-de-lectura-trilogia-neimhaim","status":"publish","type":"post","link":"https:\/\/www.elcornetin.es\/blog\/podcast\/directo-club-de-lectura-trilogia-neimhaim\/","title":{"rendered":"[Directo] Club de Lectura: Trilog\u00eda Neimhaim"},"content":{"rendered":"<p><span style=\"font-family: arial, helvetica, sans-serif;\">\u00a1Este mes no hay podcast! En vez de ello hemos organizado un club de lectura sobra una de las sagas que mas nos est\u00e1n gustando: \u00a1<a href=\"https:\/\/www.elcornetin.es\/blog\/?s=Neimhaim\" target=\"_blank\" rel=\"noopener\">Neimhaim<\/a>!<\/span><\/p>\n<p><span style=\"font-family: arial, helvetica, sans-serif;\">Para ello nos reunimos unos cuantos fan\u00e1ticos en una librer\u00eda y charlamos con la autora en directo. El resultado pod\u00e9is verlo en el <a href=\"https:\/\/www.youtube.com\/@Neimhaim\" target=\"_blank\" rel=\"noopener\">canal de Youtube de Neimhaim.<\/a> Mas abajo podeis ver el video de tan gran evento.<\/span><\/p>\n<p><span style=\"font-family: arial, helvetica, sans-serif;\">\u00bfOs gustar\u00eda que hici\u00e9ramos mas quedadas de este tipo? \u00bfDe que libros o c\u00f3mics?<\/span><\/p>\n<p><iframe title=\"Club de lectura de la saga Neimhaim (en orden de lectura)\" width=\"640\" height=\"360\" data-src=\"https:\/\/www.youtube.com\/embed\/ism7wU2VdCM?feature=oembed\" frameborder=\"0\" allow=\"accelerometer; autoplay; clipboard-write; encrypted-media; gyroscope; picture-in-picture; web-share\" referrerpolicy=\"strict-origin-when-cross-origin\" allowfullscreen src=\"data:image\/svg+xml;base64,PHN2ZyB3aWR0aD0iMSIgaGVpZ2h0PSIxIiB4bWxucz0iaHR0cDovL3d3dy53My5vcmcvMjAwMC9zdmciPjwvc3ZnPg==\" class=\"lazyload\" data-load-mode=\"1\"><\/iframe><\/p>\n","protected":false},"excerpt":{"rendered":"<p>\u00a1Este mes no hay podcast! En vez de ello hemos organizado un club de lectura sobra una de las sagas que mas nos&#8230;<\/p>\n","protected":false},"author":5,"featured_media":22828,"comment_status":"open","ping_status":"open","sticky":false,"template":"","format":"standard","meta":{"rop_custom_images_group":[],"rop_custom_messages_group":[],"rop_publish_now":"yes","rop_publish_now_accounts":{"facebook_965112277219911_1711957949078873":"","twitter_719274304828010500_719274304828010500":""},"rop_publish_now_history":[],"rop_publish_now_status":"pending","rating_form_position":"","rating_results_position":"","mr_structured_data_type":"","footnotes":""},"categories":[318],"tags":[],"class_list":["post-22827","post","type-post","status-publish","format-standard","has-post-thumbnail","hentry","category-podcast"],"aioseo_notices":[],"multi-rating":{"mr_rating_results":[{"adjusted_star_result":0,"star_result":0,"total_max_option_value":5,"adjusted_score_result":0,"score_result":0,"percentage_result":0,"adjusted_percentage_result":0,"count":0,"post_id":22827}]},"_links":{"self":[{"href":"https:\/\/www.elcornetin.es\/blog\/wp-json\/wp\/v2\/posts\/22827","targetHints":{"allow":["GET"]}}],"collection":[{"href":"https:\/\/www.elcornetin.es\/blog\/wp-json\/wp\/v2\/posts"}],"about":[{"href":"https:\/\/www.elcornetin.es\/blog\/wp-json\/wp\/v2\/types\/post"}],"author":[{"embeddable":true,"href":"https:\/\/www.elcornetin.es\/blog\/wp-json\/wp\/v2\/users\/5"}],"replies":[{"embeddable":true,"href":"https:\/\/www.elcornetin.es\/blog\/wp-json\/wp\/v2\/comments?post=22827"}],"version-history":[{"count":1,"href":"https:\/\/www.elcornetin.es\/blog\/wp-json\/wp\/v2\/posts\/22827\/revisions"}],"predecessor-version":[{"id":22829,"href":"https:\/\/www.elcornetin.es\/blog\/wp-json\/wp\/v2\/posts\/22827\/revisions\/22829"}],"wp:featuredmedia":[{"embeddable":true,"href":"https:\/\/www.elcornetin.es\/blog\/wp-json\/wp\/v2\/media\/22828"}],"wp:attachment":[{"href":"https:\/\/www.elcornetin.es\/blog\/wp-json\/wp\/v2\/media?parent=22827"}],"wp:term":[{"taxonomy":"category","embeddable":true,"href":"https:\/\/www.elcornetin.es\/blog\/wp-json\/wp\/v2\/categories?post=22827"},{"taxonomy":"post_tag","embeddable":true,"href":"https:\/\/www.elcornetin.es\/blog\/wp-json\/wp\/v2\/tags?post=22827"}],"curies":[{"name":"wp","href":"https:\/\/api.w.org\/{rel}","templated":true}]}}