{"id":2698,"date":"2017-03-27T10:13:39","date_gmt":"2017-03-27T09:13:39","guid":{"rendered":"http:\/\/www.elcornetin.es\/blog\/?p=2698"},"modified":"2017-03-28T08:04:23","modified_gmt":"2017-03-28T07:04:23","slug":"resena-logan","status":"publish","type":"post","link":"https:\/\/www.elcornetin.es\/blog\/cine-tv\/resena-logan\/","title":{"rendered":"[Rese\u00f1a] Logan"},"content":{"rendered":"<p style=\"text-align: justify;\">El pasado <strong>3 de marzo se estren\u00f3 la pel\u00edcula Logan<\/strong>, la despedida de Hugh Jackman del personaje y con la que el actor quer\u00eda dar el Do de pecho.<\/p>\n<p>\u00bfLo consigui\u00f3?\u00a0<!--more--><\/p>\n<p style=\"text-align: justify;\">Hace tiempo que <strong>decid\u00ed ver un solo tr\u00e1iler de las pel\u00edculas y fiarme de mi propio instinto<\/strong> y no de las webs especializadas, que simplifican al m\u00e1ximo la valoraci\u00f3n (Dedo <em>pa<\/em>\u00b4arriba\/ Dedo <em>pa<\/em>\u00b4abajo u Obra Maestra\/Puta Mierda).<\/p>\n<p style=\"text-align: justify;\">La primera pel\u00edcula con la que he podido hacer esta prueba es <strong>Logan<\/strong>.<\/p>\n<p>&nbsp;<\/p>\n<figure id=\"attachment_2711\" aria-describedby=\"caption-attachment-2711\" style=\"width: 300px\" class=\"wp-caption alignleft\"><a href=\"http:\/\/www.elcornetin.es\/blog\/cine-tv\/resena-logan\/attachment\/logan12\/\" rel=\"attachment wp-att-2711\"><img decoding=\"async\" class=\"wp-image-2711 size-medium lazyload\" data-src=\"http:\/\/www.elcornetin.es\/blog\/wp-content\/uploads\/2017\/03\/logan12-300x150.jpg\" alt=\"\" width=\"300\" height=\"150\" data-srcset=\"https:\/\/www.elcornetin.es\/blog\/wp-content\/uploads\/2017\/03\/logan12-300x150.jpg 300w, https:\/\/www.elcornetin.es\/blog\/wp-content\/uploads\/2017\/03\/logan12-768x384.jpg 768w, https:\/\/www.elcornetin.es\/blog\/wp-content\/uploads\/2017\/03\/logan12-1024x512.jpg 1024w, https:\/\/www.elcornetin.es\/blog\/wp-content\/uploads\/2017\/03\/logan12-150x75.jpg 150w, https:\/\/www.elcornetin.es\/blog\/wp-content\/uploads\/2017\/03\/logan12-500x250.jpg 500w, https:\/\/www.elcornetin.es\/blog\/wp-content\/uploads\/2017\/03\/logan12.jpg 1400w\" data-sizes=\"(max-width: 300px) 100vw, 300px\" src=\"data:image\/svg+xml;base64,PHN2ZyB3aWR0aD0iMSIgaGVpZ2h0PSIxIiB4bWxucz0iaHR0cDovL3d3dy53My5vcmcvMjAwMC9zdmciPjwvc3ZnPg==\" style=\"--smush-placeholder-width: 300px; --smush-placeholder-aspect-ratio: 300\/150;\" \/><\/a><figcaption id=\"caption-attachment-2711\" class=\"wp-caption-text\">Logan y X-23<\/figcaption><\/figure>\n<p style=\"text-align: justify;\">La pel\u00edcula solo toma la premisa del c\u00f3mic de Mark Millar, <em><strong>Old Man Logan<\/strong><\/em>, de mostrar un<strong> Lobezno\/Logan agotado y derrotado. <\/strong>El por qu\u00e9 es algo que el espectador desconoce. Casi 20 a\u00f1os en el futuro, los mutantes est\u00e1n a punto de desaparecer.\u00a0Lobezno malvive conduciendo una limusina en la frontera entre M\u00e9xico y Texas. Junto a \u00e9l, est\u00e1<strong> un profesor Xavier<\/strong> <strong>demasiado mayor y enfermo<\/strong> (tranquilos, esto queda patente desde el principio) <strong>y Caliban<\/strong>, mutante albino capaz de rastrear a otros mutantes <del>(no ha estado presente en otras entregas de las pel\u00edculas sobre los mutantes)<\/del>. Los tres<strong> intentan ocultarse del mundo<\/strong> y olvidar su legado <strong>hasta la aparici\u00f3n de la joven Laura Kinne (X-23)<\/strong>, una joven mutante perseguida por los Cosechadores. Desde ese momento,<strong>\u00a0Logan deber\u00e1 escoltar a X-23 hasta EDEN,<\/strong> el \u00faltimo refugio de los mutantes.<\/p>\n<p style=\"text-align: justify;\"><strong><em>Logan<\/em>\u00a0<\/strong>est\u00e1 m\u00e1s cerca del <strong><em>western<\/em><\/strong> crepuscular al m\u00e1s puro estilo Sin Perd\u00f3n, Valor de Ley o de Le\u00f3n el Profesional, que de una pel\u00edcula de superh\u00e9roes, al uso que nos tiene acostumbrados Marvel Studio. Aunque la productora es la Fox, la mayor\u00eda de las pel\u00edculas de superh\u00e9roes est\u00e1n siguiendo la f\u00f3rmula de pel\u00edcula familiar inventada por Disney. Desde la primera escena se deshecha la idea de Millar:<strong>\u00a0crear su propio ambiente, la\u00a0sensaci\u00f3n del fin de una era<\/strong>, el fin del sue\u00f1o de Xavier, en el que<strong> todos nuestros h\u00e9roes han sido vencidos<\/strong>.<\/p>\n<figure id=\"attachment_2705\" aria-describedby=\"caption-attachment-2705\" style=\"width: 300px\" class=\"wp-caption alignleft\"><a href=\"http:\/\/www.elcornetin.es\/blog\/cine-tv\/resena-logan\/attachment\/logan02\/\" target=\"_blank\" rel=\"attachment wp-att-2705\"><img decoding=\"async\" class=\"wp-image-2705 size-medium lazyload\" data-src=\"http:\/\/www.elcornetin.es\/blog\/wp-content\/uploads\/2017\/03\/logan02-300x150.jpg\" alt=\"\" width=\"300\" height=\"150\" data-srcset=\"https:\/\/www.elcornetin.es\/blog\/wp-content\/uploads\/2017\/03\/logan02-300x150.jpg 300w, https:\/\/www.elcornetin.es\/blog\/wp-content\/uploads\/2017\/03\/logan02-768x384.jpg 768w, https:\/\/www.elcornetin.es\/blog\/wp-content\/uploads\/2017\/03\/logan02-1024x512.jpg 1024w, https:\/\/www.elcornetin.es\/blog\/wp-content\/uploads\/2017\/03\/logan02-150x75.jpg 150w, https:\/\/www.elcornetin.es\/blog\/wp-content\/uploads\/2017\/03\/logan02-500x250.jpg 500w, https:\/\/www.elcornetin.es\/blog\/wp-content\/uploads\/2017\/03\/logan02.jpg 1600w\" data-sizes=\"(max-width: 300px) 100vw, 300px\" src=\"data:image\/svg+xml;base64,PHN2ZyB3aWR0aD0iMSIgaGVpZ2h0PSIxIiB4bWxucz0iaHR0cDovL3d3dy53My5vcmcvMjAwMC9zdmciPjwvc3ZnPg==\" style=\"--smush-placeholder-width: 300px; --smush-placeholder-aspect-ratio: 300\/150;\" \/><\/a><figcaption id=\"caption-attachment-2705\" class=\"wp-caption-text\">Charles Xavier<\/figcaption><\/figure>\n<p style=\"text-align: justify;\">Ante la imposibilidad de realizar el c\u00f3mic de Millar por asuntos legales, <strong>se ha creado una historia original<\/strong> y que no se ha visto en ning\u00fan c\u00f3mic. Hay que agradecer que el gui\u00f3n no revele todo lo que ha pasado hasta el momento en que se encuentra la pel\u00edcula e insin\u00fae m\u00e1s de lo que muestra, \u00a0que sea el espectador el que rellene los huecos y aun as\u00ed no pierda inter\u00e9s en la acci\u00f3n, a\u00fan sin poseer un conocimiento exhaustivo del universo X-Men.<\/p>\n<p style=\"text-align: justify;\"><strong><em>Logan<\/em> ha sido, pues, una bocanada de aire fresco en el cine\u00a0de superh\u00e9roes<\/strong>, que ya est\u00e1 rayando lo repetitivo. Con una historia original y alej\u00e1ndose de lo marcado en pel\u00edculas anteriores para crear su propia historia, funciona muy bien y entretiene.<\/p>\n<figure id=\"attachment_2714\" aria-describedby=\"caption-attachment-2714\" style=\"width: 202px\" class=\"wp-caption alignleft\"><a href=\"http:\/\/www.elcornetin.es\/blog\/cine-tv\/resena-logan\/attachment\/efcdeab9b59a3f638fb9d25b4ec393dd\/\" target=\"_blank\" rel=\"attachment wp-att-2714\"><img decoding=\"async\" class=\"wp-image-2714 size-medium lazyload\" data-src=\"http:\/\/www.elcornetin.es\/blog\/wp-content\/uploads\/2017\/03\/efcdeab9b59a3f638fb9d25b4ec393dd-202x300.jpg\" alt=\"\" width=\"202\" height=\"300\" data-srcset=\"https:\/\/www.elcornetin.es\/blog\/wp-content\/uploads\/2017\/03\/efcdeab9b59a3f638fb9d25b4ec393dd-202x300.jpg 202w, https:\/\/www.elcornetin.es\/blog\/wp-content\/uploads\/2017\/03\/efcdeab9b59a3f638fb9d25b4ec393dd-691x1024.jpg 691w, https:\/\/www.elcornetin.es\/blog\/wp-content\/uploads\/2017\/03\/efcdeab9b59a3f638fb9d25b4ec393dd-150x222.jpg 150w, https:\/\/www.elcornetin.es\/blog\/wp-content\/uploads\/2017\/03\/efcdeab9b59a3f638fb9d25b4ec393dd-337x500.jpg 337w, https:\/\/www.elcornetin.es\/blog\/wp-content\/uploads\/2017\/03\/efcdeab9b59a3f638fb9d25b4ec393dd.jpg 736w\" data-sizes=\"(max-width: 202px) 100vw, 202px\" src=\"data:image\/svg+xml;base64,PHN2ZyB3aWR0aD0iMSIgaGVpZ2h0PSIxIiB4bWxucz0iaHR0cDovL3d3dy53My5vcmcvMjAwMC9zdmciPjwvc3ZnPg==\" style=\"--smush-placeholder-width: 202px; --smush-placeholder-aspect-ratio: 202\/300;\" \/><\/a><figcaption id=\"caption-attachment-2714\" class=\"wp-caption-text\"><em>Portada \u00abVintage\u00bb, dedicada a nuestra Correctora.<\/em><\/figcaption><\/figure>\n<h6>\u00bfLo mejor?<\/h6>\n<p style=\"text-align: justify;\">Sin duda, la historia y el ambiente que respira toda la pel\u00edcula. \u00a0Con un final muy digno para el Lobezno de Hugh Jackman: otros vendr\u00e1n, pero \u00e9l ser\u00e1 el referente a superar, a\u00fan con sus dos pel\u00edculas \u201cmenores\u201d en solitario.<\/p>\n<h6>\u00bfLo peor?<\/h6>\n<p style=\"text-align: justify;\">Si hay que destacar algo, Los <strong>Cosechadores<\/strong>, los malos. Creo que\u00a0no han sido aprovechados como debiera, mostr\u00e1ndose como una serie de mercenarios con implantes cibern\u00e9ticos, por un mero aspecto visual. Una l\u00e1stima, pues fueron los antagonistas principales en la saga de La ca\u00edda de los mutantes.<\/p>\n<p style=\"text-align: justify;\">Como <strong>nota final<\/strong>, la pel\u00edcula contiene numerosas escenas violentas y <strong>no la recomiendo para ni\u00f1os peque\u00f1os<\/strong>. Pude ver a numerosos<strong>\u00a0padres que eran acompa\u00f1ados por los ni\u00f1os<\/strong> para ver la pel\u00edcula y desde la primera escena se deja claro que no es una versi\u00f3n amable de Lobezno.<\/p>\n<p style=\"text-align: justify;\">Para terminar, os dejo un v\u00eddeo de <a href=\"https:\/\/twitter.com\/DannyBocabit\">@DannyBocabit<\/a> comentando el c\u00f3mic que se\u00f1alamos al principio.<\/p>\n<p>https:\/\/www.youtube.com\/watch?v=T_9Hp125gf4<\/p>\n<p>PD: Me han comunicado que Caliban aparece en X-Men: La Era de Apocalipsis. Es cierto, y hemos\u00a0corregido el art\u00edculo.<\/p>\n","protected":false},"excerpt":{"rendered":"<p>El pasado 3 de marzo se estren\u00f3 la pel\u00edcula Logan, la despedida de Hugh Jackman del personaje y con la que el actor&#8230;<\/p>\n","protected":false},"author":5,"featured_media":2702,"comment_status":"open","ping_status":"open","sticky":false,"template":"","format":"standard","meta":{"rop_custom_images_group":[],"rop_custom_messages_group":[],"rop_publish_now":"initial","rop_publish_now_accounts":{"facebook_965112277219911_1711957949078873":"","twitter_719274304828010500_719274304828010500":""},"rop_publish_now_history":[],"rop_publish_now_status":"pending","rating_form_position":"","rating_results_position":"","mr_structured_data_type":"","footnotes":""},"categories":[4,21,12,23],"tags":[],"class_list":["post-2698","post","type-post","status-publish","format-standard","has-post-thumbnail","hentry","category-cine-tv","category-coint","category-comics","category-ctpel"],"aioseo_notices":[],"multi-rating":{"mr_rating_results":[{"adjusted_star_result":0,"star_result":0,"total_max_option_value":5,"adjusted_score_result":0,"score_result":0,"percentage_result":0,"adjusted_percentage_result":0,"count":0,"post_id":2698}]},"_links":{"self":[{"href":"https:\/\/www.elcornetin.es\/blog\/wp-json\/wp\/v2\/posts\/2698","targetHints":{"allow":["GET"]}}],"collection":[{"href":"https:\/\/www.elcornetin.es\/blog\/wp-json\/wp\/v2\/posts"}],"about":[{"href":"https:\/\/www.elcornetin.es\/blog\/wp-json\/wp\/v2\/types\/post"}],"author":[{"embeddable":true,"href":"https:\/\/www.elcornetin.es\/blog\/wp-json\/wp\/v2\/users\/5"}],"replies":[{"embeddable":true,"href":"https:\/\/www.elcornetin.es\/blog\/wp-json\/wp\/v2\/comments?post=2698"}],"version-history":[{"count":18,"href":"https:\/\/www.elcornetin.es\/blog\/wp-json\/wp\/v2\/posts\/2698\/revisions"}],"predecessor-version":[{"id":2724,"href":"https:\/\/www.elcornetin.es\/blog\/wp-json\/wp\/v2\/posts\/2698\/revisions\/2724"}],"wp:featuredmedia":[{"embeddable":true,"href":"https:\/\/www.elcornetin.es\/blog\/wp-json\/wp\/v2\/media\/2702"}],"wp:attachment":[{"href":"https:\/\/www.elcornetin.es\/blog\/wp-json\/wp\/v2\/media?parent=2698"}],"wp:term":[{"taxonomy":"category","embeddable":true,"href":"https:\/\/www.elcornetin.es\/blog\/wp-json\/wp\/v2\/categories?post=2698"},{"taxonomy":"post_tag","embeddable":true,"href":"https:\/\/www.elcornetin.es\/blog\/wp-json\/wp\/v2\/tags?post=2698"}],"curies":[{"name":"wp","href":"https:\/\/api.w.org\/{rel}","templated":true}]}}