{"id":5027,"date":"2017-12-26T08:00:44","date_gmt":"2017-12-26T07:00:44","guid":{"rendered":"http:\/\/www.elcornetin.es\/blog\/?p=5027"},"modified":"2021-09-22T18:15:40","modified_gmt":"2021-09-22T16:15:40","slug":"series-yo-creci-viendo","status":"publish","type":"post","link":"https:\/\/www.elcornetin.es\/blog\/cine-tv\/series-yo-creci-viendo\/","title":{"rendered":"[Series ] Yo crec\u00ed viendo&#8230;"},"content":{"rendered":"<p style=\"text-align: justify;\">Durante los 90 hubo una explosi\u00f3n de series de animaci\u00f3n que marcaron a toda una generaci\u00f3n. Aunque no han ca\u00eddo en el olvido, muchas de ellas son ahora dif\u00edciles de volver a ver.<\/p>\n<p style=\"text-align: justify;\">De todas ellas hemos seleccionado 5 series que creemos que son una referencia de todas ellas. Si ten\u00e9is la oportunidad no dej\u00e9is de verlas.<\/p>\n<p style=\"text-align: justify;\"><!--more--><\/p>\n<h6 style=\"text-align: justify;\"><a href=\"http:\/\/www.elcornetin.es\/blog\/wp-content\/uploads\/2017\/12\/ranma-y-medio-2.jpg\"><img decoding=\"async\" class=\"aligncenter size-full wp-image-5102 lazyload\" data-src=\"http:\/\/www.elcornetin.es\/blog\/wp-content\/uploads\/2017\/12\/ranma-y-medio-2.jpg\" alt=\"\" width=\"985\" height=\"661\" data-srcset=\"https:\/\/www.elcornetin.es\/blog\/wp-content\/uploads\/2017\/12\/ranma-y-medio-2.jpg 985w, https:\/\/www.elcornetin.es\/blog\/wp-content\/uploads\/2017\/12\/ranma-y-medio-2-300x201.jpg 300w, https:\/\/www.elcornetin.es\/blog\/wp-content\/uploads\/2017\/12\/ranma-y-medio-2-768x515.jpg 768w, https:\/\/www.elcornetin.es\/blog\/wp-content\/uploads\/2017\/12\/ranma-y-medio-2-150x101.jpg 150w, https:\/\/www.elcornetin.es\/blog\/wp-content\/uploads\/2017\/12\/ranma-y-medio-2-500x336.jpg 500w\" data-sizes=\"(max-width: 985px) 100vw, 985px\" src=\"data:image\/svg+xml;base64,PHN2ZyB3aWR0aD0iMSIgaGVpZ2h0PSIxIiB4bWxucz0iaHR0cDovL3d3dy53My5vcmcvMjAwMC9zdmciPjwvc3ZnPg==\" style=\"--smush-placeholder-width: 985px; --smush-placeholder-aspect-ratio: 985\/661;\" \/><\/a><a href=\"https:\/\/www.youtube.com\/watch?v=xMJbmdqucfo\">Ranma \u00bd<\/a> (1989-1992) [Kitty Films]<\/h6>\n<p style=\"text-align: justify;\"><strong>Emitida<\/strong>\u00a0de lunes a viernes, por las ma\u00f1anas en Antena 3, ten\u00eda que dejar grab\u00e1ndola para poder verla.<\/p>\n<p style=\"text-align: justify;\">Mientras que <em>Caballeros del Zodiaco<\/em> o <em>Dragon Ball<\/em> gozan de buena salud y se pueden ver con cierta facilidad, el anime de <em>Ranma \u00bd<\/em> no ha tenido la misma suerte, mientras que <strong>el manga se ha reeditado varias veces<\/strong>.<\/p>\n<p style=\"text-align: justify;\"><strong><a href=\"https:\/\/www.google.es\/url?sa=t&amp;rct=j&amp;q=&amp;esrc=s&amp;source=web&amp;cd=1&amp;ved=0ahUKEwjIl82GyZXYAhWSh7QKHXg5DcMQFggoMAA&amp;url=https%3A%2F%2Fes.wikipedia.org%2Fwiki%2FRumiko_Takahashi&amp;usg=AOvVaw0Zlq2vucfPMvLtumQlvQn0\">Rumiko Takahashi<\/a>, <\/strong>cuenta las aventuras de<strong> Ranma<\/strong>, un chico que <strong>sufre una maldici\u00f3n que le transforma en chica cuando se moja con agua fr\u00eda<\/strong> y que esta prometido a<strong> Akane, una chica de car\u00e1cter fuerte y decidido.<\/strong> La serie no se corta en <strong>mostrar desnudos y escenas con cierto car\u00e1cter l\u00e9sbico y homosexual<\/strong>, que <strong>solo pueden molestar a quien quisiera ser molestado<\/strong> y sirven para crear una situaciones propias de las comedias rom\u00e1nticas de enredo, todo ello mezclado con artes marciales.<\/p>\n<p style=\"text-align: justify;\"><strong>Dato curioso: <\/strong><em>La serie acab\u00f3 precipitadamente y difiere mucho del manga<\/em>, muchos de sus fans esperan que la serie vuelva y acabe como merece.<\/p>\n<p style=\"text-align: justify;\"><strong>El cap\u00edtulo:<\/strong>\u00a0<em>\u00ab<a href=\"https:\/\/www.youtube.com\/watch?v=6AWr_cQ1jxU\">Un extra\u00f1o chico de China<\/a>\u00ab<\/em>, cap\u00edtulo 1. Primer capitulo que nos <strong>sirve para conocer a los personajes principales de la serie y el tono de la misma<\/strong>.\u00a0Genma y su hijo Ranma van a establecerse en el dojo del viejo amigo de Genma, Soun Tendo. La maldici\u00f3n de Ranma y Genma confunde a Soun y sus hijas, lo que provoca el primer encontronazo entre Ranma y Akane.<\/p>\n<figure id=\"attachment_5047\" aria-describedby=\"caption-attachment-5047\" style=\"width: 970px\" class=\"wp-caption aligncenter\"><a href=\"http:\/\/www.elcornetin.es\/blog\/wp-content\/uploads\/2017\/12\/Batman-The-Animated-Series-Featured-Image.jpg\" target=\"_blank\" rel=\"noopener\"><img decoding=\"async\" class=\"wp-image-5047 size-full lazyload\" data-src=\"http:\/\/www.elcornetin.es\/blog\/wp-content\/uploads\/2017\/12\/Batman-The-Animated-Series-Featured-Image.jpg\" alt=\"\" width=\"970\" height=\"544\" data-srcset=\"https:\/\/www.elcornetin.es\/blog\/wp-content\/uploads\/2017\/12\/Batman-The-Animated-Series-Featured-Image.jpg 970w, https:\/\/www.elcornetin.es\/blog\/wp-content\/uploads\/2017\/12\/Batman-The-Animated-Series-Featured-Image-300x168.jpg 300w, https:\/\/www.elcornetin.es\/blog\/wp-content\/uploads\/2017\/12\/Batman-The-Animated-Series-Featured-Image-768x431.jpg 768w, https:\/\/www.elcornetin.es\/blog\/wp-content\/uploads\/2017\/12\/Batman-The-Animated-Series-Featured-Image-150x84.jpg 150w, https:\/\/www.elcornetin.es\/blog\/wp-content\/uploads\/2017\/12\/Batman-The-Animated-Series-Featured-Image-500x280.jpg 500w\" data-sizes=\"(max-width: 970px) 100vw, 970px\" src=\"data:image\/svg+xml;base64,PHN2ZyB3aWR0aD0iMSIgaGVpZ2h0PSIxIiB4bWxucz0iaHR0cDovL3d3dy53My5vcmcvMjAwMC9zdmciPjwvc3ZnPg==\" style=\"--smush-placeholder-width: 970px; --smush-placeholder-aspect-ratio: 970\/544;\" \/><\/a><figcaption id=\"caption-attachment-5047\" class=\"wp-caption-text\">Cabecera de Batman: La serie animada<\/figcaption><\/figure>\n<h6 style=\"text-align: justify;\"><strong><a href=\"https:\/\/www.youtube.com\/watch?v=KlLODaZWP2M\">Batman, la serie animada<\/a> (1992-1993) &amp; Las <a href=\"https:\/\/www.youtube.com\/watch?v=XpphHBY9ZqA\">Aventuras de Batman y Robin<\/a> \u00a0(1994-1995) [Warner]<\/strong><\/h6>\n<p style=\"text-align: justify;\"><strong>Emitida<\/strong> por las ma\u00f1anas en TVE de los fines de semana, tocaba madrugar.<\/p>\n<p style=\"text-align: justify;\"><span style=\"font-weight: 400;\"><strong>El \u00e9xito de las pel\u00edculas de Tim Burton de Batman y Batman Returns sirvi\u00f3 a Warner para lanzar una serie de animaci\u00f3n <em>\u201cseria\u201d<\/em> sobre el murci\u00e9lago<\/strong>. La serie <strong>se emiti\u00f3 durante tres 3 a\u00f1os<\/strong> con un total de 109 cap\u00edtulos y varias pel\u00edculas. A mitad de la serie cambi\u00f3 su nombre a Las aventuras de Batman y Robin. El \u00e9xito de la serie<strong> dio pie a las otras dos series de DC<\/strong>, <em>Batman del Futuro<\/em> (que tambi\u00e9n comentamos) y <a href=\"https:\/\/www.youtube.com\/watch?v=GKVQe02vMZM\"><em>La Liga de la Justicia<\/em><\/a>.<\/span> <span style=\"font-weight: 400;\">\u00bfQu\u00e9 cuenta? <strong>Sin partir de un punto exacto, ni incidir en sus or\u00edgenes nos presenta a un Batman accesible a todos los p\u00fablicos<\/strong>, por lo que es un punto de partida perfecto para conocer el universo de Batman. Adem\u00e1s a<strong>qu\u00ed nacieron muchos elementos que se han incluido al canon<\/strong> de Batman: <em>Manbat, Harley Quinn, el Rey Reloj&#8230;<\/em> o cambios en personajes como <em>Clayface o Mr Freeze<\/em>.<\/span><\/p>\n<p><strong>Dato curioso<\/strong>: <strong>Paul Dini<\/strong>, uno de los principales guionistas de la serie y creador de Harley Quinn<strong> fue brutalmente agredido cuando volv\u00eda a casa<\/strong>. En el c\u00f3mic \u201c<strong><a href=\"https:\/\/www.ecccomics.com\/comic\/noche-oscura-una-historia-veridica-de-batman-2829.aspx\">A true Batman Story<\/a> \u201d <\/strong>cuenta\u00a0que fueron los personajes de la serie la que le hizo seguir hacia delante. Un c\u00f3mic muy recomendable<\/p>\n<p style=\"text-align: justify;\"><span style=\"font-weight: 400;\"><strong>El cap\u00edtulo:<\/strong>\u00a0\u00ab<em><a href=\"https:\/\/www.youtube.com\/watch?v=NzDIGeURnlk\">D\u00eda de fiesta de Harley<\/a>\u00ab<\/em>, cap\u00edtulo 81. <\/span><span style=\"font-weight: 400;\"><strong>Harley Quinn es liberada<\/strong> de Arkham. Ya libre, intenta reintegrarse en la sociedad, pero <strong>se ve inmiscuida en mitad de un atraco de la que la hacen culpable<\/strong>, en medio del caos secuestra a Ver\u00f3nica Vreeland, por lo cual vuelve a ser apresada, pero con una amiga nueva.<\/span><\/p>\n<h6 style=\"text-align: justify;\"><a href=\"http:\/\/www.elcornetin.es\/blog\/wp-content\/uploads\/2017\/12\/maxresdefault-1.jpg\"><img decoding=\"async\" class=\"aligncenter size-full wp-image-5041 lazyload\" data-src=\"http:\/\/www.elcornetin.es\/blog\/wp-content\/uploads\/2017\/12\/maxresdefault-1.jpg\" alt=\"\" width=\"1292\" height=\"720\" data-srcset=\"https:\/\/www.elcornetin.es\/blog\/wp-content\/uploads\/2017\/12\/maxresdefault-1.jpg 1292w, https:\/\/www.elcornetin.es\/blog\/wp-content\/uploads\/2017\/12\/maxresdefault-1-300x167.jpg 300w, https:\/\/www.elcornetin.es\/blog\/wp-content\/uploads\/2017\/12\/maxresdefault-1-768x428.jpg 768w, https:\/\/www.elcornetin.es\/blog\/wp-content\/uploads\/2017\/12\/maxresdefault-1-1024x571.jpg 1024w, https:\/\/www.elcornetin.es\/blog\/wp-content\/uploads\/2017\/12\/maxresdefault-1-150x84.jpg 150w, https:\/\/www.elcornetin.es\/blog\/wp-content\/uploads\/2017\/12\/maxresdefault-1-500x279.jpg 500w\" data-sizes=\"(max-width: 1292px) 100vw, 1292px\" src=\"data:image\/svg+xml;base64,PHN2ZyB3aWR0aD0iMSIgaGVpZ2h0PSIxIiB4bWxucz0iaHR0cDovL3d3dy53My5vcmcvMjAwMC9zdmciPjwvc3ZnPg==\" style=\"--smush-placeholder-width: 1292px; --smush-placeholder-aspect-ratio: 1292\/720;\" \/><\/a><a href=\"https:\/\/www.youtube.com\/watch?v=2l1KoQ6TTyA\">G\u00e1rgolas <\/a>(1994 &#8211; 1997) [Disney]<\/h6>\n<p style=\"text-align: justify;\"><strong>Emitida<\/strong> en TVE de lunes a viernes al medio d\u00eda o corr\u00edas desde el cole o te la perd\u00edas.<\/p>\n<p style=\"text-align: justify;\"><strong>El clan de las g\u00e1rgolas del castillo Wyvern protege a sus residentes humanos<\/strong> en la costa de Escocia. Una traici\u00f3n fuerza a <strong>las g\u00e1rgolas supervivientes a dormir en piedra hasta que el castillo se eleve sobre las nubes<\/strong>. Mil a\u00f1os despu\u00e9s, el billonario llamado <strong>David Xanatos compra el castillo y lo traslada a su rascacielos<\/strong> de Nueva York, rompiendo el hechizo. Despertando en el Manhattan actual, <strong>las g\u00e1rgolas deciden proteger a los ciudadanos de Nueva York, junto con Elisa Maza<\/strong>, una joven detective que ayudar\u00e1 a las g\u00e1rgolas a integrarse en esta nueva \u00e9poca. La serie fue <strong>toda una sorpresa dentro del cat\u00e1logo de Disney<\/strong>, tanto por la complejidad de la trama, como en el tono de la serie. Entre sus <strong>elementos narrativos<\/strong> incluyeron cap\u00edtulos <em>flashback<\/em> o <em>viajes en el tiempo<\/em>, llegando a <strong>cruzarse con la m\u00edtica Batalla por Inglaterra o las obras de Shakespeare<\/strong> \u201c<em>Sue\u00f1o de una noche de verano<\/em>\u201d o \u201c<em>Macbeth<\/em><\/p>\n<p><strong>Dato curioso:<\/strong>\u00a0En la versi\u00f3n en ingl\u00e9s original de la serie, un gran n\u00famero de voces de actores para el show fueron tambi\u00e9n actores de la serie\u00a0<i><a title=\"Star Trek\" href=\"https:\/\/es.wikipedia.org\/wiki\/Star_Trek\">Star Trek<\/a><\/i>.<\/p>\n<p style=\"text-align: justify;\"><strong>El Capitulo:<\/strong> <em>Fuerza mortal<\/em>, cap\u00edtulo 8<b>.<\/b>\u00a0<strong>Broadway<\/strong> (una de las g\u00e1rgolas protagonistas) <strong>dispara <\/strong><strong>accidentalmente a Elisa con su pistola<\/strong>. <strong>Sinti\u00e9ndose culpable<\/strong>, la lleva al hospital y <strong>desata su frustraci\u00f3n con todos los criminales que encuentra<\/strong>. Mientras, el clan asume que fue obra del g\u00e1ngster que Elisa estaba investigando, Anthony Dracon, y deciden encargarse de \u00e9l personalmente. <strong>Muestra abiertamente una herida de bala y las consecuencias de las armas en una serie infantil.<\/strong><\/p>\n<figure id=\"attachment_5042\" aria-describedby=\"caption-attachment-5042\" style=\"width: 1024px\" class=\"wp-caption aligncenter\"><a href=\"http:\/\/www.elcornetin.es\/blog\/wp-content\/uploads\/2017\/12\/RECESS-WALLPAPER-LA-BANDA-DEL-PATIO-RECREO-SERIE-WALT-DISNEY-GRETCHEN-TJ-SPINELLI-GUS-MICKEY-VINCE.jpg\" target=\"_blank\" rel=\"noopener\"><img decoding=\"async\" class=\"wp-image-5042 size-large lazyload\" data-src=\"http:\/\/www.elcornetin.es\/blog\/wp-content\/uploads\/2017\/12\/RECESS-WALLPAPER-LA-BANDA-DEL-PATIO-RECREO-SERIE-WALT-DISNEY-GRETCHEN-TJ-SPINELLI-GUS-MICKEY-VINCE-1024x768.jpg\" alt=\"\" width=\"1024\" height=\"768\" data-srcset=\"https:\/\/www.elcornetin.es\/blog\/wp-content\/uploads\/2017\/12\/RECESS-WALLPAPER-LA-BANDA-DEL-PATIO-RECREO-SERIE-WALT-DISNEY-GRETCHEN-TJ-SPINELLI-GUS-MICKEY-VINCE.jpg 1024w, https:\/\/www.elcornetin.es\/blog\/wp-content\/uploads\/2017\/12\/RECESS-WALLPAPER-LA-BANDA-DEL-PATIO-RECREO-SERIE-WALT-DISNEY-GRETCHEN-TJ-SPINELLI-GUS-MICKEY-VINCE-300x225.jpg 300w, https:\/\/www.elcornetin.es\/blog\/wp-content\/uploads\/2017\/12\/RECESS-WALLPAPER-LA-BANDA-DEL-PATIO-RECREO-SERIE-WALT-DISNEY-GRETCHEN-TJ-SPINELLI-GUS-MICKEY-VINCE-768x576.jpg 768w, https:\/\/www.elcornetin.es\/blog\/wp-content\/uploads\/2017\/12\/RECESS-WALLPAPER-LA-BANDA-DEL-PATIO-RECREO-SERIE-WALT-DISNEY-GRETCHEN-TJ-SPINELLI-GUS-MICKEY-VINCE-150x113.jpg 150w, https:\/\/www.elcornetin.es\/blog\/wp-content\/uploads\/2017\/12\/RECESS-WALLPAPER-LA-BANDA-DEL-PATIO-RECREO-SERIE-WALT-DISNEY-GRETCHEN-TJ-SPINELLI-GUS-MICKEY-VINCE-500x375.jpg 500w\" data-sizes=\"(max-width: 1024px) 100vw, 1024px\" src=\"data:image\/svg+xml;base64,PHN2ZyB3aWR0aD0iMSIgaGVpZ2h0PSIxIiB4bWxucz0iaHR0cDovL3d3dy53My5vcmcvMjAwMC9zdmciPjwvc3ZnPg==\" style=\"--smush-placeholder-width: 1024px; --smush-placeholder-aspect-ratio: 1024\/768;\" \/><\/a><figcaption id=\"caption-attachment-5042\" class=\"wp-caption-text\">La Banda del Patio al completo<\/figcaption><\/figure>\n<h6 style=\"text-align: justify;\"><a href=\"https:\/\/www.youtube.com\/watch?v=VVPU6fgYZvQ\">La Banda del Patio<\/a> (1997-2001) [Disney]<\/h6>\n<p style=\"text-align: justify;\">Emitida en el Club Disney, tanto en su TVE como en su \u00e9poca en T5.<\/p>\n<p style=\"text-align: justify;\">Posiblemente sea l<strong>a serie que m\u00e1s os pueda sorprender de esta lista<\/strong>, por ser la m\u00e1s alejada del resto de las series del art\u00edculo. <em>\u201cLa banda del Patio\u201d<\/em> <strong>posee un universo propio<\/strong> que enmarca en las aventuras y relaciones que se producen durante el recreo (Recess, t\u00edtulo de la serie original). <strong>Aunque establece unos estereotipos<\/strong> (el personaje carism\u00e1tico, la empollona, el gigante bondadoso, el deportista, etc) <strong>se descuelga del resto de t\u00f3picos<\/strong>. Muestra como los <strong>6 protagonistas<\/strong>, todos ellos con una personalidad \u00fanica, <strong>establecen relaciones entre ellos y el resto de la sociedad, sin dejar de expresarse libremente<\/strong>. Una aut\u00e9ntica sorpresa de Disney, que puso broche final con la pel\u00edcula: <em>\u00a1Ya en 5\u00ba! <\/em><\/p>\n<figure id=\"attachment_5050\" aria-describedby=\"caption-attachment-5050\" style=\"width: 600px\" class=\"wp-caption aligncenter\"><a href=\"http:\/\/www.elcornetin.es\/blog\/wp-content\/uploads\/2017\/12\/305107.jpg\" target=\"_blank\" rel=\"noopener\"><img decoding=\"async\" class=\"wp-image-5050 size-full lazyload\" data-src=\"http:\/\/www.elcornetin.es\/blog\/wp-content\/uploads\/2017\/12\/305107.jpg\" alt=\"\" width=\"600\" height=\"400\" data-srcset=\"https:\/\/www.elcornetin.es\/blog\/wp-content\/uploads\/2017\/12\/305107.jpg 600w, https:\/\/www.elcornetin.es\/blog\/wp-content\/uploads\/2017\/12\/305107-300x200.jpg 300w, https:\/\/www.elcornetin.es\/blog\/wp-content\/uploads\/2017\/12\/305107-150x100.jpg 150w, https:\/\/www.elcornetin.es\/blog\/wp-content\/uploads\/2017\/12\/305107-500x333.jpg 500w\" data-sizes=\"(max-width: 600px) 100vw, 600px\" src=\"data:image\/svg+xml;base64,PHN2ZyB3aWR0aD0iMSIgaGVpZ2h0PSIxIiB4bWxucz0iaHR0cDovL3d3dy53My5vcmcvMjAwMC9zdmciPjwvc3ZnPg==\" style=\"--smush-placeholder-width: 600px; --smush-placeholder-aspect-ratio: 600\/400;\" \/><\/a><figcaption id=\"caption-attachment-5050\" class=\"wp-caption-text\">La Banda conoce a Leelo y Stich<\/figcaption><\/figure>\n<p style=\"text-align: justify;\"><strong>Dato curioso:<\/strong> la Banda, <strong>hizo un crossover en la serie de <em>Lilo y Stich<\/em><\/strong> en el <a href=\"https:\/\/www.dailymotion.com\/video\/xs26dh\">cap\u00edtulo titulado Lax<\/a>, <strong>siendo la \u00fanica que lo ha conseguido<\/strong>, sin ser una serie Original Disney Channel.<\/p>\n<p style=\"text-align: justify;\"><strong>El cap\u00edtulo:<\/strong> <a href=\"https:\/\/www.youtube.com\/watch?v=jR45RwBYBV4\"><em>Uno se mantuvo limpio<\/em><\/a>, cap\u00edtulo 52. <strong>Gus<\/strong>, el chico debilucho de la banda, <strong>nunca ha tenido una foto de clase<\/strong> por los constantes traslados de su padre (militar de alto rango). <strong>Estar limpio durante todo el recreo se convierte en una aventura<\/strong> y la banda har\u00e1 todo lo posible para que Gus tenga la foto.<\/p>\n<figure id=\"attachment_5043\" aria-describedby=\"caption-attachment-5043\" style=\"width: 1024px\" class=\"wp-caption aligncenter\"><a href=\"http:\/\/www.elcornetin.es\/blog\/wp-content\/uploads\/2017\/12\/batman-beyond-dvd.jpg\" target=\"_blank\" rel=\"noopener\"><img decoding=\"async\" class=\"wp-image-5043 size-large lazyload\" data-src=\"http:\/\/www.elcornetin.es\/blog\/wp-content\/uploads\/2017\/12\/batman-beyond-dvd-1024x768.jpg\" alt=\"\" width=\"1024\" height=\"768\" data-srcset=\"https:\/\/www.elcornetin.es\/blog\/wp-content\/uploads\/2017\/12\/batman-beyond-dvd.jpg 1024w, https:\/\/www.elcornetin.es\/blog\/wp-content\/uploads\/2017\/12\/batman-beyond-dvd-300x225.jpg 300w, https:\/\/www.elcornetin.es\/blog\/wp-content\/uploads\/2017\/12\/batman-beyond-dvd-768x576.jpg 768w, https:\/\/www.elcornetin.es\/blog\/wp-content\/uploads\/2017\/12\/batman-beyond-dvd-150x113.jpg 150w, https:\/\/www.elcornetin.es\/blog\/wp-content\/uploads\/2017\/12\/batman-beyond-dvd-500x375.jpg 500w\" data-sizes=\"(max-width: 1024px) 100vw, 1024px\" src=\"data:image\/svg+xml;base64,PHN2ZyB3aWR0aD0iMSIgaGVpZ2h0PSIxIiB4bWxucz0iaHR0cDovL3d3dy53My5vcmcvMjAwMC9zdmciPjwvc3ZnPg==\" style=\"--smush-placeholder-width: 1024px; --smush-placeholder-aspect-ratio: 1024\/768;\" \/><\/a><figcaption id=\"caption-attachment-5043\" class=\"wp-caption-text\">DVD de la primera temporada de Batman del Futuro<\/figcaption><\/figure>\n<h6 style=\"text-align: justify;\"><strong><a href=\"https:\/\/www.youtube.com\/watch?v=VFsvQNt2bIE\">Batman del Futuro<\/a> (1999 &#8211; 2001) [Warner]<\/strong><\/h6>\n<p style=\"text-align: justify;\"><strong>Emitida<\/strong> por las ma\u00f1anas en TVE los fines de semana.<\/p>\n<p style=\"text-align: justify;\"><span style=\"font-weight: 400;\">La serie <strong>sigue la l\u00ednea cronol\u00f3gica de la serie de Batman<\/strong>, la serie animada, y nos presenta a un <strong>Bruce Wayne, anciano y retirado<\/strong>, que une sus fuerzas con un joven <\/span><span style=\"font-weight: 400;\"><strong>Terry McGinnis<\/strong>, que intenta <strong>vengar la muerte de su padre<\/strong><\/span><span style=\"font-weight: 400;\">. La serie <strong>explora elementos nuevos, como las emociones y relaciones personales o el miedo a lo desconocido<\/strong>; mezcla elementos cyberpunk y de ciencia ficci\u00f3n con <strong>problemas y dilemas \u00e9ticos<\/strong> sobre \u00a0innovaci\u00f3n y progreso tecnol\u00f3gico y cient\u00edfico. Todos estos elementos hacen que podamos ver <strong>lo m\u00e1s oscuro de Batman<\/strong>.<\/span><\/p>\n<p style=\"text-align: justify;\"><span style=\"font-weight: 400;\"><strong>El cap\u00edtulo<\/strong>: <em>Apag\u00f3n<\/em>, cap\u00edtulo 3. <strong>La compa\u00f1\u00eda Foxteca<\/strong>, dirigida por el hijo de Lucius Fox, <strong>est\u00e1 a punto de conseguir el contrato para construir la primera base permanente en la luna<\/strong>. <strong>Derek Powers contrata la ayuda de Inque<\/strong>, una saboteadora corporativa con un cuerpo capaz de pasar de s\u00f3lido a l\u00edquido y adoptar cualquier forma que desee. En este cap\u00edtulo se produce la presentaci\u00f3n de <strong>una de las enemigas de Batman m\u00e1s inquietantes<\/strong> de la serie.<\/span><\/p>\n<p>Busc\u00e1bamos series que se emitieran principalmente en los 90 y tuvieran algo especial y <strong>escoger solo 5 series ha sido dif\u00edcil<\/strong>. Por el camino <strong>se han ca\u00eddo series<\/strong> como: <em>Darkwing, Goofy e hijo,\u00a0X-Men, Los Gatos Samurai, Lupin, City Hunter, Cowboy Beebop, Orange Road, Slayers (Reena y Gaudi), Migthy Avengers, Spiderman o La Liga de la Justicia<\/em>.<\/p>\n<p><strong>\u00bfQue serie hubieras a\u00f1adido t\u00fa?<\/strong><\/p>\n<p><strong>PD:<\/strong> No hemos podido encontrar ning\u00fan v\u00eddeo fiable del capitulo indicado de las serie de G\u00e1rgolas. Sentimos este problema, si alguien lo encuentra por favor que nos lo remita y lo a\u00f1adimos.<\/p>\n","protected":false},"excerpt":{"rendered":"<p>Durante los 90 hubo una explosi\u00f3n de series de animaci\u00f3n que marcaron a toda una generaci\u00f3n. Aunque no han ca\u00eddo en el olvido,&#8230;<\/p>\n","protected":false},"author":5,"featured_media":5104,"comment_status":"open","ping_status":"open","sticky":false,"template":"","format":"standard","meta":{"rop_custom_images_group":[],"rop_custom_messages_group":[],"rop_publish_now":"initial","rop_publish_now_accounts":{"facebook_965112277219911_1711957949078873":"","twitter_719274304828010500_719274304828010500":""},"rop_publish_now_history":[],"rop_publish_now_status":"pending","rating_form_position":"","rating_results_position":"","mr_structured_data_type":"","footnotes":""},"categories":[4,22],"tags":[],"class_list":["post-5027","post","type-post","status-publish","format-standard","has-post-thumbnail","hentry","category-cine-tv","category-ctser"],"aioseo_notices":[],"multi-rating":{"mr_rating_results":[{"adjusted_star_result":0,"star_result":0,"total_max_option_value":5,"adjusted_score_result":0,"score_result":0,"percentage_result":0,"adjusted_percentage_result":0,"count":0,"post_id":5027}]},"_links":{"self":[{"href":"https:\/\/www.elcornetin.es\/blog\/wp-json\/wp\/v2\/posts\/5027","targetHints":{"allow":["GET"]}}],"collection":[{"href":"https:\/\/www.elcornetin.es\/blog\/wp-json\/wp\/v2\/posts"}],"about":[{"href":"https:\/\/www.elcornetin.es\/blog\/wp-json\/wp\/v2\/types\/post"}],"author":[{"embeddable":true,"href":"https:\/\/www.elcornetin.es\/blog\/wp-json\/wp\/v2\/users\/5"}],"replies":[{"embeddable":true,"href":"https:\/\/www.elcornetin.es\/blog\/wp-json\/wp\/v2\/comments?post=5027"}],"version-history":[{"count":30,"href":"https:\/\/www.elcornetin.es\/blog\/wp-json\/wp\/v2\/posts\/5027\/revisions"}],"predecessor-version":[{"id":16985,"href":"https:\/\/www.elcornetin.es\/blog\/wp-json\/wp\/v2\/posts\/5027\/revisions\/16985"}],"wp:featuredmedia":[{"embeddable":true,"href":"https:\/\/www.elcornetin.es\/blog\/wp-json\/wp\/v2\/media\/5104"}],"wp:attachment":[{"href":"https:\/\/www.elcornetin.es\/blog\/wp-json\/wp\/v2\/media?parent=5027"}],"wp:term":[{"taxonomy":"category","embeddable":true,"href":"https:\/\/www.elcornetin.es\/blog\/wp-json\/wp\/v2\/categories?post=5027"},{"taxonomy":"post_tag","embeddable":true,"href":"https:\/\/www.elcornetin.es\/blog\/wp-json\/wp\/v2\/tags?post=5027"}],"curies":[{"name":"wp","href":"https:\/\/api.w.org\/{rel}","templated":true}]}}