{"id":6502,"date":"2018-06-04T09:30:12","date_gmt":"2018-06-04T07:30:12","guid":{"rendered":"https:\/\/www.elcornetin.es\/blog\/?p=6502"},"modified":"2018-06-04T09:23:45","modified_gmt":"2018-06-04T07:23:45","slug":"dossier-madrid-otaku-2018","status":"publish","type":"post","link":"https:\/\/www.elcornetin.es\/blog\/mundojapon\/dossier-madrid-otaku-2018\/","title":{"rendered":"[Dossier] Madrid Otaku 2018"},"content":{"rendered":"<p style=\"text-align: justify;\">La <strong>Asociaci\u00f3n Cultural Nippon<\/strong>\u00a0ya ha planteado la tercera edici\u00f3n de <a href=\"https:\/\/madridotaku.com\/\"><strong>Madrid Otaku<\/strong><\/a>,\u00a0contando con el apoyo de la IOEA (International Otaku Expo Association): el evento manga, anime, videojuegos y cultura japonesa, que se celebrar\u00e1 los d\u00edas <strong>16 y 17 de Junio en el Pabell\u00f3n de Cristal del Recinto Ferial de la Casa de Campo en Madrid.<\/strong><\/p>\n<p style=\"text-align: justify;\">Para que sep\u00e1is todo lo que os pod\u00e9is encontrar en esta edici\u00f3n os hemos hecho esta breve nota de prensa.<\/p>\n<p style=\"text-align: justify;\"><!--more--><\/p>\n<h6 style=\"text-align: justify;\">M\u00fasica.<\/h6>\n<p style=\"text-align: justify;\">\u201c<strong><em>Iron Attack!\u201d<\/em><\/strong><em>, <\/em>un grupo otaku especializado en arreglos de piezas musicales que aparecen en la franquicia Touhou Project. Activos desde 2007, ha sido grupo invitado al JAPAN EXPO de Par\u00eds y realizado un exitoso tour mundial en pa\u00edses como Jap\u00f3n, Alemania, Suiza, Francia, China, Taiwan, etc. Las ventas de discos en Jap\u00f3n ascienden a m\u00e1s de 4000 copias por t\u00edtulo.<\/p>\n<p><iframe title=\"IRON ATTACK! - Killing Under A Scarlet Moon\" width=\"640\" height=\"480\" data-src=\"https:\/\/www.youtube.com\/embed\/stp17GxA_-E?feature=oembed\" frameborder=\"0\" allow=\"accelerometer; autoplay; clipboard-write; encrypted-media; gyroscope; picture-in-picture; web-share\" referrerpolicy=\"strict-origin-when-cross-origin\" allowfullscreen src=\"data:image\/svg+xml;base64,PHN2ZyB3aWR0aD0iMSIgaGVpZ2h0PSIxIiB4bWxucz0iaHR0cDovL3d3dy53My5vcmcvMjAwMC9zdmciPjwvc3ZnPg==\" class=\"lazyload\" data-load-mode=\"1\"><\/iframe><\/p>\n<p style=\"text-align: justify;\"><strong><em>Haruka<\/em><\/strong>, una cantante, guitarrista y compositora de gran reconocimiento en Jap\u00f3n. Debut\u00f3 con el single \u201c<em>Mune ni Kibo o<\/em> (Keep Hope in Your Heart)\u201d bajo el sello japon\u00e9s \u201cPony Canyon\u201d, que fue usado como tema para el opening del anime \u201cBlue Dragon\u201d. M\u00e1s tarde realiz\u00f3 su segundo single,<em> \u201cKimi no Mikata (On Your Side)\u201d<\/em> y tras ello termin\u00f3 su relaci\u00f3n con \u201cPony Canyon\u201d. Tras cinco a\u00f1os retirada del mundo de la m\u00fasica, Haruka volvi\u00f3 a la industria tras darse cuenta de que su vida resid\u00eda en la m\u00fasica. Despidi\u00e9ndose de su trabajo corriente con la canci\u00f3n \u201c<em>Goodbye! My Office!\u201d<\/em>, volvi\u00f3 al escenario con la publicaci\u00f3n de su disco \u201c<em>Hymns To My Soul\u201d <\/em>\u00a0en el a\u00f1o 2013. En Octubre de 2014 public\u00f3 su segundo disco <em>\u201cAnthems\u201d<\/em>, por el que recibi\u00f3 muy buenas cr\u00edticas, iniciando as\u00ed giras en Jap\u00f3n, Indonesia y Europa. En 2017 public\u00f3 su \u00faltimo disco <em>\u201cUnite!\u201d <\/em>con \u00e9xitos como <em>\u201cThe Song of Smartphones\u201d <\/em>\u00a0y <em>\u201cBrand New World\u201d<\/em>. Os dejamos con un tema instrumental.<\/p>\n<p>https:\/\/youtu.be\/Goq9RXdf6Ws<\/p>\n<p style=\"text-align: justify;\">Yoneyama Shiori, m\u00e1s conocida como <strong>Yonechi<\/strong>, es una int\u00e9rprete y profesora japonesa del Oboe. Naci\u00f3 en la prefectura de Shizuoka, lugar de visita obligada para los amantes de los animes \u201c<em>Love Live! Sunshine!!\u201d<\/em> y \u201c<em>Chibi Maruko-chan\u201d. <\/em>Al inicio de 2016, su actividad en internet comenz\u00f3 a llamar la atenci\u00f3n del p\u00fablico japon\u00e9s y debut\u00f3 como invitada en el mismo a\u00f1o en el evento <em>\u00abStella Stage 2\u00bb<\/em>, celebrado en Hong Kong. Tambi\u00e9n ha realizado actuaciones en los eventos <em>\u00abMt. Fuji Cosplay World Conference\u00bb, \u00abBokura no Lovelive\u00bb<\/em> (un evento exclusivo de <em>\u201cLove Live!\u201d<\/em>) y <em>\u00abCosidol be Star<\/em>\u00bb en Taiwan. Tambi\u00e9n ha participado en el Comiket con su grupo de Doujin <em>\u00abBoe-live\u00bb.<\/em><\/p>\n<p style=\"text-align: justify;\"><img decoding=\"async\" class=\"aligncenter size-full wp-image-6530 lazyload\" data-src=\"https:\/\/www.elcornetin.es\/blog\/wp-content\/uploads\/2018\/06\/2017022704331_1.jpg\" alt=\"\" width=\"806\" height=\"537\" data-srcset=\"https:\/\/www.elcornetin.es\/blog\/wp-content\/uploads\/2018\/06\/2017022704331_1.jpg 806w, https:\/\/www.elcornetin.es\/blog\/wp-content\/uploads\/2018\/06\/2017022704331_1-300x200.jpg 300w, https:\/\/www.elcornetin.es\/blog\/wp-content\/uploads\/2018\/06\/2017022704331_1-768x512.jpg 768w, https:\/\/www.elcornetin.es\/blog\/wp-content\/uploads\/2018\/06\/2017022704331_1-150x100.jpg 150w, https:\/\/www.elcornetin.es\/blog\/wp-content\/uploads\/2018\/06\/2017022704331_1-500x333.jpg 500w\" data-sizes=\"(max-width: 806px) 100vw, 806px\" src=\"data:image\/svg+xml;base64,PHN2ZyB3aWR0aD0iMSIgaGVpZ2h0PSIxIiB4bWxucz0iaHR0cDovL3d3dy53My5vcmcvMjAwMC9zdmciPjwvc3ZnPg==\" style=\"--smush-placeholder-width: 806px; --smush-placeholder-aspect-ratio: 806\/537;\" \/><\/p>\n<p style=\"text-align: justify;\">La idol espa\u00f1ola <strong>Anzu Lilia<\/strong>. Proveniente de Murcia, tras dedicar su vida a la m\u00fasica, alcanza su sue\u00f1o y se lanza a Jap\u00f3n como cantante, \u00a0debutando el 22 de Marzo en el pa\u00eds nip\u00f3n con su primer CD, de la mano de HAF RECORDS (Tokyo), junto a quienes trabaja actualmente. Su \u00faltimo proyecto ha sido la participaci\u00f3n en el videojuego Osomatsu-san THE GAME como cantante en su \u00faltimo PV.<img decoding=\"async\" class=\"aligncenter size-full wp-image-6534 lazyload\" data-src=\"https:\/\/www.elcornetin.es\/blog\/wp-content\/uploads\/2018\/06\/AnzuLilia2.jpg\" alt=\"\" width=\"522\" height=\"354\" data-srcset=\"https:\/\/www.elcornetin.es\/blog\/wp-content\/uploads\/2018\/06\/AnzuLilia2.jpg 522w, https:\/\/www.elcornetin.es\/blog\/wp-content\/uploads\/2018\/06\/AnzuLilia2-300x203.jpg 300w, https:\/\/www.elcornetin.es\/blog\/wp-content\/uploads\/2018\/06\/AnzuLilia2-150x102.jpg 150w, https:\/\/www.elcornetin.es\/blog\/wp-content\/uploads\/2018\/06\/AnzuLilia2-500x339.jpg 500w\" data-sizes=\"(max-width: 522px) 100vw, 522px\" src=\"data:image\/svg+xml;base64,PHN2ZyB3aWR0aD0iMSIgaGVpZ2h0PSIxIiB4bWxucz0iaHR0cDovL3d3dy53My5vcmcvMjAwMC9zdmciPjwvc3ZnPg==\" style=\"--smush-placeholder-width: 522px; --smush-placeholder-aspect-ratio: 522\/354;\" \/><\/p>\n<h6 style=\"text-align: justify;\">Manga<\/h6>\n<p style=\"text-align: justify;\">En la esta tercera edici\u00f3n de Madrid Otaku, estar\u00e1 presente <strong>Makoushi<\/strong>. Mangaka japon\u00e9s que public\u00f3 su primer trabajo en forma de manga en la revista <em>\u201cAction Young\u201d,<\/em> perteneciente a la editorial \u201c<em>Futaba\u201d<\/em> en el a\u00f1o 1998. Particip\u00f3 en el a\u00f1o 2013 en el dise\u00f1o de personajes y objetos del juego <em>\u201cHimegoe\u201d<\/em>. Entre otras obras destaca su trabajo dentro de \u201c<em>Red Ribbon Revenge\u201d<\/em> y la autor\u00eda de diversos carteles y posters, entre los que destaca el cartel de las tres ediciones de Madrid Otaku. Maoushi contar\u00e1 con stand propio, adem\u00e1s de participar en diversas actividades que ser\u00e1n anunciadas puntualmente.<\/p>\n<p style=\"text-align: justify;\"><img decoding=\"async\" class=\"aligncenter size-full wp-image-6536 lazyload\" data-src=\"https:\/\/www.elcornetin.es\/blog\/wp-content\/uploads\/2018\/06\/makoushi_1.jpg\" alt=\"\" width=\"700\" height=\"502\" data-srcset=\"https:\/\/www.elcornetin.es\/blog\/wp-content\/uploads\/2018\/06\/makoushi_1.jpg 700w, https:\/\/www.elcornetin.es\/blog\/wp-content\/uploads\/2018\/06\/makoushi_1-300x215.jpg 300w, https:\/\/www.elcornetin.es\/blog\/wp-content\/uploads\/2018\/06\/makoushi_1-150x108.jpg 150w, https:\/\/www.elcornetin.es\/blog\/wp-content\/uploads\/2018\/06\/makoushi_1-500x359.jpg 500w\" data-sizes=\"(max-width: 700px) 100vw, 700px\" src=\"data:image\/svg+xml;base64,PHN2ZyB3aWR0aD0iMSIgaGVpZ2h0PSIxIiB4bWxucz0iaHR0cDovL3d3dy53My5vcmcvMjAwMC9zdmciPjwvc3ZnPg==\" style=\"--smush-placeholder-width: 700px; --smush-placeholder-aspect-ratio: 700\/502;\" \/><\/p>\n<p style=\"text-align: justify;\">La tercera edici\u00f3n de Madrid Otaku contar\u00e1 con un stand oficial de <strong>1st Place<\/strong>, productora japonesa de \u201c<strong>IA\u201d<\/strong> y \u201c<strong><em>Kagerou Project\u201d<\/em><\/strong> entre otros. En \u00e9l los visitantes podr\u00e1n adquirir las \u00faltimas novedades de merchandise oficial de IA y Kagerou Project, adem\u00e1s de poder aprender a usar el soundbank de IA con Vocaloid en los talleres que se impartir\u00e1n en el stand.<\/p>\n<h6 style=\"text-align: justify;\">Cosplay<\/h6>\n<p style=\"text-align: justify;\">En esta edici\u00f3n estar\u00e1 presenta\u00a0<em>COSplay MODE Magazine, <\/em>revista japonesa de tem\u00e1tica\u00a0cospla<em>y,\u00a0<\/em>m\u00e1s conocida como <strong><em>COSMODE<\/em><\/strong>. Fundada en 2002 por \u201c<em>Eichi Publishing\u201d<\/em> y con una periodidad trimestral, la revista <em>COSMODE<\/em> se especializa en el mundo del cosplay. Adem\u00e1s de informaci\u00f3n sobre la confecci\u00f3n de los cosplays, pelucas, maquillaje y otros consejos para cosplayers. Para esta edici\u00f3n de <em>Madrid Otaku<\/em> presentar\u00e1n una exposici\u00f3n con fotograf\u00edas de la revista.<img decoding=\"async\" class=\"aligncenter size-full wp-image-6538 lazyload\" data-src=\"https:\/\/www.elcornetin.es\/blog\/wp-content\/uploads\/2018\/06\/10979652444_c9e5dac710_z.jpg\" alt=\"\" width=\"640\" height=\"640\" data-srcset=\"https:\/\/www.elcornetin.es\/blog\/wp-content\/uploads\/2018\/06\/10979652444_c9e5dac710_z.jpg 640w, https:\/\/www.elcornetin.es\/blog\/wp-content\/uploads\/2018\/06\/10979652444_c9e5dac710_z-150x150.jpg 150w, https:\/\/www.elcornetin.es\/blog\/wp-content\/uploads\/2018\/06\/10979652444_c9e5dac710_z-300x300.jpg 300w, https:\/\/www.elcornetin.es\/blog\/wp-content\/uploads\/2018\/06\/10979652444_c9e5dac710_z-50x50.jpg 50w, https:\/\/www.elcornetin.es\/blog\/wp-content\/uploads\/2018\/06\/10979652444_c9e5dac710_z-500x500.jpg 500w\" data-sizes=\"(max-width: 640px) 100vw, 640px\" src=\"data:image\/svg+xml;base64,PHN2ZyB3aWR0aD0iMSIgaGVpZ2h0PSIxIiB4bWxucz0iaHR0cDovL3d3dy53My5vcmcvMjAwMC9zdmciPjwvc3ZnPg==\" style=\"--smush-placeholder-width: 640px; --smush-placeholder-aspect-ratio: 640\/640;\" \/><\/p>\n<p style=\"text-align: justify;\">Como cosplayers invitados estar\u00e1n:\u00a0\u00a0<a href=\"https:\/\/twitter.com\/fannygenguix?lang=es\"><strong>Fanny<\/strong><\/a>, cosplayer valenciana que ha sido representante espa\u00f1ola en los concursos internacionales Eurocosplay en 2013 y Dreamhack World Cosplay Championship en 2017 y\u00a0como <strong>Narcy<\/strong>, un cosplayer valenciano que prepara cosplays desde el a\u00f1o 2011.<\/p>\n<div align=\"center\">\n<div id='gallery-1' class='gallery galleryid-6502 gallery-columns-3 gallery-size-full'><figure class='gallery-item'>\n\t\t\t<div class='gallery-icon portrait'>\n\t\t\t\t<a href='https:\/\/www.elcornetin.es\/blog\/mundojapon\/dossier-madrid-otaku-2018\/attachment\/cosplay_fanny\/'><img decoding=\"async\" width=\"333\" height=\"500\" data-src=\"https:\/\/www.elcornetin.es\/blog\/wp-content\/uploads\/2018\/06\/cosplay_fanny.jpg\" class=\"attachment-full size-full lazyload\" alt=\"\" data-srcset=\"https:\/\/www.elcornetin.es\/blog\/wp-content\/uploads\/2018\/06\/cosplay_fanny.jpg 333w, https:\/\/www.elcornetin.es\/blog\/wp-content\/uploads\/2018\/06\/cosplay_fanny-200x300.jpg 200w, https:\/\/www.elcornetin.es\/blog\/wp-content\/uploads\/2018\/06\/cosplay_fanny-150x225.jpg 150w\" data-sizes=\"(max-width: 333px) 100vw, 333px\" src=\"data:image\/svg+xml;base64,PHN2ZyB3aWR0aD0iMSIgaGVpZ2h0PSIxIiB4bWxucz0iaHR0cDovL3d3dy53My5vcmcvMjAwMC9zdmciPjwvc3ZnPg==\" style=\"--smush-placeholder-width: 333px; --smush-placeholder-aspect-ratio: 333\/500;\" \/><\/a>\n\t\t\t<\/div><\/figure><figure class='gallery-item'>\n\t\t\t<div class='gallery-icon portrait'>\n\t\t\t\t<a href='https:\/\/www.elcornetin.es\/blog\/mundojapon\/dossier-madrid-otaku-2018\/attachment\/cosplay_narcy\/'><img decoding=\"async\" width=\"363\" height=\"500\" data-src=\"https:\/\/www.elcornetin.es\/blog\/wp-content\/uploads\/2018\/06\/cosplay_narcy.jpg\" class=\"attachment-full size-full lazyload\" alt=\"\" data-srcset=\"https:\/\/www.elcornetin.es\/blog\/wp-content\/uploads\/2018\/06\/cosplay_narcy.jpg 363w, https:\/\/www.elcornetin.es\/blog\/wp-content\/uploads\/2018\/06\/cosplay_narcy-218x300.jpg 218w, https:\/\/www.elcornetin.es\/blog\/wp-content\/uploads\/2018\/06\/cosplay_narcy-150x207.jpg 150w\" data-sizes=\"(max-width: 363px) 100vw, 363px\" src=\"data:image\/svg+xml;base64,PHN2ZyB3aWR0aD0iMSIgaGVpZ2h0PSIxIiB4bWxucz0iaHR0cDovL3d3dy53My5vcmcvMjAwMC9zdmciPjwvc3ZnPg==\" style=\"--smush-placeholder-width: 363px; --smush-placeholder-aspect-ratio: 363\/500;\" \/><\/a>\n\t\t\t<\/div><\/figure>\n\t\t<\/div>\n\n<div>\n<p style=\"text-align: justify;\">Las famosas marcas de moda japonesa\u00a0\u201c<strong><em>Listen Flavor<\/em><\/strong>\u201d y\u00a0\u201c<strong><em>Galaxxy<\/em><\/strong><em>\u201d<\/em>\u00a0estar\u00e1n presentes en el pr\u00f3ximo Madrid Otaku gracias a sus representantes en Europa\u00a0\u201c<strong><a href=\"https:\/\/www.facebook.com\/keepitsecret\/\">Keep It Secret<\/a><\/strong>\u201d.\u00a0<strong><em>ListenListen Flavor<\/em><\/strong><strong>\u00a0<\/strong>y\u00a0<strong><em>Galaxxy<\/em><\/strong>\u00a0tendr\u00e1n stand oficial y realizar\u00e1n dos pases de modelos, uno por d\u00eda, en el escenario principal del evento.<\/p>\n<p>&nbsp;<\/p>\n<\/div>\n<\/div>\n","protected":false},"excerpt":{"rendered":"<p>La Asociaci\u00f3n Cultural Nippon\u00a0ya ha planteado la tercera edici\u00f3n de Madrid Otaku,\u00a0contando con el apoyo de la IOEA (International Otaku Expo Association): el&#8230;<\/p>\n","protected":false},"author":5,"featured_media":6527,"comment_status":"open","ping_status":"open","sticky":false,"template":"","format":"standard","meta":{"rop_custom_images_group":[],"rop_custom_messages_group":[],"rop_publish_now":"initial","rop_publish_now_accounts":{"facebook_965112277219911_1711957949078873":"","twitter_719274304828010500_719274304828010500":""},"rop_publish_now_history":[],"rop_publish_now_status":"pending","rating_form_position":"","rating_results_position":"","mr_structured_data_type":"","footnotes":""},"categories":[52,466,13],"tags":[],"class_list":["post-6502","post","type-post","status-publish","format-standard","has-post-thumbnail","hentry","category-evento","category-manga","category-mundojapon"],"aioseo_notices":[],"multi-rating":{"mr_rating_results":[{"adjusted_star_result":0,"star_result":0,"total_max_option_value":5,"adjusted_score_result":0,"score_result":0,"percentage_result":0,"adjusted_percentage_result":0,"count":0,"post_id":6502}]},"_links":{"self":[{"href":"https:\/\/www.elcornetin.es\/blog\/wp-json\/wp\/v2\/posts\/6502","targetHints":{"allow":["GET"]}}],"collection":[{"href":"https:\/\/www.elcornetin.es\/blog\/wp-json\/wp\/v2\/posts"}],"about":[{"href":"https:\/\/www.elcornetin.es\/blog\/wp-json\/wp\/v2\/types\/post"}],"author":[{"embeddable":true,"href":"https:\/\/www.elcornetin.es\/blog\/wp-json\/wp\/v2\/users\/5"}],"replies":[{"embeddable":true,"href":"https:\/\/www.elcornetin.es\/blog\/wp-json\/wp\/v2\/comments?post=6502"}],"version-history":[{"count":15,"href":"https:\/\/www.elcornetin.es\/blog\/wp-json\/wp\/v2\/posts\/6502\/revisions"}],"predecessor-version":[{"id":6548,"href":"https:\/\/www.elcornetin.es\/blog\/wp-json\/wp\/v2\/posts\/6502\/revisions\/6548"}],"wp:featuredmedia":[{"embeddable":true,"href":"https:\/\/www.elcornetin.es\/blog\/wp-json\/wp\/v2\/media\/6527"}],"wp:attachment":[{"href":"https:\/\/www.elcornetin.es\/blog\/wp-json\/wp\/v2\/media?parent=6502"}],"wp:term":[{"taxonomy":"category","embeddable":true,"href":"https:\/\/www.elcornetin.es\/blog\/wp-json\/wp\/v2\/categories?post=6502"},{"taxonomy":"post_tag","embeddable":true,"href":"https:\/\/www.elcornetin.es\/blog\/wp-json\/wp\/v2\/tags?post=6502"}],"curies":[{"name":"wp","href":"https:\/\/api.w.org\/{rel}","templated":true}]}}