{"id":6772,"date":"2018-07-16T08:00:50","date_gmt":"2018-07-16T06:00:50","guid":{"rendered":"https:\/\/www.elcornetin.es\/blog\/?p=6772"},"modified":"2018-07-17T11:12:53","modified_gmt":"2018-07-17T09:12:53","slug":"resena-belladona-que-haberla-hailas","status":"publish","type":"post","link":"https:\/\/www.elcornetin.es\/blog\/comics\/resena-belladona-que-haberla-hailas\/","title":{"rendered":"[Rese\u00f1a] Belladona\u2026 que haberla hailas"},"content":{"rendered":"<p>Uno de mis profesores de Historia comentaba, medio en broma, medio en serio, que si los levantamientos del 2 de mayo hubieran sido en Estados Unidos, posiblemente ahora se conocer\u00edan mundialmente. Tras leer <strong>Terra de Meigas: Belladona<\/strong> de <strong>\u00c1lvaro Ming y Lewis<\/strong> creo que le entiendo mejor esta opini\u00f3n.<\/p>\n<p><!--more--><\/p>\n<p>El <strong>primer contacto \u201cserio\u201d que tuve con el folclore<\/strong> de la pen\u00ednsula fue gracias al <strong>juego de rol Aquelarre<\/strong>. En su bestiario se hac\u00eda un repaso detallado de las criaturas m\u00e1gicas que habitaban los reinos de Castilla y Arag\u00f3n. Lo cierto es ahora solo soy capaz de recordar dos: el Dip, un\u00a0 perro infernal con el que atorment\u00e9 a mis jugadores unas cuantas aventuras, y <strong>las \u201cmeigas\u201d, cuya labor es meigar o enmeigar<\/strong>, o hacer el bien y deshacer los conjuros mal\u00e9ficos y el mal de ojo de las \u201cbruxas\u201d.<\/p>\n<p><strong>Belladona es un c\u00f3mic que<\/strong>, en su primer tomo,\u00a0<strong>quiere hacerse eco del rico folclore que Galicia posee y que para muchos castellanos nos es casi desconocido<\/strong>. Esta primera entrega de lo que parece que ser\u00e1 una saga sirve de <strong>presentaci\u00f3n de los personajes<\/strong> principales: Francisco, Mar\u00eda y Anna.<\/p>\n<figure id=\"attachment_6861\" aria-describedby=\"caption-attachment-6861\" style=\"width: 4160px\" class=\"wp-caption aligncenter\"><img decoding=\"async\" class=\"wp-image-6861 size-full lazyload\" data-src=\"https:\/\/www.elcornetin.es\/blog\/wp-content\/uploads\/2018\/07\/IMG_20171028_120708.jpg\" alt=\"\" width=\"4160\" height=\"3120\" data-srcset=\"https:\/\/www.elcornetin.es\/blog\/wp-content\/uploads\/2018\/07\/IMG_20171028_120708.jpg 2048w, https:\/\/www.elcornetin.es\/blog\/wp-content\/uploads\/2018\/07\/IMG_20171028_120708-300x225.jpg 300w, https:\/\/www.elcornetin.es\/blog\/wp-content\/uploads\/2018\/07\/IMG_20171028_120708-768x576.jpg 768w, https:\/\/www.elcornetin.es\/blog\/wp-content\/uploads\/2018\/07\/IMG_20171028_120708-1024x768.jpg 1024w, https:\/\/www.elcornetin.es\/blog\/wp-content\/uploads\/2018\/07\/IMG_20171028_120708-150x113.jpg 150w, https:\/\/www.elcornetin.es\/blog\/wp-content\/uploads\/2018\/07\/IMG_20171028_120708-500x375.jpg 500w\" data-sizes=\"(max-width: 4160px) 100vw, 4160px\" src=\"data:image\/svg+xml;base64,PHN2ZyB3aWR0aD0iMSIgaGVpZ2h0PSIxIiB4bWxucz0iaHR0cDovL3d3dy53My5vcmcvMjAwMC9zdmciPjwvc3ZnPg==\" style=\"--smush-placeholder-width: 4160px; --smush-placeholder-aspect-ratio: 4160\/3120;\" \/><figcaption id=\"caption-attachment-6861\" class=\"wp-caption-text\">Los tomos de Belladona y Terra de Meigas<\/figcaption><\/figure>\n<h6>Terra de meigas.<\/h6>\n<p><strong>Galicia, siglo XVIII<\/strong>. Los mitos son reales y <strong>la Santa Inquisici\u00f3n, en su sagrado deber, ha encomendado la labor de dar caza<\/strong> a todas <strong>las brujas y criaturas de la oscuridad a los cazadores Francisco y Mar\u00eda<\/strong>. Tras su \u00faltima cacer\u00eda, reciben la misi\u00f3n de escoltar a dos sacerdotes de alto rango en su misi\u00f3n de recorrer las aldeas de Galicia en busca una bruja venida del este. <strong>Lo que al principio parec\u00eda una misi\u00f3n rutinaria har\u00e1 que ambos cazadores tengan que luchar por su vida una vez m\u00e1s.<\/strong><\/p>\n<p>La primera vez que tuve el tomo en mis manos fue en el Sal\u00f3n del C\u00f3mic de Barcelona de este a\u00f1o. <strong>La portada me llam\u00f3 la atenci\u00f3n<\/strong>, pero he de confesar que, una vez lo oje\u00e9, que se alejara de mi zona de control en cuanto a c\u00f3mics, junto la necesidad de\u00a0 ser m\u00e1s selectivo que en ediciones anteriores, me hizo dejarlo apuntado en la categor\u00eda \u201cPara m\u00e1s adelante\u201d. A\u00fan as\u00ed la maravillosa portada ya se hab\u00eda grabado en mi retina.<\/p>\n<figure id=\"attachment_6863\" aria-describedby=\"caption-attachment-6863\" style=\"width: 1024px\" class=\"wp-caption aligncenter\"><img decoding=\"async\" class=\"wp-image-6863 size-large lazyload\" data-src=\"https:\/\/www.elcornetin.es\/blog\/wp-content\/uploads\/2018\/07\/belladona01-1024x576.jpg\" alt=\"\" width=\"1024\" height=\"576\" data-srcset=\"https:\/\/www.elcornetin.es\/blog\/wp-content\/uploads\/2018\/07\/belladona01-1024x576.jpg 1024w, https:\/\/www.elcornetin.es\/blog\/wp-content\/uploads\/2018\/07\/belladona01-300x169.jpg 300w, https:\/\/www.elcornetin.es\/blog\/wp-content\/uploads\/2018\/07\/belladona01-768x432.jpg 768w, https:\/\/www.elcornetin.es\/blog\/wp-content\/uploads\/2018\/07\/belladona01-150x84.jpg 150w, https:\/\/www.elcornetin.es\/blog\/wp-content\/uploads\/2018\/07\/belladona01-500x281.jpg 500w, https:\/\/www.elcornetin.es\/blog\/wp-content\/uploads\/2018\/07\/belladona01.jpg 1056w\" data-sizes=\"(max-width: 1024px) 100vw, 1024px\" src=\"data:image\/svg+xml;base64,PHN2ZyB3aWR0aD0iMSIgaGVpZ2h0PSIxIiB4bWxucz0iaHR0cDovL3d3dy53My5vcmcvMjAwMC9zdmciPjwvc3ZnPg==\" style=\"--smush-placeholder-width: 1024px; --smush-placeholder-aspect-ratio: 1024\/576;\" \/><figcaption id=\"caption-attachment-6863\" class=\"wp-caption-text\">P\u00e1ginas del c\u00f3mic<\/figcaption><\/figure>\n<h6>Mi opini\u00f3n<\/h6>\n<p>El c\u00f3mic llego al final a mis manos, gracias a Lewis y a la editorial Babylon, que se prestaron a compartir la obra para que algunos blogs conocieramos la obra. La verdad que <strong>al principio me vi abrumado por el dibujo<\/strong>, detallado casi hasta el exceso, que acab\u00f3 <strong>record\u00e1ndome\u00a0<\/strong> a una mezcla de <strong>Eddie Campbell y Michael Cormack<\/strong>.<\/p>\n<p>Las<strong> primeras p\u00e1ginas<\/strong> del c\u00f3mic forman una <strong>interesante historia corta<\/strong> que sirve\u00a0 de introducci\u00f3n para entender el trasfondo de la historia y conocer a la primera antagonista: Anna. El gui\u00f3n a partir de este punto comienza a presentarnos al resto de personajes, que en alg\u00fan momento puede hacer que pierdas la atenci\u00f3n, pero que al final crea el trasfondo necesario para futuras historias.<\/p>\n<p>Terra de Meigas: Belladona, es un\u00a0 <strong>tomo inici\u00e1tico<\/strong> en el que <strong>se han mezclado<\/strong> lo mejor de las escenas de <strong>acci\u00f3n, con el terror g\u00f3tico y las leyendas gallegas<\/strong>. En su <strong>contra<\/strong> pesa un dibujo muy detallado, que se ajusta al tipo de narrativa de la historia, pero en el que <strong>resulta incomprensible que pierda el fondo alguna vi\u00f1eta<\/strong>.\u00a0 Como<strong> punto fuerte sin duda la historia y haber sabido encajar la mitolog\u00eda local y con una parte final sorprendente<\/strong> y que puede servir, como comentaba al principio, de inspiraci\u00f3n para una partida de Aquelarre. De momento <strong>espero al siguiente tomo<\/strong>.<\/p>\n<figure id=\"attachment_6865\" aria-describedby=\"caption-attachment-6865\" style=\"width: 768px\" class=\"wp-caption aligncenter\"><img decoding=\"async\" class=\"wp-image-6865 size-large lazyload\" data-src=\"https:\/\/www.elcornetin.es\/blog\/wp-content\/uploads\/2018\/07\/autoresBelladonaNEUH-768x1024.jpeg\" alt=\"\" width=\"768\" height=\"1024\" data-srcset=\"https:\/\/www.elcornetin.es\/blog\/wp-content\/uploads\/2018\/07\/autoresBelladonaNEUH-768x1024.jpeg 768w, https:\/\/www.elcornetin.es\/blog\/wp-content\/uploads\/2018\/07\/autoresBelladonaNEUH-225x300.jpeg 225w, https:\/\/www.elcornetin.es\/blog\/wp-content\/uploads\/2018\/07\/autoresBelladonaNEUH-150x200.jpeg 150w, https:\/\/www.elcornetin.es\/blog\/wp-content\/uploads\/2018\/07\/autoresBelladonaNEUH-375x500.jpeg 375w, https:\/\/www.elcornetin.es\/blog\/wp-content\/uploads\/2018\/07\/autoresBelladonaNEUH.jpeg 1200w\" data-sizes=\"(max-width: 768px) 100vw, 768px\" src=\"data:image\/svg+xml;base64,PHN2ZyB3aWR0aD0iMSIgaGVpZ2h0PSIxIiB4bWxucz0iaHR0cDovL3d3dy53My5vcmcvMjAwMC9zdmciPjwvc3ZnPg==\" style=\"--smush-placeholder-width: 768px; --smush-placeholder-aspect-ratio: 768\/1024;\" \/><figcaption id=\"caption-attachment-6865\" class=\"wp-caption-text\">Los autores firmando en la Feria del Libro de Madrid<\/figcaption><\/figure>\n<p class=\"wpcf7-contact-form-not-found\"><strong>Error:<\/strong> Formulario de contacto no encontrado.<\/p>\n<p>&nbsp;<\/p>\n","protected":false},"excerpt":{"rendered":"<p>Uno de mis profesores de Historia comentaba, medio en broma, medio en serio, que si los levantamientos del 2 de mayo hubieran sido&#8230;<\/p>\n","protected":false},"author":5,"featured_media":6853,"comment_status":"open","ping_status":"open","sticky":false,"template":"","format":"standard","meta":{"rop_custom_images_group":[],"rop_custom_messages_group":[],"rop_publish_now":"initial","rop_publish_now_accounts":{"facebook_965112277219911_1711957949078873":"","twitter_719274304828010500_719274304828010500":""},"rop_publish_now_history":[],"rop_publish_now_status":"pending","rating_form_position":"","rating_results_position":"","mr_structured_data_type":"","footnotes":""},"categories":[20,12,24,14],"tags":[],"class_list":["post-6772","post","type-post","status-publish","format-standard","has-post-thumbnail","hentry","category-conac","category-comics","category-wcnac","category-webcomics"],"aioseo_notices":[],"multi-rating":{"mr_rating_results":[{"adjusted_star_result":0,"star_result":0,"total_max_option_value":5,"adjusted_score_result":0,"score_result":0,"percentage_result":0,"adjusted_percentage_result":0,"count":0,"post_id":6772}]},"_links":{"self":[{"href":"https:\/\/www.elcornetin.es\/blog\/wp-json\/wp\/v2\/posts\/6772","targetHints":{"allow":["GET"]}}],"collection":[{"href":"https:\/\/www.elcornetin.es\/blog\/wp-json\/wp\/v2\/posts"}],"about":[{"href":"https:\/\/www.elcornetin.es\/blog\/wp-json\/wp\/v2\/types\/post"}],"author":[{"embeddable":true,"href":"https:\/\/www.elcornetin.es\/blog\/wp-json\/wp\/v2\/users\/5"}],"replies":[{"embeddable":true,"href":"https:\/\/www.elcornetin.es\/blog\/wp-json\/wp\/v2\/comments?post=6772"}],"version-history":[{"count":15,"href":"https:\/\/www.elcornetin.es\/blog\/wp-json\/wp\/v2\/posts\/6772\/revisions"}],"predecessor-version":[{"id":7053,"href":"https:\/\/www.elcornetin.es\/blog\/wp-json\/wp\/v2\/posts\/6772\/revisions\/7053"}],"wp:featuredmedia":[{"embeddable":true,"href":"https:\/\/www.elcornetin.es\/blog\/wp-json\/wp\/v2\/media\/6853"}],"wp:attachment":[{"href":"https:\/\/www.elcornetin.es\/blog\/wp-json\/wp\/v2\/media?parent=6772"}],"wp:term":[{"taxonomy":"category","embeddable":true,"href":"https:\/\/www.elcornetin.es\/blog\/wp-json\/wp\/v2\/categories?post=6772"},{"taxonomy":"post_tag","embeddable":true,"href":"https:\/\/www.elcornetin.es\/blog\/wp-json\/wp\/v2\/tags?post=6772"}],"curies":[{"name":"wp","href":"https:\/\/api.w.org\/{rel}","templated":true}]}}