{"id":7453,"date":"2018-09-20T08:00:17","date_gmt":"2018-09-20T06:00:17","guid":{"rendered":"https:\/\/www.elcornetin.es\/blog\/?p=7453"},"modified":"2019-07-15T13:46:39","modified_gmt":"2019-07-15T11:46:39","slug":"resena-series-young-justice-los-secundarios-se-hacen-protagonistas","status":"publish","type":"post","link":"https:\/\/www.elcornetin.es\/blog\/cine-tv\/resena-series-young-justice-los-secundarios-se-hacen-protagonistas\/","title":{"rendered":"[Rese\u00f1a] [Series] Young Justice. Los secundarios se hacen protagonistas."},"content":{"rendered":"<p style=\"text-align: justify;\">Es indudable que todos conocemos a los<strong> principales superh\u00e9roes del universo de DC<\/strong>: Batman, Superman, Wonder Woman,\u00a0 Flash, Flecha Verde o Aquaman, pero \u00bf<strong>conocemos a sus ayudantes<\/strong>? \u00bfQu\u00e9 pasa cuando reclaman su propio espacio? \u00c9sto es la espoleta con la que se inicia la sorprendente serie de la que os hablamos en esta rese\u00f1a.<\/p>\n<p style=\"text-align: justify;\"><!--more--><\/p>\n<p style=\"text-align: justify;\"><strong>Young Justice<\/strong> es una<strong> serie de Warner Bross<\/strong>\u00a0que vio la luz el 26 de noviembre de 2010, donde <strong>los principales personajes del universo DC dejan paso a sus \u201cayudantes\u201d. <\/strong>Hasta ahora la serie se divide en dos temporadas, la segunda llamada Young Justice: Invasion, bien diferenciadas, pero muy relacionadas entre s\u00ed.<\/p>\n<p><img decoding=\"async\" class=\"aligncenter size-large wp-image-7482 lazyload\" data-src=\"https:\/\/www.elcornetin.es\/blog\/wp-content\/uploads\/2018\/09\/61507-young-justice-the-team-1024x576.jpg\" alt=\"\" width=\"1024\" height=\"576\" data-srcset=\"https:\/\/www.elcornetin.es\/blog\/wp-content\/uploads\/2018\/09\/61507-young-justice-the-team-1024x576.jpg 1024w, https:\/\/www.elcornetin.es\/blog\/wp-content\/uploads\/2018\/09\/61507-young-justice-the-team-300x169.jpg 300w, https:\/\/www.elcornetin.es\/blog\/wp-content\/uploads\/2018\/09\/61507-young-justice-the-team-768x432.jpg 768w, https:\/\/www.elcornetin.es\/blog\/wp-content\/uploads\/2018\/09\/61507-young-justice-the-team-150x84.jpg 150w, https:\/\/www.elcornetin.es\/blog\/wp-content\/uploads\/2018\/09\/61507-young-justice-the-team-500x281.jpg 500w, https:\/\/www.elcornetin.es\/blog\/wp-content\/uploads\/2018\/09\/61507-young-justice-the-team.jpg 1600w\" data-sizes=\"(max-width: 1024px) 100vw, 1024px\" src=\"data:image\/svg+xml;base64,PHN2ZyB3aWR0aD0iMSIgaGVpZ2h0PSIxIiB4bWxucz0iaHR0cDovL3d3dy53My5vcmcvMjAwMC9zdmciPjwvc3ZnPg==\" style=\"--smush-placeholder-width: 1024px; --smush-placeholder-aspect-ratio: 1024\/576;\" \/><\/p>\n<p>&nbsp;<\/p>\n<h6 style=\"text-align: justify;\">Young Justice.<\/h6>\n<p style=\"text-align: justify;\">Cuando<strong> los ayudantes de Batman, Flash, Aquaman y Flecha Verde<\/strong> son invitados a unirse formalmente a la Liga de la Justicia pero <strong>son apartados de una misi\u00f3n<\/strong> por sus mentores, \u00e9stos reaccionan de manera distinta: mientras que <strong>Speedy renuncia a seguir siendo ayudante<\/strong> de Flecha Verde y cambia su nombre,<strong> Robin <\/strong>(Dick Grayson),<strong> Kid Flash<\/strong> y<strong> Aqualad<\/strong>\u00a0deciden <strong>investigar<\/strong> un extra\u00f1o incendio en las instalaciones de <strong>Cadmus Labs<\/strong>, donde <strong>descubren el clon de Superboy<\/strong>. Habiendo demostrado su val\u00eda deciden apartarse de la Liga de la Justicia y formar su propio grupo.<\/p>\n<p style=\"text-align: justify;\">As\u00ed empieza la serie y el grupo de los \u201csidekicks\u201d a los que <strong>se les unir\u00e1n Miss Martian, Artemis<\/strong> y m\u00e1s tarde <strong>Zatanna Zarata<\/strong>. El grupo de h\u00e9roes adolescentes que <strong>intentar\u00e1 establecerse como h\u00e9roes por derecho propio<\/strong>, distanci\u00e1ndose de sus mentores, mientras<strong> lidian con sus vidas personales<\/strong>. En este camino deber\u00e1n enfrentarse a temas y decisiones que van desde escoger un l\u00edder a ganarse la confianza de sus compa\u00f1eros, pasando por lecciones de tolerancia o confianza, mientras <strong>desvelan los planes<\/strong> de una misteriosa organizaci\u00f3n llamada <strong>La Luz<\/strong>.<\/p>\n<h6 style=\"text-align: justify;\"><img decoding=\"async\" class=\"aligncenter size-large wp-image-7468 lazyload\" data-src=\"https:\/\/www.elcornetin.es\/blog\/wp-content\/uploads\/2018\/09\/youngJustice02-1024x563.jpg\" alt=\"\" width=\"1024\" height=\"563\" data-srcset=\"https:\/\/www.elcornetin.es\/blog\/wp-content\/uploads\/2018\/09\/youngJustice02-1024x563.jpg 1024w, https:\/\/www.elcornetin.es\/blog\/wp-content\/uploads\/2018\/09\/youngJustice02-300x165.jpg 300w, https:\/\/www.elcornetin.es\/blog\/wp-content\/uploads\/2018\/09\/youngJustice02-768x422.jpg 768w, https:\/\/www.elcornetin.es\/blog\/wp-content\/uploads\/2018\/09\/youngJustice02-150x83.jpg 150w, https:\/\/www.elcornetin.es\/blog\/wp-content\/uploads\/2018\/09\/youngJustice02-500x275.jpg 500w, https:\/\/www.elcornetin.es\/blog\/wp-content\/uploads\/2018\/09\/youngJustice02.jpg 1280w\" data-sizes=\"(max-width: 1024px) 100vw, 1024px\" src=\"data:image\/svg+xml;base64,PHN2ZyB3aWR0aD0iMSIgaGVpZ2h0PSIxIiB4bWxucz0iaHR0cDovL3d3dy53My5vcmcvMjAwMC9zdmciPjwvc3ZnPg==\" style=\"--smush-placeholder-width: 1024px; --smush-placeholder-aspect-ratio: 1024\/563;\" \/>Young Justice: Invasion.<\/h6>\n<p style=\"text-align: justify;\">Han pasado <strong>5 a\u00f1os desde los sucesos que finalizaron en la primera temporada<\/strong> y la vida de los distintos integrantes del grupo ha cambiado: Robin, ahora <strong>Nightwing, Miss Martian y Superboy<\/strong>, han sido invitados a unirse a Liga de la Justicia, pero han decidido <strong>seguir en la Young Justice<\/strong>, con Nightwing como l\u00edder. <strong>Kid Flash y Artemis se han retirado<\/strong> y viven juntos. <strong>Aqualad ha abandonado el grupo<\/strong> para unirse a su padre Manta Negra y al grupo conocido como La Luz. <strong>Nuevos miembros<\/strong> se han unido al grupo:<strong> Chico Bestia, Blue Beetle, Robin (Tim Drake), Batgirl, Bumblebee, Lagoon Boy, Wonder Girl e Impulso<\/strong>.<\/p>\n<p style=\"text-align: justify;\">Cuando los integrantes de La Liga de la Justicia son llamados a comparecer ante un tribunal gal\u00e1ctico, <strong>la vigilancia de La Tierra recae en los hombros de estos j\u00f3venes h\u00e9roes<\/strong>\u00a0que deben<strong> hacer frente a una invasi\u00f3n a manos de una raza llamada \u201cEl Alcance\u201d<\/strong> que, junto con \u201cLa Luz\u201d, han urdido un complot para que les entreguemos La Tierra sin un enfrentamiento. Los j\u00f3venes h\u00e9roes quiz\u00e1s no est\u00e9n preparados enfrentarse a esta invasi\u00f3n si no consiguen superar los\u00a0 problemas que desde hace a\u00f1os les acosan.<\/p>\n<figure id=\"attachment_7474\" aria-describedby=\"caption-attachment-7474\" style=\"width: 900px\" class=\"wp-caption aligncenter\"><img decoding=\"async\" class=\"wp-image-7474 size-full lazyload\" data-src=\"https:\/\/www.elcornetin.es\/blog\/wp-content\/uploads\/2018\/09\/destacadaYoungJustice05.png\" alt=\"\" width=\"900\" height=\"447\" data-srcset=\"https:\/\/www.elcornetin.es\/blog\/wp-content\/uploads\/2018\/09\/destacadaYoungJustice05.png 900w, https:\/\/www.elcornetin.es\/blog\/wp-content\/uploads\/2018\/09\/destacadaYoungJustice05-300x149.png 300w, https:\/\/www.elcornetin.es\/blog\/wp-content\/uploads\/2018\/09\/destacadaYoungJustice05-768x381.png 768w, https:\/\/www.elcornetin.es\/blog\/wp-content\/uploads\/2018\/09\/destacadaYoungJustice05-150x75.png 150w, https:\/\/www.elcornetin.es\/blog\/wp-content\/uploads\/2018\/09\/destacadaYoungJustice05-500x248.png 500w\" data-sizes=\"(max-width: 900px) 100vw, 900px\" src=\"data:image\/svg+xml;base64,PHN2ZyB3aWR0aD0iMSIgaGVpZ2h0PSIxIiB4bWxucz0iaHR0cDovL3d3dy53My5vcmcvMjAwMC9zdmciPjwvc3ZnPg==\" style=\"--smush-placeholder-width: 900px; --smush-placeholder-aspect-ratio: 900\/447;\" \/><figcaption id=\"caption-attachment-7474\" class=\"wp-caption-text\">Las chicas de Young Justice tienen una gran importancia en el desarrollo de la serie<\/figcaption><\/figure>\n<h6 style=\"text-align: justify;\">Opini\u00f3n.<\/h6>\n<p style=\"text-align: justify;\"><strong>Warner Bross\/DC<\/strong> llevaba haciendo un <strong>buen trabajo con las series y pel\u00edculas de animaci\u00f3n<\/strong> desde <em>Batman, la serie animada<\/em>. <strong>\u00bfPero puede una serie de superheroes triunfar sin sus pesos pesados?<\/strong> Quiz\u00e1s \u00e9sta pregunta ahora no tenga mucho sentido, pero en 2010 s\u00ed lo ten\u00eda, m\u00e1s a\u00fan tras el \u00e9xito de las series Justice League y Justice League Unlimited, Warner Bross\/DC ten\u00eda dif\u00edcil superarlas y s\u00f3lo con los \u201csecundarios\u201d. Young Justice bebe de lo mejor de sus predecesores: <strong>saca aprovecho al c\u00f3mic de Peter David<\/strong> en el que est\u00e1 basado (Young Justice: The Secret, junio de 1998),<strong> deja a un lado la artificial animaci\u00f3n por ordenado<\/strong>r de series como Green Lantern: The Animated Series, para <strong>centrarse en la animaci\u00f3n tradicional<\/strong> con grandes resultados.<\/p>\n<figure id=\"attachment_7480\" aria-describedby=\"caption-attachment-7480\" style=\"width: 1024px\" class=\"wp-caption aligncenter\"><img decoding=\"async\" class=\"wp-image-7480 size-large lazyload\" data-src=\"https:\/\/www.elcornetin.es\/blog\/wp-content\/uploads\/2018\/09\/destacadaYoungJustice08-1024x576.jpg\" alt=\"\" width=\"1024\" height=\"576\" data-srcset=\"https:\/\/www.elcornetin.es\/blog\/wp-content\/uploads\/2018\/09\/destacadaYoungJustice08-1024x576.jpg 1024w, https:\/\/www.elcornetin.es\/blog\/wp-content\/uploads\/2018\/09\/destacadaYoungJustice08-300x169.jpg 300w, https:\/\/www.elcornetin.es\/blog\/wp-content\/uploads\/2018\/09\/destacadaYoungJustice08-768x432.jpg 768w, https:\/\/www.elcornetin.es\/blog\/wp-content\/uploads\/2018\/09\/destacadaYoungJustice08-150x84.jpg 150w, https:\/\/www.elcornetin.es\/blog\/wp-content\/uploads\/2018\/09\/destacadaYoungJustice08-500x281.jpg 500w, https:\/\/www.elcornetin.es\/blog\/wp-content\/uploads\/2018\/09\/destacadaYoungJustice08.jpg 1920w\" data-sizes=\"(max-width: 1024px) 100vw, 1024px\" src=\"data:image\/svg+xml;base64,PHN2ZyB3aWR0aD0iMSIgaGVpZ2h0PSIxIiB4bWxucz0iaHR0cDovL3d3dy53My5vcmcvMjAwMC9zdmciPjwvc3ZnPg==\" style=\"--smush-placeholder-width: 1024px; --smush-placeholder-aspect-ratio: 1024\/576;\" \/><figcaption id=\"caption-attachment-7480\" class=\"wp-caption-text\">Uno de los personajes mas interesantes de la serie es Chessshire<\/figcaption><\/figure>\n<p style=\"text-align: justify;\">Cuando comenc\u00e9 a ver Young Justice era una desconocida y la verdad, <strong>esperaba ver una serie sobre superh\u00e9roes adolescentes<\/strong> y que no poseyera una cantidad de tramas y profundidad propias de una serie \u201cadulta\u201d. Pas\u00e9 a tener los cap\u00edtulos puestos de fondo mientras hac\u00eda alguna otra cosa a prestarles atenci\u00f3n y ver varios de seguido, sorprendi\u00e9ndome con la historia y los personajes.<\/p>\n<p style=\"text-align: justify;\">Sin dejar de ser una serie de superh\u00e9roes,\u00a0<strong>los cap\u00edtulos comenzaron a mostrar<\/strong> <strong>subtramas muy elaboradas<\/strong>\u00a0en los que los personajes se vinculaban personal y sentimentalmente: \u00bfQu\u00e9 modelo seguir\u00e1 Superboy si Superman no lo reconoce? \u00bfAceptar\u00e1 el equipo el verdadero aspecto de Miss Martian, una marciana blanca? \u00bfCon qui\u00e9n est\u00e1 la lealtad de Artemisa? Todas estas <strong>preguntas sirven como hilo para plantarnos las dudas<\/strong>\u00a0que todos tenemos o hemos tenido y que ahora se vuelven pero con mallas y m\u00e1scaras. Aun as\u00ed, como dije anteriormente, <strong>estamos ante una serie que no deja de lado su car\u00e1cter de superheroico y de aventuras<\/strong>. Por ello tenemos grandes dosis de c\u00f3mic puro, veremos los or\u00edgenes de algunos personajes y grupos, combates \u00e9picos, planes alocados, grandes villanos y brillantes h\u00e9roes.<\/p>\n<p><img decoding=\"async\" class=\"aligncenter size-full wp-image-7478 lazyload\" data-src=\"https:\/\/www.elcornetin.es\/blog\/wp-content\/uploads\/2018\/09\/youngjustice07.jpg\" alt=\"\" width=\"900\" height=\"600\" data-srcset=\"https:\/\/www.elcornetin.es\/blog\/wp-content\/uploads\/2018\/09\/youngjustice07.jpg 900w, https:\/\/www.elcornetin.es\/blog\/wp-content\/uploads\/2018\/09\/youngjustice07-300x200.jpg 300w, https:\/\/www.elcornetin.es\/blog\/wp-content\/uploads\/2018\/09\/youngjustice07-768x512.jpg 768w, https:\/\/www.elcornetin.es\/blog\/wp-content\/uploads\/2018\/09\/youngjustice07-150x100.jpg 150w, https:\/\/www.elcornetin.es\/blog\/wp-content\/uploads\/2018\/09\/youngjustice07-500x333.jpg 500w\" data-sizes=\"(max-width: 900px) 100vw, 900px\" src=\"data:image\/svg+xml;base64,PHN2ZyB3aWR0aD0iMSIgaGVpZ2h0PSIxIiB4bWxucz0iaHR0cDovL3d3dy53My5vcmcvMjAwMC9zdmciPjwvc3ZnPg==\" style=\"--smush-placeholder-width: 900px; --smush-placeholder-aspect-ratio: 900\/600;\" \/><\/p>\n<h6 style=\"text-align: justify;\">Y llega Young Justice: The Outsiders (Temporada 3)<\/h6>\n<p style=\"text-align: justify;\">Si hasta ahora Warner\/DC no ha dejado un buen sabor de boca en sus pel\u00edculas de cine, algo muy distinto est\u00e1 sucediendo con su apartado de animaci\u00f3n. Tal es el caso que en la <strong>Comic-Con 2018 se ha anunciado la vuelta de los j\u00f3venes superheroes a la televisi\u00f3n con Young Justice: The Outsiders<\/strong>, que contin\u00faa donde la segunda temporada lo dej\u00f3. <strong>Superboy, Aqualad y Artemisa vuelven a reunirse para combatir el aumento del tr\u00e1fico metahumano<\/strong>, \u00bfde qu\u00e9 me suena? Os dejamos <strong>su tr\u00e1iler en ingles<\/strong>, pero \u00a1cuidado! que <strong>contiene spoilers<\/strong> importantes de las temporadas anteriores.<\/p>\n<p><iframe title=\"YOUNG JUSTICE OUTSIDERS Season 3 Comic Con Trailer (SDCC 2018) DCEU Series\" width=\"640\" height=\"360\" data-src=\"https:\/\/www.youtube.com\/embed\/ff9eYgpZd94?feature=oembed\" frameborder=\"0\" allow=\"accelerometer; autoplay; clipboard-write; encrypted-media; gyroscope; picture-in-picture; web-share\" referrerpolicy=\"strict-origin-when-cross-origin\" allowfullscreen src=\"data:image\/svg+xml;base64,PHN2ZyB3aWR0aD0iMSIgaGVpZ2h0PSIxIiB4bWxucz0iaHR0cDovL3d3dy53My5vcmcvMjAwMC9zdmciPjwvc3ZnPg==\" class=\"lazyload\" data-load-mode=\"1\"><\/iframe><\/p>\n","protected":false},"excerpt":{"rendered":"<p>Es indudable que todos conocemos a los principales superh\u00e9roes del universo de DC: Batman, Superman, Wonder Woman,\u00a0 Flash, Flecha Verde o Aquaman, pero&#8230;<\/p>\n","protected":false},"author":5,"featured_media":7467,"comment_status":"open","ping_status":"open","sticky":false,"template":"","format":"standard","meta":{"rop_custom_images_group":[],"rop_custom_messages_group":[],"rop_publish_now":"initial","rop_publish_now_accounts":{"facebook_965112277219911_1711957949078873":"","twitter_719274304828010500_719274304828010500":""},"rop_publish_now_history":[],"rop_publish_now_status":"pending","rating_form_position":"","rating_results_position":"","mr_structured_data_type":"","footnotes":""},"categories":[4,12,22],"tags":[2321,2291,2521,2441],"class_list":["post-7453","post","type-post","status-publish","format-standard","has-post-thumbnail","hentry","category-cine-tv","category-comics","category-ctser","tag-dc","tag-series","tag-sidekick","tag-superheroes"],"aioseo_notices":[],"multi-rating":{"mr_rating_results":[{"adjusted_star_result":4.5,"star_result":4.5,"total_max_option_value":5,"adjusted_score_result":4.5,"score_result":4.5,"percentage_result":90,"adjusted_percentage_result":90,"count":2,"post_id":7453}]},"_links":{"self":[{"href":"https:\/\/www.elcornetin.es\/blog\/wp-json\/wp\/v2\/posts\/7453","targetHints":{"allow":["GET"]}}],"collection":[{"href":"https:\/\/www.elcornetin.es\/blog\/wp-json\/wp\/v2\/posts"}],"about":[{"href":"https:\/\/www.elcornetin.es\/blog\/wp-json\/wp\/v2\/types\/post"}],"author":[{"embeddable":true,"href":"https:\/\/www.elcornetin.es\/blog\/wp-json\/wp\/v2\/users\/5"}],"replies":[{"embeddable":true,"href":"https:\/\/www.elcornetin.es\/blog\/wp-json\/wp\/v2\/comments?post=7453"}],"version-history":[{"count":18,"href":"https:\/\/www.elcornetin.es\/blog\/wp-json\/wp\/v2\/posts\/7453\/revisions"}],"predecessor-version":[{"id":9112,"href":"https:\/\/www.elcornetin.es\/blog\/wp-json\/wp\/v2\/posts\/7453\/revisions\/9112"}],"wp:featuredmedia":[{"embeddable":true,"href":"https:\/\/www.elcornetin.es\/blog\/wp-json\/wp\/v2\/media\/7467"}],"wp:attachment":[{"href":"https:\/\/www.elcornetin.es\/blog\/wp-json\/wp\/v2\/media?parent=7453"}],"wp:term":[{"taxonomy":"category","embeddable":true,"href":"https:\/\/www.elcornetin.es\/blog\/wp-json\/wp\/v2\/categories?post=7453"},{"taxonomy":"post_tag","embeddable":true,"href":"https:\/\/www.elcornetin.es\/blog\/wp-json\/wp\/v2\/tags?post=7453"}],"curies":[{"name":"wp","href":"https:\/\/api.w.org\/{rel}","templated":true}]}}