{"id":8027,"date":"2018-11-22T08:00:28","date_gmt":"2018-11-22T07:00:28","guid":{"rendered":"https:\/\/www.elcornetin.es\/blog\/?p=8027"},"modified":"2021-09-22T22:11:53","modified_gmt":"2021-09-22T20:11:53","slug":"entrevista-ivan-gilabert","status":"publish","type":"post","link":"https:\/\/www.elcornetin.es\/blog\/literatura\/entrevista-ivan-gilabert\/","title":{"rendered":"[Entrevista] Iv\u00e1n Gilabert"},"content":{"rendered":"<p><a href=\"https:\/\/twitter.com\/ivan_gilabert?lang=es\">Iv\u00e1n Gilabert<\/a>, autor de tres novelas a la venta en Internet: <strong><em><a href=\"https:\/\/amzn.to\/3zAGtLn\">\u201cAtlantes\u201d<\/a>, <a href=\"https:\/\/amzn.to\/3zxg8Oq\">\u201cDiario del viajero\u201d<\/a> y <a href=\"https:\/\/amzn.to\/3EHbdy6\">\u201cLa Roca Sagrada\u201d<\/a><\/em><\/strong>, es un ejemplo de la novela independiente y al que Cristina ha tenido el placer de entrevistar. \u00a1Vamos a conocerle!<\/p>\n<p><!--more--><\/p>\n<p><strong><span style=\"color: #000080;\">Hola Iv\u00e1n. Muchas gracias por acompa\u00f1arnos hoy en el Cornet\u00edn de Gondor. Si te parece empezamos con las preguntas.Gracias a vosotros por invitarme. <\/span><\/strong><\/p>\n<p>Un placer.<\/p>\n<p><span style=\"color: #000080;\"><strong>\u00bfRecuerdas cu\u00e1l fue el primer libro que le\u00edste?<\/strong><\/span><\/p>\n<p>No estoy muy seguro, pero creo que fue \u201cUn invierno entre los hielos\u201d de Julio Verne. Era una edici\u00f3n mitad libro, mitad c\u00f3mic. A\u00fan lo conservo.<\/p>\n<p><span style=\"color: #000080;\"><strong>\u00bfCon qu\u00e9 libros te introdujiste en la tem\u00e1tica de los que escribes a d\u00eda de hoy?<\/strong><\/span><\/p>\n<p>Para <a href=\"https:\/\/amzn.to\/3zAGtLn\">\u201cAtlantes\u201d<\/a>, que es un libro apocal\u00edptico que toca muchos de los misterios y enigmas de la historia del hombre, fue a trav\u00e9s de revistas y programas que cayeron en mis manos cuando era adolescente. Revistas tipo \u201cM\u00e1s all\u00e1\u201d, \u201cA\u00f1o cero\u201d, libros de J.J. Ben\u00edtez, de Steve Alten; o programas como los de Jim\u00e9nez del Oso, o \u201cCosmos\u201d de Carl Sagan\u2026<\/p>\n<p>Para <a href=\"https:\/\/amzn.to\/3zxg8Oq\">\u201cDiario del Viajero\u201d<\/a>, que tambi\u00e9n es un libro con tintes apocal\u00edpticos, sin duda es mi fiebre por cualquier serie o pel\u00edcula de zombis y de viajes en el tiempo. Quer\u00eda unificar estos dos campos para disfrutar escribiendo algo que me hubiera gustado ver o leer.<\/p>\n<p>Para \u201cLa Roca Sagrada\u201d, sin duda me han influido las fant\u00e1sticas pel\u00edculas de Indiana Jones; la aventura, la magia de los lugares que visita y el trasfondo m\u00edstico de sus historias siempre me han llenado.<\/p>\n<p><span style=\"color: #000080;\"><strong>\u00bfCu\u00e1les son los autores en los que buscas inspiraci\u00f3n?<\/strong><\/span><\/p>\n<p>Pues la verdad es que leo casi todo y de autores variados para aprender un poco de cada uno de ellos. Si bien es cierto que cuando quiero ir a lo seguro y dar con un libro que s\u00e9 que me gustar\u00e1 y con el que pasar\u00e9 un muy buen rato, leo a Stephen King, Carlos Ruiz Zaf\u00f3n, Robin Cook, Dan Brown, Michael Crichton\u2026<\/p>\n<figure id=\"attachment_8129\" aria-describedby=\"caption-attachment-8129\" style=\"width: 270px\" class=\"wp-caption alignleft\"><a href=\"https:\/\/www.elcornetin.es\/blog\/wp-content\/uploads\/2018\/11\/46482054_255651825305490_2776065121225539584_n.jpg\"><img decoding=\"async\" class=\"wp-image-8129 size-medium lazyload\" data-src=\"https:\/\/www.elcornetin.es\/blog\/wp-content\/uploads\/2018\/11\/46482054_255651825305490_2776065121225539584_n-270x300.jpg\" alt=\"\" width=\"270\" height=\"300\" data-srcset=\"https:\/\/www.elcornetin.es\/blog\/wp-content\/uploads\/2018\/11\/46482054_255651825305490_2776065121225539584_n-270x300.jpg 270w, https:\/\/www.elcornetin.es\/blog\/wp-content\/uploads\/2018\/11\/46482054_255651825305490_2776065121225539584_n-768x853.jpg 768w, https:\/\/www.elcornetin.es\/blog\/wp-content\/uploads\/2018\/11\/46482054_255651825305490_2776065121225539584_n-922x1024.jpg 922w, https:\/\/www.elcornetin.es\/blog\/wp-content\/uploads\/2018\/11\/46482054_255651825305490_2776065121225539584_n-150x167.jpg 150w, https:\/\/www.elcornetin.es\/blog\/wp-content\/uploads\/2018\/11\/46482054_255651825305490_2776065121225539584_n-450x500.jpg 450w, https:\/\/www.elcornetin.es\/blog\/wp-content\/uploads\/2018\/11\/46482054_255651825305490_2776065121225539584_n.jpg 1713w\" data-sizes=\"(max-width: 270px) 100vw, 270px\" src=\"data:image\/svg+xml;base64,PHN2ZyB3aWR0aD0iMSIgaGVpZ2h0PSIxIiB4bWxucz0iaHR0cDovL3d3dy53My5vcmcvMjAwMC9zdmciPjwvc3ZnPg==\" style=\"--smush-placeholder-width: 270px; --smush-placeholder-aspect-ratio: 270\/300;\" \/><\/a><figcaption id=\"caption-attachment-8129\" class=\"wp-caption-text\">Mesa de trabajo de Iv\u00e1n.<\/figcaption><\/figure>\n<p><span style=\"color: #000080;\"><strong>\u00bfCu\u00e1les son algunas de tus novelas favoritas? \u00bfPor qu\u00e9?<\/strong><\/span><\/p>\n<p>\u201cApocalipsis\u201d, de Stephen King. Fue la primera novela que recuerdo que me impact\u00f3 de verdad y que me hizo pensar durante un tiempo cuando cerr\u00e9 el libro. Dej\u00f3 un poso que hoy en d\u00eda a\u00fan dura y supongo que por eso me encanta cualquier tema apocal\u00edptico.<\/p>\n<p>\u201cLa sombra del viento\u201d, de Zaf\u00f3n. Una buena historia que sucede en mi ciudad, Barcelona, que me atrap\u00f3 desde la primera p\u00e1gina y que est\u00e1 escrita con una maestr\u00eda que pocas veces he visto. Me enamor\u00e9 de uno de sus personajes y de su forma de actuar: Ferm\u00edn Romero de Torres, un tipo especial. Si alg\u00fan d\u00eda puedo crear un personaje con tanto cuerpo y alma, estar\u00e9 orgulloso.<\/p>\n<p>&nbsp;<\/p>\n<p><span style=\"color: #000080;\"><strong>\u00bfDe d\u00f3nde sacas tu inspiraci\u00f3n? \u00bfDe d\u00f3nde vienen las ideas?<\/strong><\/span><\/p>\n<p>Casi siempre salen de preguntas que me hago a m\u00ed mismo, o que escucho en una conversaci\u00f3n. Preguntas que no tienen una respuesta clara. Que nadie sabe ni sabr\u00eda darle una \u00fanica respuesta v\u00e1lida, porque no hay estudios suficientes para demostrarlo. Yo cojo esa pregunta y la respondo de una manera particular.<\/p>\n<p><span style=\"color: #000080;\"><strong>\u00bfDedicas mucho tiempo a escribir al d\u00eda?<\/strong><\/span><\/p>\n<p>Hago caso al maestro King, y a lo que dice en su libro \u201cMientras escribo\u201d. Soy constante. Escribo de lunes a viernes e intento que sea siempre a la misma hora, siguiendo la misma rutina y, por supuesto, en el mismo lugar. Escribo unas seis p\u00e1ginas al d\u00eda, en formato libro, que vienen a ser alrededor de mil quinientas palabras.<\/p>\n<p><span style=\"color: #000080;\"><strong>\u00bfEres m\u00e1s de escribir y que las musas te vayan orientando o te haces un esquema previo para tener m\u00e1s o menos claro el camino cuando te pones a escribir la novela?<\/strong><\/span><\/p>\n<p>Depende del libro. \u201cAtlantes\u201d, sali\u00f3 sin esquemas. \u201cDiario del Viajero\u201d, estuvo muy estructurado ya que contiene cap\u00edtulos que relatan el pasado, el presente y el futuro, y necesitaba cuadrarlo a la perfecci\u00f3n. \u201cLa Roca Sagrada\u201d, fue saliendo poco a poco, siguiendo una estructura que ten\u00eda en la cabeza, pero que, cada dos cap\u00edtulos, variaba para seguir su propia historia.<\/p>\n<p><span style=\"color: #000080;\"><strong>\u00bfA qu\u00e9 p\u00fablico crees que van enfocadas?<\/strong><\/span><\/p>\n<p>A un p\u00fablico que busque un libro para evadirse del mundo real. Que quiera pasarse unas cuantas horas sumergido en un mundo paralelo. Para aquellos que quieran pensar un poco despu\u00e9s de acabar un libro y meditar sobre si lo que acaban de leer podr\u00eda ser o podr\u00eda llegar a ser verdad.<\/p>\n<p>Tus novelas van m\u00e1s orientadas al tema de la ciencia ficci\u00f3n que al puro terror. \u00bfTe gusta tambi\u00e9n el terror? \u00bfTe ves escribiendo terror?<\/p>\n<p>Me encanta el terror. He escrito varios relatos para la aplicaci\u00f3n Leemur, que tocan algo del g\u00e9nero de suspense y terror, pero de momento no me veo escribiendo toda una novela de este palo. Creo que es muy dif\u00edcil escribir terror y que los lectores sientan miedo de verdad.<\/p>\n<p><span style=\"color: #000080;\"><strong>Cu\u00e9ntanos un poco el argumento de cada una de tus novelas<\/strong><\/span><\/p>\n<p><a href=\"https:\/\/amzn.to\/3zAGtLn\" target=\"_blank\" rel=\"noopener noreferrer\"><img decoding=\"async\" class=\"wp-image-8029 size-medium alignleft lazyload\" data-src=\"https:\/\/www.elcornetin.es\/blog\/wp-content\/uploads\/2018\/11\/51EOr8Pa7LL._SY346_-199x300.jpg\" alt=\"\" width=\"199\" height=\"300\" data-srcset=\"https:\/\/www.elcornetin.es\/blog\/wp-content\/uploads\/2018\/11\/51EOr8Pa7LL._SY346_-199x300.jpg 199w, https:\/\/www.elcornetin.es\/blog\/wp-content\/uploads\/2018\/11\/51EOr8Pa7LL._SY346_-150x227.jpg 150w, https:\/\/www.elcornetin.es\/blog\/wp-content\/uploads\/2018\/11\/51EOr8Pa7LL._SY346_.jpg 229w\" data-sizes=\"(max-width: 199px) 100vw, 199px\" src=\"data:image\/svg+xml;base64,PHN2ZyB3aWR0aD0iMSIgaGVpZ2h0PSIxIiB4bWxucz0iaHR0cDovL3d3dy53My5vcmcvMjAwMC9zdmciPjwvc3ZnPg==\" style=\"--smush-placeholder-width: 199px; --smush-placeholder-aspect-ratio: 199\/300;\" \/><\/a>\u201cAtlantes\u201d: Tal d\u00eda como hoy, una extra\u00f1a mujer visita a varios cient\u00edficos de renombre mundial para invitarlos a una reuni\u00f3n secreta. Para que se lo tomen en serio y accedan a reunirse, a cada uno de ellos le entrega un sobre que contiene el mayor descubrimiento que ellos, por s\u00ed solos, jam\u00e1s hubieran hecho en sus carreras y en sus campos de estudio. Durante esa reuni\u00f3n, organizada por unas personas que se denominan atlantes y que demuestran ser mucho m\u00e1s avanzadas que el hombre, se les informar\u00e1 de la verdadera historia de la evoluci\u00f3n humana. Entre todos deber\u00e1n unir fuerzas para enfrentarse a un acontecimiento que solo sucede cada setenta y cinco mil a\u00f1os y que tendr\u00e1 lugar en apenas cuarenta horas.<\/p>\n<p>&nbsp;<\/p>\n<p>&nbsp;<\/p>\n<p>&nbsp;<\/p>\n<p><a href=\"https:\/\/amzn.to\/3zxg8Oq\"><img decoding=\"async\" class=\"alignleft wp-image-8030 size-medium lazyload\" data-src=\"https:\/\/www.elcornetin.es\/blog\/wp-content\/uploads\/2018\/11\/51PDoA5Xz7L-196x300.jpg\" alt=\"\" width=\"196\" height=\"300\" data-srcset=\"https:\/\/www.elcornetin.es\/blog\/wp-content\/uploads\/2018\/11\/51PDoA5Xz7L-196x300.jpg 196w, https:\/\/www.elcornetin.es\/blog\/wp-content\/uploads\/2018\/11\/51PDoA5Xz7L-150x229.jpg 150w, https:\/\/www.elcornetin.es\/blog\/wp-content\/uploads\/2018\/11\/51PDoA5Xz7L.jpg 327w\" data-sizes=\"(max-width: 196px) 100vw, 196px\" src=\"data:image\/svg+xml;base64,PHN2ZyB3aWR0aD0iMSIgaGVpZ2h0PSIxIiB4bWxucz0iaHR0cDovL3d3dy53My5vcmcvMjAwMC9zdmciPjwvc3ZnPg==\" style=\"--smush-placeholder-width: 196px; --smush-placeholder-aspect-ratio: 196\/300;\" \/><\/a><\/p>\n<p>&nbsp;<\/p>\n<p>\u201cDiario del Viajero\u201d: En un fin de semana como otro cualquiera, todas las emisiones de televisi\u00f3n y radio del mundo dejan de funcionar. En su lugar se emite un mensaje, con el idioma local de cada pa\u00eds, que repite una y otra vez que una gran pandemia est\u00e1 a punto de asolar el planeta, un virus que acabar\u00e1 con el noventa y nueve por ciento de la poblaci\u00f3n. Uno de los pocos detenidos y acusados por este fen\u00f3meno es Santi, un escritor que a\u00f1os antes escribi\u00f3 un libro contando exactamente lo que hab\u00eda pasado ese fin de semana. \u00c9l no recuerda nada ya que sufre una amnesia severa y solo puede hablar de lo vivido en sus \u00faltimos seis a\u00f1os. A partir de aqu\u00ed, la investigaci\u00f3n revelar\u00e1 de d\u00f3nde sali\u00f3 la idea del libro y que en realidad nadie es quien dice ser.<\/p>\n<p>&nbsp;<\/p>\n<p>&nbsp;<\/p>\n<p><a href=\"https:\/\/amzn.to\/3EHbdy6\" target=\"_blank\" rel=\"noopener noreferrer\"><img decoding=\"async\" class=\"alignnone wp-image-8031 size-medium lazyload\" data-src=\"https:\/\/www.elcornetin.es\/blog\/wp-content\/uploads\/2018\/11\/51gd2AkpQhL._SY346_-188x300.jpg\" alt=\"\" width=\"188\" height=\"300\" data-srcset=\"https:\/\/www.elcornetin.es\/blog\/wp-content\/uploads\/2018\/11\/51gd2AkpQhL._SY346_-188x300.jpg 188w, https:\/\/www.elcornetin.es\/blog\/wp-content\/uploads\/2018\/11\/51gd2AkpQhL._SY346_-150x239.jpg 150w, https:\/\/www.elcornetin.es\/blog\/wp-content\/uploads\/2018\/11\/51gd2AkpQhL._SY346_.jpg 217w\" data-sizes=\"(max-width: 188px) 100vw, 188px\" src=\"data:image\/svg+xml;base64,PHN2ZyB3aWR0aD0iMSIgaGVpZ2h0PSIxIiB4bWxucz0iaHR0cDovL3d3dy53My5vcmcvMjAwMC9zdmciPjwvc3ZnPg==\" style=\"--smush-placeholder-width: 188px; --smush-placeholder-aspect-ratio: 188\/300;\" \/><\/a>\u201cLa Roca Sagrada\u201d: Un extra\u00f1o objeto hallado en la bodega de un viejo gale\u00f3n espa\u00f1ol hundido hace cuatro siglos, ser\u00e1 el punto de partida que llevar\u00e1 a Aitor y Daniel, a descubrir un secreto que apenas aparece detallado en algunos antiguos escritos; un objeto que ha permanecido fielmente guardado durante muchos siglos: la Roca Sagrada de los caballeros templarios. Solo aquellos que han dedicado su vida a proteger el secreto durante los \u00faltimos dos mil a\u00f1os conocen su verdadera historia. Una b\u00fasqueda a trav\u00e9s de las ruinas de Petra, las \u00e1ridas arenas de Egipto y la asombrosa ciudad santa de Jerusal\u00e9n; lugares milenarios, m\u00e1gicos y repletos de historia que ser\u00e1n escenario de esta fabulosa aventura rodeada de misterio, peligro y muerte.<\/p>\n<p>&nbsp;<\/p>\n<p>&nbsp;<\/p>\n<p>&nbsp;<\/p>\n<p>&nbsp;<\/p>\n<p><span style=\"color: #000080;\"><strong>Sobre tu \u00faltima novela, \u201cLa roca sagrada\u201d, cu\u00e9ntanos: \u00bfc\u00f3mo se te ocurri\u00f3?<\/strong><\/span><\/p>\n<p>A trav\u00e9s de una de esas preguntas que me surgi\u00f3 y para la que nadie ten\u00eda una respuesta clara. No puedo decir la pregunta porque destripar\u00eda el final del libro, pero as\u00ed naci\u00f3, de una simple y llana pregunta.<\/p>\n<p><span style=\"color: #000080;\"><strong>\u00bfImaginas a los personajes de tu novela encarnados en alg\u00fan actor o actriz famoso en particular?<\/strong><\/span><\/p>\n<p>Siempre. Hago fichas con cada personaje y una vez he acabado de darle la personalidad, aspecto, raza, edad, etc. elijo a un actor famoso que, para m\u00ed, ser\u00eda el ideal para hacer ese papel en caso de ser una pel\u00edcula.<\/p>\n<p><span style=\"color: #000080;\"><strong>\u00bfD\u00f3nde buscas informaci\u00f3n para documentarte? \u00bfTambi\u00e9n realizas viajes para ponerte en situaci\u00f3n en algunos de los escenarios de tus novelas?<\/strong><\/span><\/p>\n<p>La informaci\u00f3n referente a la historia real sobre las que se basan mis libros ya sea la evoluci\u00f3n del hombre, virus que mutan, caballeros templarios, etc. Siempre es en otros libros de historia, documentales espec\u00edficos o internet.<\/p>\n<p>Sobre las localizaciones, intento que sean lugares que he visitado. Si no he estado en alguno de ellos, busco en internet, veo fotos y videos del lugar y leo sobre lo que me interesa contar de ellos.<\/p>\n<p><a href=\"https:\/\/www.elcornetin.es\/blog\/wp-content\/uploads\/2018\/11\/46414994_1970307109725528_3205886739331678208_n.jpg\" target=\"_blank\" rel=\"noopener noreferrer\"><img decoding=\"async\" class=\"aligncenter wp-image-8132 size-full lazyload\" data-src=\"https:\/\/www.elcornetin.es\/blog\/wp-content\/uploads\/2018\/11\/46414994_1970307109725528_3205886739331678208_n.jpg\" alt=\"\" width=\"1084\" height=\"720\" data-srcset=\"https:\/\/www.elcornetin.es\/blog\/wp-content\/uploads\/2018\/11\/46414994_1970307109725528_3205886739331678208_n.jpg 1084w, https:\/\/www.elcornetin.es\/blog\/wp-content\/uploads\/2018\/11\/46414994_1970307109725528_3205886739331678208_n-300x199.jpg 300w, https:\/\/www.elcornetin.es\/blog\/wp-content\/uploads\/2018\/11\/46414994_1970307109725528_3205886739331678208_n-768x510.jpg 768w, https:\/\/www.elcornetin.es\/blog\/wp-content\/uploads\/2018\/11\/46414994_1970307109725528_3205886739331678208_n-1024x680.jpg 1024w, https:\/\/www.elcornetin.es\/blog\/wp-content\/uploads\/2018\/11\/46414994_1970307109725528_3205886739331678208_n-150x100.jpg 150w, https:\/\/www.elcornetin.es\/blog\/wp-content\/uploads\/2018\/11\/46414994_1970307109725528_3205886739331678208_n-500x332.jpg 500w\" data-sizes=\"(max-width: 1084px) 100vw, 1084px\" src=\"data:image\/svg+xml;base64,PHN2ZyB3aWR0aD0iMSIgaGVpZ2h0PSIxIiB4bWxucz0iaHR0cDovL3d3dy53My5vcmcvMjAwMC9zdmciPjwvc3ZnPg==\" style=\"--smush-placeholder-width: 1084px; --smush-placeholder-aspect-ratio: 1084\/720;\" \/><\/a><\/p>\n<p><span style=\"color: #000080;\"><strong>\u00bfQu\u00e9 otros proyectos tienes en marcha ahora mismo?<\/strong><\/span><\/p>\n<p>Estoy escribiendo \u201cVirus Z\u201d. Es la segunda parte de \u201cDiario del Viajero\u201d, y ser\u00e1, a petici\u00f3n de muchos lectores, una novela mucho m\u00e1s Zeta que el primer libro, donde los zombis apenas son una pincelada en la historia. Es una aventura de superaci\u00f3n y de maduraci\u00f3n donde los protagonistas tendr\u00e1n que sobrevivir a una pandemia mundial y a la maldad de los seres humanos cuando no hay leyes ni c\u00e1rceles que los retengan.<\/p>\n<p><span style=\"color: #000080;\"><strong>\u00bfPor qu\u00e9 escogiste la autoedici\u00f3n? \u00bfHas intentado en alg\u00fan momento mandar tus novelas a distintas editoriales? \u00bfC\u00f3mo est\u00e1 hoy en d\u00eda el mundo de la autoedici\u00f3n?<\/strong><\/span><\/p>\n<p>Escog\u00ed autoeditarme en Amazon tras leer un par de entrevistas de un escritor llamado Fernando Gamboa, que siendo independiente vend\u00eda m\u00e1s que la mayor\u00eda de los autores conocidos.\u00a0 Cont\u00f3 lo bueno y lo malo, y la verdad es que yo solo vi cosas positivas. No perd\u00eda nada por probarlo y as\u00ed lo hice.<\/p>\n<p>Intent\u00e9, supongo que como todos, la v\u00eda de la editorial cl\u00e1sica, pero en cuanto recib\u00ed las negativas de un par de editoriales a las que envi\u00e9 mis manuscritos, que me dec\u00edan que no publicaban a autores noveles, opt\u00e9 por la auto publicaci\u00f3n.<\/p>\n<p>Hoy en d\u00eda la autoedici\u00f3n est\u00e1 en auge, sin duda. El mundo del escritor ha cambiado y ya no dependes de una editorial para publicar tu libro. El medio cl\u00e1sico para ser escritor y las oportunidades para conseguirlo son infinitas. Tambi\u00e9n hay que decir que cualquiera puede subir un texto y venderlo, directamente salido del horno, sin repasar, sin corregir, sin control alguno. No todos los libros autopublicados son buenos. Hay de todo y de calidades distintas, pero, por suerte, Amazon te deja bajar una muestra de cada libro para leer de forma gratuita y decidir si comprarlo y seguir leyendo, o eliminarlo de tu Kindle sin haberte gastado un euro.<\/p>\n<p><span style=\"color: #000080;\"><strong>Iv\u00e1n, gracias por tu tiempo. Ha sido un placer tenerte hoy con nosotros. Hasta la pr\u00f3xima, y mucha suerte con tu nueva novela.<\/strong><\/span><\/p>\n<p>Gracias a vosotros por elegirme. Mucha suerte!<\/p>\n<p><span style=\"color: #333399;\"><a style=\"color: #333399;\" href=\"https:\/\/www.facebook.com\/ivan.gilabert?ref=br_rs\">Facebook del autor<\/a><\/span><\/p>\n<div style=\"width: 480px;\" class=\"wp-video\"><video class=\"wp-video-shortcode\" id=\"video-8027-1\" width=\"480\" height=\"608\" preload=\"metadata\" controls=\"controls\"><source type=\"video\/mp4\" src=\"https:\/\/www.elcornetin.es\/blog\/wp-content\/uploads\/2018\/11\/video-1542359475.mp4?_=1\" \/><a href=\"https:\/\/www.elcornetin.es\/blog\/wp-content\/uploads\/2018\/11\/video-1542359475.mp4\">https:\/\/www.elcornetin.es\/blog\/wp-content\/uploads\/2018\/11\/video-1542359475.mp4<\/a><\/video><\/div>\n","protected":false},"excerpt":{"rendered":"<p>Iv\u00e1n Gilabert, autor de tres novelas a la venta en Internet: \u201cAtlantes\u201d, \u201cDiario del viajero\u201d y \u201cLa Roca Sagrada\u201d, es un ejemplo de&#8230;<\/p>\n","protected":false},"author":10,"featured_media":8126,"comment_status":"open","ping_status":"open","sticky":false,"template":"","format":"standard","meta":{"rop_custom_images_group":[],"rop_custom_messages_group":[],"rop_publish_now":"initial","rop_publish_now_accounts":{"facebook_965112277219911_1711957949078873":"","twitter_719274304828010500_719274304828010500":""},"rop_publish_now_history":[],"rop_publish_now_status":"pending","rating_form_position":"","rating_results_position":"","mr_structured_data_type":"","footnotes":""},"categories":[481],"tags":[2068,2066,2067],"class_list":["post-8027","post","type-post","status-publish","format-standard","has-post-thumbnail","hentry","category-literatura","tag-autoedicion","tag-entrevista","tag-libros"],"aioseo_notices":[],"multi-rating":{"mr_rating_results":[{"adjusted_star_result":5,"star_result":5,"total_max_option_value":5,"adjusted_score_result":5,"score_result":5,"percentage_result":100,"adjusted_percentage_result":100,"count":3,"post_id":8027}]},"_links":{"self":[{"href":"https:\/\/www.elcornetin.es\/blog\/wp-json\/wp\/v2\/posts\/8027","targetHints":{"allow":["GET"]}}],"collection":[{"href":"https:\/\/www.elcornetin.es\/blog\/wp-json\/wp\/v2\/posts"}],"about":[{"href":"https:\/\/www.elcornetin.es\/blog\/wp-json\/wp\/v2\/types\/post"}],"author":[{"embeddable":true,"href":"https:\/\/www.elcornetin.es\/blog\/wp-json\/wp\/v2\/users\/10"}],"replies":[{"embeddable":true,"href":"https:\/\/www.elcornetin.es\/blog\/wp-json\/wp\/v2\/comments?post=8027"}],"version-history":[{"count":20,"href":"https:\/\/www.elcornetin.es\/blog\/wp-json\/wp\/v2\/posts\/8027\/revisions"}],"predecessor-version":[{"id":17015,"href":"https:\/\/www.elcornetin.es\/blog\/wp-json\/wp\/v2\/posts\/8027\/revisions\/17015"}],"wp:featuredmedia":[{"embeddable":true,"href":"https:\/\/www.elcornetin.es\/blog\/wp-json\/wp\/v2\/media\/8126"}],"wp:attachment":[{"href":"https:\/\/www.elcornetin.es\/blog\/wp-json\/wp\/v2\/media?parent=8027"}],"wp:term":[{"taxonomy":"category","embeddable":true,"href":"https:\/\/www.elcornetin.es\/blog\/wp-json\/wp\/v2\/categories?post=8027"},{"taxonomy":"post_tag","embeddable":true,"href":"https:\/\/www.elcornetin.es\/blog\/wp-json\/wp\/v2\/tags?post=8027"}],"curies":[{"name":"wp","href":"https:\/\/api.w.org\/{rel}","templated":true}]}}