{"id":8096,"date":"2018-11-13T12:27:13","date_gmt":"2018-11-13T11:27:13","guid":{"rendered":"https:\/\/www.elcornetin.es\/blog\/?p=8096"},"modified":"2023-09-06T20:25:11","modified_gmt":"2023-09-06T18:25:11","slug":"nuestro-homenaje-a-stan-lee","status":"publish","type":"post","link":"https:\/\/www.elcornetin.es\/blog\/comics\/nuestro-homenaje-a-stan-lee\/","title":{"rendered":"Nuestro homenaje a Stan Lee"},"content":{"rendered":"<p>Pues s\u00ed\u2026. Ha llegado el d\u00eda que muchos nos tem\u00edamos. El d\u00eda en que nuestros mayores temores se hac\u00edan realidad. Porque el 12 de noviembre de 2018 es ya un d\u00eda hist\u00f3rico. Marcado en rojo por muchos de nosotros en cualquier calendario. Porque ese d\u00eda se fue nuestro querido Stan Lee.\u00a0Un hombre que deber\u00eda ser eterno ha fallecido. Descansa en paz all\u00e1 donde est\u00e9s.<\/p>\n<p><!--more--><\/p>\n<h2>La Casa de las Ideas<\/h2>\n<p>Mientras ayer trabajamos en la redacci\u00f3n de El Cornet\u00edn, primero el rumor y luego la noticia confirmada corr\u00eda como la p\u00f3lvora. <strong>El Gran Hombre de la Casa de las Ideas<\/strong>, el fundador de <a href=\"https:\/\/www.elcornetin.es\/blog\/comics\/entrevista-carlos-pacheco\/\" target=\"_blank\" rel=\"noopener\">Marvel<\/a> hab\u00eda fallecido.<\/p>\n<figure id=\"attachment_8099\" aria-describedby=\"caption-attachment-8099\" style=\"width: 450px\" class=\"wp-caption aligncenter\"><a href=\"https:\/\/www.elcornetin.es\/blog\/wp-content\/uploads\/2018\/11\/marvel_heroes.jpg\"><img decoding=\"async\" class=\"wp-image-8099 size-full lazyload\" data-src=\"https:\/\/www.elcornetin.es\/blog\/wp-content\/uploads\/2018\/11\/marvel_heroes.jpg\" alt=\"\" width=\"450\" height=\"258\" data-srcset=\"https:\/\/www.elcornetin.es\/blog\/wp-content\/uploads\/2018\/11\/marvel_heroes.jpg 450w, https:\/\/www.elcornetin.es\/blog\/wp-content\/uploads\/2018\/11\/marvel_heroes-300x172.jpg 300w, https:\/\/www.elcornetin.es\/blog\/wp-content\/uploads\/2018\/11\/marvel_heroes-150x86.jpg 150w\" data-sizes=\"(max-width: 450px) 100vw, 450px\" src=\"data:image\/svg+xml;base64,PHN2ZyB3aWR0aD0iMSIgaGVpZ2h0PSIxIiB4bWxucz0iaHR0cDovL3d3dy53My5vcmcvMjAwMC9zdmciPjwvc3ZnPg==\" style=\"--smush-placeholder-width: 450px; --smush-placeholder-aspect-ratio: 450\/258;\" \/><\/a><figcaption id=\"caption-attachment-8099\" class=\"wp-caption-text\">Los h\u00e9roes de Marvel<\/figcaption><\/figure>\n<p>Stanley Martin Lieber (como as\u00ed se llamaba realmente) naci\u00f3 en Nueva York en 1922 un 28 de diciembre. Si hubiera vivido apenas algo m\u00e1s de un mes, <strong>habr\u00eda cumplido la friolera de 96 a\u00f1os<\/strong>.<\/p>\n<p>De su pluma han salido personajes que hoy en d\u00eda son iconos mundialmente conocidos como <strong><a href=\"https:\/\/www.elcornetin.es\/blog\/comics\/civil-war-el-comic-la-historia\/\">Iron Man<\/a>, Hulk, Thor, los 4 Fant\u00e1sticos, <a href=\"https:\/\/www.elcornetin.es\/blog\/comics\/informe-picara-origen-como-x-men\/\">X-Men<\/a><\/strong> y un largo etc\u00e9tera, pero sin lugar a dudas, su ojito derecho siempre fue <strong>Spiderman<\/strong> (creado junto con Steve Ditko). Estos <a href=\"https:\/\/www.elcornetin.es\/blog\/comics\/coint\/opinion-quien-es-el-mejor-superheroe\/\">s\u00faper-hombres y mujeres<\/a> modernos nos han hecho so\u00f1ar despiertos, vivir una y mil aventuras, gritar de alegr\u00eda en nuestra habitaci\u00f3n cuando nuestros h\u00e9roes de papel y l\u00e1piz sal\u00edan victoriosos de los envites que el malo de turno les ten\u00eda preparados. <strong>Hemos llorado con ellos<\/strong> la muerte de sus seres queridos (e incluso de alg\u00fan personaje principal) como hoy lloramos la p\u00e9rdida de Stan Lee.<\/p>\n<h2><span style=\"font-family: 'andale mono', monospace;\">Despedida con honores<\/span><\/h2>\n<p>Se pueden acu\u00f1ar muchos parabienes para despedir con honores a Stan Lee, <strong>y todos ellos ciertos<\/strong>: como que <strong>fue el hombre que lo cambio todo en la industria del c\u00f3mic<\/strong> de Estados Unidos y luego del mundo, que de su imaginaci\u00f3n salieron las mejores historias que jam\u00e1s se hayan contado. Que supo reflotar una <a href=\"https:\/\/www.marvel.com\/\">empresa en crisis<\/a>, arruinada econ\u00f3micamente y acuciada por las deudas en los noventa, para 20 a\u00f1os despu\u00e9s <strong>convertirse en una empresa multimillonaria<\/strong> que factura las mejores pel\u00edculas de s\u00faper-h\u00e9roes jam\u00e1s creadas y que han colado en nuestros ensue\u00f1os mundos imposibles.<\/p>\n<figure id=\"attachment_8098\" aria-describedby=\"caption-attachment-8098\" style=\"width: 1024px\" class=\"wp-caption aligncenter\"><a href=\"https:\/\/www.elcornetin.es\/blog\/wp-content\/uploads\/2018\/11\/stan-lee-adios.jpg\"><img decoding=\"async\" class=\"wp-image-8098 size-large lazyload\" data-src=\"https:\/\/www.elcornetin.es\/blog\/wp-content\/uploads\/2018\/11\/stan-lee-adios-1024x540.jpg\" alt=\"\" width=\"1024\" height=\"540\" data-srcset=\"https:\/\/www.elcornetin.es\/blog\/wp-content\/uploads\/2018\/11\/stan-lee-adios-1024x540.jpg 1024w, https:\/\/www.elcornetin.es\/blog\/wp-content\/uploads\/2018\/11\/stan-lee-adios-300x158.jpg 300w, https:\/\/www.elcornetin.es\/blog\/wp-content\/uploads\/2018\/11\/stan-lee-adios-768x405.jpg 768w, https:\/\/www.elcornetin.es\/blog\/wp-content\/uploads\/2018\/11\/stan-lee-adios-150x79.jpg 150w, https:\/\/www.elcornetin.es\/blog\/wp-content\/uploads\/2018\/11\/stan-lee-adios-500x264.jpg 500w, https:\/\/www.elcornetin.es\/blog\/wp-content\/uploads\/2018\/11\/stan-lee-adios.jpg 1100w\" data-sizes=\"(max-width: 1024px) 100vw, 1024px\" src=\"data:image\/svg+xml;base64,PHN2ZyB3aWR0aD0iMSIgaGVpZ2h0PSIxIiB4bWxucz0iaHR0cDovL3d3dy53My5vcmcvMjAwMC9zdmciPjwvc3ZnPg==\" style=\"--smush-placeholder-width: 1024px; --smush-placeholder-aspect-ratio: 1024\/540;\" \/><\/a><figcaption id=\"caption-attachment-8098\" class=\"wp-caption-text\">Adi\u00f3s a ti tambi\u00e9n Stan. te echaremos de menos<\/figcaption><\/figure>\n<p>Como recomendaci\u00f3n personal, desde El Cornet\u00edn <strong>os recomendamos ver la serie documental<\/strong> de 6 episodios \u201c<em>La historia secreta del c\u00f3mic por Robert Kirkman<\/em>\u201d. La que es para nosotros el relato m\u00e1s fiel de c\u00f3mo Stan Lee lleg\u00f3 a convertirse en el escritor y editor de c\u00f3mics m\u00e1s importante de la historia.<\/p>\n","protected":false},"excerpt":{"rendered":"<p>Pues s\u00ed\u2026. Ha llegado el d\u00eda que muchos nos tem\u00edamos. El d\u00eda en que nuestros mayores temores se hac\u00edan realidad. Porque el 12&#8230;<\/p>\n","protected":false},"author":11,"featured_media":0,"comment_status":"open","ping_status":"open","sticky":false,"template":"","format":"standard","meta":{"rop_custom_images_group":[],"rop_custom_messages_group":[],"rop_publish_now":"initial","rop_publish_now_accounts":{"facebook_965112277219911_1711957949078873":"","twitter_719274304828010500_719274304828010500":""},"rop_publish_now_history":[],"rop_publish_now_status":"pending","rating_form_position":"","rating_results_position":"","mr_structured_data_type":"","footnotes":""},"categories":[12],"tags":[],"class_list":["post-8096","post","type-post","status-publish","format-standard","hentry","category-comics"],"aioseo_notices":[],"multi-rating":{"mr_rating_results":[{"adjusted_star_result":5,"star_result":5,"total_max_option_value":5,"adjusted_score_result":5,"score_result":5,"percentage_result":100,"adjusted_percentage_result":100,"count":2,"post_id":8096}]},"_links":{"self":[{"href":"https:\/\/www.elcornetin.es\/blog\/wp-json\/wp\/v2\/posts\/8096","targetHints":{"allow":["GET"]}}],"collection":[{"href":"https:\/\/www.elcornetin.es\/blog\/wp-json\/wp\/v2\/posts"}],"about":[{"href":"https:\/\/www.elcornetin.es\/blog\/wp-json\/wp\/v2\/types\/post"}],"author":[{"embeddable":true,"href":"https:\/\/www.elcornetin.es\/blog\/wp-json\/wp\/v2\/users\/11"}],"replies":[{"embeddable":true,"href":"https:\/\/www.elcornetin.es\/blog\/wp-json\/wp\/v2\/comments?post=8096"}],"version-history":[{"count":3,"href":"https:\/\/www.elcornetin.es\/blog\/wp-json\/wp\/v2\/posts\/8096\/revisions"}],"predecessor-version":[{"id":8103,"href":"https:\/\/www.elcornetin.es\/blog\/wp-json\/wp\/v2\/posts\/8096\/revisions\/8103"}],"wp:attachment":[{"href":"https:\/\/www.elcornetin.es\/blog\/wp-json\/wp\/v2\/media?parent=8096"}],"wp:term":[{"taxonomy":"category","embeddable":true,"href":"https:\/\/www.elcornetin.es\/blog\/wp-json\/wp\/v2\/categories?post=8096"},{"taxonomy":"post_tag","embeddable":true,"href":"https:\/\/www.elcornetin.es\/blog\/wp-json\/wp\/v2\/tags?post=8096"}],"curies":[{"name":"wp","href":"https:\/\/api.w.org\/{rel}","templated":true}]}}