{"id":872,"date":"2016-06-11T01:02:20","date_gmt":"2016-06-10T23:02:20","guid":{"rendered":"http:\/\/www.elcornetin.es\/blog\/?p=872"},"modified":"2016-06-11T01:05:22","modified_gmt":"2016-06-10T23:05:22","slug":"ultima-hora-caos-aereo-por-culpa-de-los-outsiders","status":"publish","type":"post","link":"https:\/\/www.elcornetin.es\/blog\/comics\/conac\/ultima-hora-caos-aereo-por-culpa-de-los-outsiders\/","title":{"rendered":"[\u00daltima hora] Caos a\u00e9reo por culpa de &#8216;Los Outsiders&#8217;"},"content":{"rendered":"<p><strong>AENA<\/strong> ya est\u00e1 barajando la posibilidad de emprender acciones legales contra 13, l\u00edder de \u2018<a href=\"http:\/\/www.elsistemad13.com\/tag\/outsiders\/\" target=\"_blank\"><strong>Los Outsiders<\/strong><\/a>\u2019, ya que su <a href=\"http:\/\/www.elsistemad13.com\/comic\/poder-2\/\" target=\"_blank\">repentino despegue <\/a>y sus <a href=\"http:\/\/www.elsistemad13.com\/comic\/inconsciente\/\" target=\"_blank\">constantes zigzagueos<\/a>, alteraron notoriamente el <strong>tr\u00e1fico a\u00e9reo<\/strong>, uno de los m\u00e1s intensos de Europa, cercanos al aeropuerto de <strong>El Prat<\/strong>.<!--more--><\/p>\n<p>Varios pilotos identificaron \u201c<strong><em>una cosa rara con rallas y pelo rizado<\/em><\/strong>\u201d como el causante de <strong>maniobras de evasi\u00f3n<\/strong> repentinas. A la sorpresa del vuelo, hay que sumar la <strong>confusi\u00f3n<\/strong> que supone para los for\u00e1neos que nos visitan cuando se les explica la historia de estos \u201c<strong>h\u00e9roes o villanos<\/strong>\u201d (a\u00fan no est\u00e1 muy claro).<\/p>\n<p>\u201cPlimelo piloto gila muy l\u00e1pido\u2026 salen m\u00e1scalas de aile\u2026 todos glital\u2026 Y ahola yo entelal que en Espa\u00f1a payaso de pelo lizado podel volal\u2026 Yo volvel a Pekin ma\u00f1ana, no ablil lestaulante aqu\u00ed\u201d.<\/p>\n<p>Estas duras declaraciones de un <strong>humilde pasajero<\/strong> de nacionalidad <strong>China<\/strong> demuestran el enorme <strong>impacto negativo<\/strong> que est\u00e1n teniendo ya en la <strong>econom\u00eda nacional<\/strong> esta banda des-organizada (porque organizada no se les ve mucho, la verdad).<\/p>\n<p>Nuestro m\u00e1s sincero <strong>temor<\/strong> se est\u00e1 <strong>cumpliendo<\/strong>, as\u00ed que <strong>exigimos<\/strong> que se tomen <strong>medidas<\/strong>. No sabemos exactamente cu\u00e1les, pero s\u00ed al menos que se le ponga un <strong>chip de localizaci\u00f3n<\/strong> a cada miembro del grupo, como esos que se implantan en las <strong>mascotas<\/strong>, para tenerlos controlados.<\/p>\n<p><strong>El Cornet\u00edn de G\u00f3ndor<\/strong><br \/>\nSiempre al margen de la noticia<\/p>\n<p><em>Nota: Este art\u00edculo es de ficci\u00f3n, y se refiere a los personajes que conforman \u00ab<a href=\"http:\/\/www.elsistemad13.com\/tag\/outsiders\/\" target=\"_blank\">Los Outsiders<\/a>\u00ab, creados por <a href=\"http:\/\/www.elsistemad13.com\/el-autor\/\" target=\"_blank\">Joan Tretze<\/a> en su tira \u00ab<a href=\"http:\/\/www.elsistemad13.com\" target=\"_blank\">El Sistema D13<\/a>\u00ab, a los que queremos homenajear desde aqu\u00ed.<\/em><\/p>\n","protected":false},"excerpt":{"rendered":"<p>AENA ya est\u00e1 barajando la posibilidad de emprender acciones legales contra 13, l\u00edder de \u2018Los Outsiders\u2019, ya que su repentino despegue y sus&#8230;<\/p>\n","protected":false},"author":1,"featured_media":876,"comment_status":"open","ping_status":"open","sticky":false,"template":"","format":"standard","meta":{"rop_custom_images_group":[],"rop_custom_messages_group":[],"rop_publish_now":"initial","rop_publish_now_accounts":{"facebook_965112277219911_1711957949078873":"","twitter_719274304828010500_719274304828010500":""},"rop_publish_now_history":[],"rop_publish_now_status":"pending","rating_form_position":"","rating_results_position":"","mr_structured_data_type":"","footnotes":""},"categories":[20],"tags":[],"class_list":["post-872","post","type-post","status-publish","format-standard","has-post-thumbnail","hentry","category-conac"],"aioseo_notices":[],"multi-rating":{"mr_rating_results":[{"adjusted_star_result":0,"star_result":0,"total_max_option_value":5,"adjusted_score_result":0,"score_result":0,"percentage_result":0,"adjusted_percentage_result":0,"count":0,"post_id":872}]},"_links":{"self":[{"href":"https:\/\/www.elcornetin.es\/blog\/wp-json\/wp\/v2\/posts\/872","targetHints":{"allow":["GET"]}}],"collection":[{"href":"https:\/\/www.elcornetin.es\/blog\/wp-json\/wp\/v2\/posts"}],"about":[{"href":"https:\/\/www.elcornetin.es\/blog\/wp-json\/wp\/v2\/types\/post"}],"author":[{"embeddable":true,"href":"https:\/\/www.elcornetin.es\/blog\/wp-json\/wp\/v2\/users\/1"}],"replies":[{"embeddable":true,"href":"https:\/\/www.elcornetin.es\/blog\/wp-json\/wp\/v2\/comments?post=872"}],"version-history":[{"count":5,"href":"https:\/\/www.elcornetin.es\/blog\/wp-json\/wp\/v2\/posts\/872\/revisions"}],"predecessor-version":[{"id":879,"href":"https:\/\/www.elcornetin.es\/blog\/wp-json\/wp\/v2\/posts\/872\/revisions\/879"}],"wp:featuredmedia":[{"embeddable":true,"href":"https:\/\/www.elcornetin.es\/blog\/wp-json\/wp\/v2\/media\/876"}],"wp:attachment":[{"href":"https:\/\/www.elcornetin.es\/blog\/wp-json\/wp\/v2\/media?parent=872"}],"wp:term":[{"taxonomy":"category","embeddable":true,"href":"https:\/\/www.elcornetin.es\/blog\/wp-json\/wp\/v2\/categories?post=872"},{"taxonomy":"post_tag","embeddable":true,"href":"https:\/\/www.elcornetin.es\/blog\/wp-json\/wp\/v2\/tags?post=872"}],"curies":[{"name":"wp","href":"https:\/\/api.w.org\/{rel}","templated":true}]}}