{"id":8903,"date":"2019-02-14T08:00:16","date_gmt":"2019-02-14T07:00:16","guid":{"rendered":"https:\/\/www.elcornetin.es\/blog\/?p=8903"},"modified":"2019-02-10T17:34:47","modified_gmt":"2019-02-10T16:34:47","slug":"guia-de-series-de-television-el-arrowverso-de-dc-parte-2a","status":"publish","type":"post","link":"https:\/\/www.elcornetin.es\/blog\/cine-tv\/guia-de-series-de-television-el-arrowverso-de-dc-parte-2a\/","title":{"rendered":"Gu\u00eda de series de televisi\u00f3n: el Arrowverso de DC (Parte 2\u00aa)"},"content":{"rendered":"<p><span style=\"font-weight: 400;\">Seguimos con la segunda parte de la \u201c<\/span><b>Gu\u00eda de series de televisi\u00f3n: el Arrowverso de DC\u201d. <\/b><span style=\"font-weight: 400;\">Si te perdiste la primera entrega, una amplia introducci\u00f3n, puedes leerla desde <a href=\"https:\/\/www.elcornetin.es\/blog\/cine-tv\/guia-de-series-de-television-el-arrowverso-de-dc-parte-1a\/\" target=\"_blank\" rel=\"noopener\">aqu\u00ed<\/a>.<\/span><\/p>\n<p><!--more--><\/p>\n<h2><b>El arrowverso crece con viajes en el tiempo<\/b><\/h2>\n<p><span style=\"font-weight: 400;\">Este arrowverso fue <strong>m\u00e1s cre\u00edble<\/strong> cuando los villanos habituales de Green Arrow y The Flash <strong>se cruzaron entre ambas series<\/strong> durante varias semanas. Tambi\u00e9n alg\u00fan nuevo superh\u00e9roe aparec\u00eda para echar una mano al protagonista. La intenci\u00f3n de Greg Berlanti era clara: <strong>quer\u00eda ver como el p\u00fablico reaccionaba<\/strong> ante cada uno de ellos. Era un casting encubierto, otro <strong>experimento<\/strong> para plantar las semillas del segundo <\/span><i><span style=\"font-weight: 400;\">spin-off<\/span><\/i><span style=\"font-weight: 400;\"> generado a partir de la serie Arrow y The Flash, y que se titular\u00eda <strong>DC\u2019s Legends of Tomorrow<\/strong>. Esta ser\u00eda la serie-crossover por excelencia, donde todo val\u00eda, e incluso los secundarios de las otras series se un\u00edan y se separaban del grupo de las Leyendas, al antojo de sus guionistas.<\/span><\/p>\n<p><span style=\"font-weight: 400;\">Durante la tercera temporada de Arrow y la primera The Flash, se van presentado a diferentes villanos como Leonard Snart, apodado Capit\u00e1n Fr\u00edo, Mick Rory, conocido como Ola de Calor, la anti-h\u00e9roe Canario Blanco en la piel de Sara Lance, as\u00ed como algunos superh\u00e9roes, el <\/span><i><span style=\"font-weight: 400;\">cambiante<\/span><\/i><span style=\"font-weight: 400;\"> Firestorm, o Ray Palmer enfundado en su traje de Atom.<\/span><\/p>\n<p><a href=\"https:\/\/www.elcornetin.es\/blog\/wp-content\/uploads\/2019\/02\/Arrowverse1.jpg\"><img decoding=\"async\" class=\"aligncenter wp-image-8909 size-large lazyload\" data-src=\"https:\/\/www.elcornetin.es\/blog\/wp-content\/uploads\/2019\/02\/Arrowverse1-1024x576.jpg\" alt=\"Imagen de los malos que luego son buenos Mr fr\u00edo y Ola de calor del Arrowverso\" width=\"1024\" height=\"576\" data-srcset=\"https:\/\/www.elcornetin.es\/blog\/wp-content\/uploads\/2019\/02\/Arrowverse1.jpg 1024w, https:\/\/www.elcornetin.es\/blog\/wp-content\/uploads\/2019\/02\/Arrowverse1-300x169.jpg 300w, https:\/\/www.elcornetin.es\/blog\/wp-content\/uploads\/2019\/02\/Arrowverse1-768x432.jpg 768w, https:\/\/www.elcornetin.es\/blog\/wp-content\/uploads\/2019\/02\/Arrowverse1-150x84.jpg 150w, https:\/\/www.elcornetin.es\/blog\/wp-content\/uploads\/2019\/02\/Arrowverse1-500x281.jpg 500w\" data-sizes=\"(max-width: 1024px) 100vw, 1024px\" src=\"data:image\/svg+xml;base64,PHN2ZyB3aWR0aD0iMSIgaGVpZ2h0PSIxIiB4bWxucz0iaHR0cDovL3d3dy53My5vcmcvMjAwMC9zdmciPjwvc3ZnPg==\" style=\"--smush-placeholder-width: 1024px; --smush-placeholder-aspect-ratio: 1024\/576;\" \/><\/a><\/p>\n<p><span style=\"font-weight: 400;\">Habr\u00eda a\u00fan tiempo en la primera temporada de The Flash para otro cameo cuando en el cap\u00edtulo 1&#215;22 de la serie The Flash, Barry Allen vuelve a solicitar la ayuda de \u201clos primos\u201d en la vida real, Green Arrow (el actor Stephen Amell) y Firestorm (interpretado en este arco argumental por el actor Robbie Amell), para enfrentarse al gran archienemigo de Flash, conocido como Reverse Flash, en un duelo a tres bandas que gan\u00f3 el villano\u2026<\/span><\/p>\n<h2><b>Nacen las Leyendas del tiempo<\/b><\/h2>\n<p><span style=\"font-weight: 400;\">En 2015 se lanzan la cuarta temporada de Arrow y la segunda The Flash, pero no ser\u00eda hasta sus cap\u00edtulos 8, el n\u00famero m\u00e1gico, cuando llegar\u00eda el nuevo crossover. <\/span><\/p>\n<p><span style=\"font-weight: 400;\">Con el cap\u00edtulo \u201cLegends of today\u201d (The Flash 2&#215;08) y el cap\u00edtulo \u201cLegends of yesterday\u201d (Arrow 4&#215;08) <strong>se presenta oficialmente el segundo <\/strong><\/span><strong><i>spin-off<\/i><\/strong><span style=\"font-weight: 400;\">, presentando a dos de sus nuevos superh\u00e9roes principales, Hawkgirl y Hawkman, as\u00ed como al gran villano de la futura serie, Vandal Savage.<\/span><\/p>\n<p><span style=\"font-weight: 400;\">Como tal, este segundo crossover s\u00ed cumple con el canon establecido. Flecha Verde, Flash, Hawkgirl y Hawkman unen sus fuerzas para derrotar a Vandal Savage, un rival muy superior a ellos individualmente pero que nada tiene que hacer cuando los h\u00e9roes forman pi\u00f1a. A nivel argumental se presenta una historia que comienza en The Flash y culmina en Arrow. Dos cap\u00edtulos que <strong>deben ser vistos juntos<\/strong> para entender toda la historia y nos abre la boca para lo que vendr\u00e1\u2026<\/span><\/p>\n<p><a href=\"https:\/\/www.elcornetin.es\/blog\/wp-content\/uploads\/2019\/02\/Arrowverse2.jpg\"><img decoding=\"async\" class=\"aligncenter wp-image-8910 size-full lazyload\" data-src=\"https:\/\/www.elcornetin.es\/blog\/wp-content\/uploads\/2019\/02\/Arrowverse2.jpg\" alt=\"Imagen promocional de los personajes del Arrowverso en la serie Legends of Tomorrow\" width=\"380\" height=\"285\" data-srcset=\"https:\/\/www.elcornetin.es\/blog\/wp-content\/uploads\/2019\/02\/Arrowverse2.jpg 380w, https:\/\/www.elcornetin.es\/blog\/wp-content\/uploads\/2019\/02\/Arrowverse2-300x225.jpg 300w, https:\/\/www.elcornetin.es\/blog\/wp-content\/uploads\/2019\/02\/Arrowverse2-150x113.jpg 150w\" data-sizes=\"(max-width: 380px) 100vw, 380px\" src=\"data:image\/svg+xml;base64,PHN2ZyB3aWR0aD0iMSIgaGVpZ2h0PSIxIiB4bWxucz0iaHR0cDovL3d3dy53My5vcmcvMjAwMC9zdmciPjwvc3ZnPg==\" style=\"--smush-placeholder-width: 380px; --smush-placeholder-aspect-ratio: 380\/285;\" \/><\/a><\/p>\n<p><span style=\"font-weight: 400;\">En 2016 se lanzar\u00e1 oficialmente la serie que <strong>es un crossover en s\u00ed misma<\/strong>: <strong>DC\u2019s Legends of Tomorrow<\/strong>. Tras haber viajado en el tiempo,\u00a0Rip Hunter tratar\u00e1 desesperadamente de evitar que en el 2166 La Tierra caiga en manos de Vandal Savage. As\u00ed <strong>Rip Hunter viajar\u00e1 a 2016 para reclutar a un grupo de superh\u00e9roes y supervillanos para viajar por el tiempo<\/strong> e impedir que Vandal Savage adquiera todo su poder. Este variopinto grupo lo acabar\u00edan formando, a parte del propio Rip Hunter, los villanos los <strong>Capit\u00e1n Fr\u00edo y Ola de Calor<\/strong>, la anti-h\u00e9roe <strong>Canario Blanco<\/strong>, \u00a0y los superh\u00e9roes <strong>Atom y Firestorm<\/strong>, este \u00faltimo diferente tras el cambio de actor.<\/span><\/p>\n<h2><b>Pero \u00bfno nos hemos olvidado de alguien? <\/b><\/h2>\n<p><span style=\"font-weight: 400;\">S\u00ed, pero nuestro olvido no ha sido intencionado. Los casos de las series de Supergirl y de Constantine son bastante peculiares y por eso los tratamos aparte.<\/span><\/p>\n<p><span style=\"font-weight: 400;\">En un principio, tanto Supergirl como Constantine <strong>no formar\u00edan parte del arrowverso<\/strong>, tan s\u00f3lo lo hac\u00edan Arrow, The Flash y DC\u2019s Legends of Tomorrow, que eran emitidas en la misma cadena: <strong>The CW<\/strong>.<\/span><\/p>\n<p><span style=\"font-weight: 400;\">La parrilla de The CW estaba completa, pero no quer\u00edan dejar escapar la oportunidad de lanzar una nueva serie. Greg Berlanti desarroll\u00f3 y escribi\u00f3 el argumento de Constantine y la cadena de televisi\u00f3n NBC compr\u00f3 los derechos para producir en 2014 una serie sobre el cazador de demonios <strong>John Constantine<\/strong>, interpretado en la ficci\u00f3n por Matt Ryan. Al pertenecer la serie a otra cadena diferente, la historia se desarrollaba en un universo donde, en principio, no exist\u00eda Green Arrow ni Flash ni las Leyendas, totalmente al margen de este otro mundo, el arrowverso.<\/span><\/p>\n<p><a href=\"https:\/\/www.elcornetin.es\/blog\/wp-content\/uploads\/2019\/02\/Arrowverse3.jpg\"><img decoding=\"async\" class=\"aligncenter wp-image-8911 size-large lazyload\" data-src=\"https:\/\/www.elcornetin.es\/blog\/wp-content\/uploads\/2019\/02\/Arrowverse3-1024x576.jpg\" alt=\"Imagen promocional de Constatine fuera del Arrowverso\" width=\"1024\" height=\"576\" data-srcset=\"https:\/\/www.elcornetin.es\/blog\/wp-content\/uploads\/2019\/02\/Arrowverse3-1024x576.jpg 1024w, https:\/\/www.elcornetin.es\/blog\/wp-content\/uploads\/2019\/02\/Arrowverse3-300x169.jpg 300w, https:\/\/www.elcornetin.es\/blog\/wp-content\/uploads\/2019\/02\/Arrowverse3-768x432.jpg 768w, https:\/\/www.elcornetin.es\/blog\/wp-content\/uploads\/2019\/02\/Arrowverse3-150x84.jpg 150w, https:\/\/www.elcornetin.es\/blog\/wp-content\/uploads\/2019\/02\/Arrowverse3-500x281.jpg 500w, https:\/\/www.elcornetin.es\/blog\/wp-content\/uploads\/2019\/02\/Arrowverse3.jpg 1920w\" data-sizes=\"(max-width: 1024px) 100vw, 1024px\" src=\"data:image\/svg+xml;base64,PHN2ZyB3aWR0aD0iMSIgaGVpZ2h0PSIxIiB4bWxucz0iaHR0cDovL3d3dy53My5vcmcvMjAwMC9zdmciPjwvc3ZnPg==\" style=\"--smush-placeholder-width: 1024px; --smush-placeholder-aspect-ratio: 1024\/576;\" \/><\/a><\/p>\n<h2><b>Muerte y resurrecci\u00f3n de Constantine<\/b><\/h2>\n<p><span style=\"font-weight: 400;\"><strong>Constantine tuvo unas audiencias muy bajas<\/strong> en Estados Unidos (apenas 1,4 millones de espectadores) durante su primera y \u00fanica temporada. Eso sumado a que era una serie <strong>cara de producir<\/strong>, con uno de los presupuestos m\u00e1s alto para NBC, la cadena decidi\u00f3 cancelarla y deshacerse de ella. <\/span><\/p>\n<p><span style=\"font-weight: 400;\">La cuarta serie de DC en esta nueva era para la peque\u00f1a pantalla <strong>hab\u00eda fracasado<\/strong>. Hubo bastantes errores, el principal fue no apostar fuertemente por ella desde el principio en The CW y hacerle un hueco en su parrilla. Sin duda, la serie se hubiera beneficiado de las audiencias de las otras series de superh\u00e9roes m\u00e1s populares y podr\u00eda haberse integrado en el arrowverso.<\/span><\/p>\n<p><span style=\"font-weight: 400;\">Hubo un movimiento en internet por intentar salvar la serie de la cancelaci\u00f3n, pero los intentos fueron est\u00e9riles. Aun as\u00ed, Constantine tendr\u00eda una segunda vida. Con la serie ya cancelada, <strong>The CW decidi\u00f3 hacer un regalo<\/strong> p\u00f3stumo en forma de <strong>crossover<\/strong> a los fans del personaje e incluirlo como recurrente en alguna de sus series principales. Por tanto pudimos ver a John Constantine en el episodio 4&#215;05 de Arrow y en varios episodios de la tercera temporada de DC\u2019s Legends of Tomorrow. Los fans y espectadores reaccionaron muy bien a su incorporaci\u00f3n, sobre todo en la segunda serie. <\/span><\/p>\n<p><span style=\"font-weight: 400;\">La cadena decidi\u00f3 darle una segunda vida al personaje de John Constantine y anunci\u00f3 que el actor Matt Ryan volver\u00eda a interpretar al personaje de manera permanente como una de las nuevas Leyendas en DC\u2019s Legends of Tomorrow, incorpor\u00e1ndolo a la serie durante su cuarta temporada como protagonista. Tambi\u00e9n se lanz\u00f3 una nueva serie animada de dibujos titulada Constantine: City of Demons, con el actor Matt Ryan poniendo la voz al personaje principal.<\/span><\/p>\n<h2><a href=\"https:\/\/www.elcornetin.es\/blog\/wp-content\/uploads\/2019\/02\/Arrowverse4.jpg\"><img decoding=\"async\" class=\"aligncenter wp-image-8912 size-large lazyload\" data-src=\"https:\/\/www.elcornetin.es\/blog\/wp-content\/uploads\/2019\/02\/Arrowverse4-1024x682.jpg\" alt=\"Imagen del crossover de Constantine en el Arrowverso\" width=\"1024\" height=\"682\" data-srcset=\"https:\/\/www.elcornetin.es\/blog\/wp-content\/uploads\/2019\/02\/Arrowverse4-1024x682.jpg 1024w, https:\/\/www.elcornetin.es\/blog\/wp-content\/uploads\/2019\/02\/Arrowverse4-300x200.jpg 300w, https:\/\/www.elcornetin.es\/blog\/wp-content\/uploads\/2019\/02\/Arrowverse4-768x511.jpg 768w, https:\/\/www.elcornetin.es\/blog\/wp-content\/uploads\/2019\/02\/Arrowverse4-150x100.jpg 150w, https:\/\/www.elcornetin.es\/blog\/wp-content\/uploads\/2019\/02\/Arrowverse4-500x333.jpg 500w, https:\/\/www.elcornetin.es\/blog\/wp-content\/uploads\/2019\/02\/Arrowverse4.jpg 1280w\" data-sizes=\"(max-width: 1024px) 100vw, 1024px\" src=\"data:image\/svg+xml;base64,PHN2ZyB3aWR0aD0iMSIgaGVpZ2h0PSIxIiB4bWxucz0iaHR0cDovL3d3dy53My5vcmcvMjAwMC9zdmciPjwvc3ZnPg==\" style=\"--smush-placeholder-width: 1024px; --smush-placeholder-aspect-ratio: 1024\/682;\" \/><\/a><\/h2>\n<h2><b>El lento despegue de Supergirl<\/b><\/h2>\n<p><span style=\"font-weight: 400;\">Por otro lado, y al a\u00f1o siguiente, <strong>CBS compr\u00f3 los derechos de Supergirl<\/strong>, la quinta serie de Greg Berlanti, que ser\u00eda interpretada por Melissa Benoist (compa\u00f1era de Grant Gustin, el actor que interpreta a Flash, en Glee) como la mujer de Krypton llamada Kara Zor-El. Al igual que Constantine, la serie se desarrollaba <strong>al margen del arrowverso<\/strong>, sin Flecha Verde, el Corredor m\u00e1s r\u00e1pido del mundo ni las Leyendas, ni por supuesto Constantine. <\/span><\/p>\n<p><span style=\"font-weight: 400;\">Sin embargo, las bajas audiencias de la serie y un intento desesperado por remontarlas de cara a la <\/span><i><span style=\"font-weight: 400;\">season finale <\/span><\/i><span style=\"font-weight: 400;\">hicieron posible que <strong>Flash tuviera un cameo en la primera temporada de Supergirl<\/strong> (cap\u00edtulo 1&#215;18) al atravesar un portal y acabar en otra dimensi\u00f3n para echar una <\/span><i><span style=\"font-weight: 400;\">carrerita<\/span><\/i><span style=\"font-weight: 400;\"> contra la mujer de acero, en homenaje a uno de los c\u00f3mics m\u00e1s famosos entre Superman y Flash. Esto dio lugar a la <strong>presentaci\u00f3n<\/strong> en la serie de Supergirl de lo que se conoce como <strong>\u201cmultiversos\u201d<\/strong> algo que hab\u00eda constituido el eje central argumental de la segunda temporada de The Flash (pero tratar los \u201cmultiversos\u201d dar\u00eda para otro art\u00edculo igual de extenso que \u00e9ste. Prometemos publicarlo).<\/span><\/p>\n<p><a href=\"https:\/\/www.elcornetin.es\/blog\/wp-content\/uploads\/2019\/02\/Arrowverse5.jpg\"><img decoding=\"async\" class=\"aligncenter wp-image-8914 size-large lazyload\" data-src=\"https:\/\/www.elcornetin.es\/blog\/wp-content\/uploads\/2019\/02\/Arrowverse5-1024x506.jpg\" alt=\"Imagen promocional de Supergirl antres del Arrowverso\" width=\"1024\" height=\"506\" data-srcset=\"https:\/\/www.elcornetin.es\/blog\/wp-content\/uploads\/2019\/02\/Arrowverse5-1024x506.jpg 1024w, https:\/\/www.elcornetin.es\/blog\/wp-content\/uploads\/2019\/02\/Arrowverse5-300x148.jpg 300w, https:\/\/www.elcornetin.es\/blog\/wp-content\/uploads\/2019\/02\/Arrowverse5-768x379.jpg 768w, https:\/\/www.elcornetin.es\/blog\/wp-content\/uploads\/2019\/02\/Arrowverse5-150x74.jpg 150w, https:\/\/www.elcornetin.es\/blog\/wp-content\/uploads\/2019\/02\/Arrowverse5-500x247.jpg 500w, https:\/\/www.elcornetin.es\/blog\/wp-content\/uploads\/2019\/02\/Arrowverse5.jpg 1338w\" data-sizes=\"(max-width: 1024px) 100vw, 1024px\" src=\"data:image\/svg+xml;base64,PHN2ZyB3aWR0aD0iMSIgaGVpZ2h0PSIxIiB4bWxucz0iaHR0cDovL3d3dy53My5vcmcvMjAwMC9zdmciPjwvc3ZnPg==\" style=\"--smush-placeholder-width: 1024px; --smush-placeholder-aspect-ratio: 1024\/506;\" \/><\/a><\/p>\n<p><span style=\"font-weight: 400;\"><strong>Los mismos errores que tuvo la serie Constantine fueron repetidos en Supergirl<\/strong>. La serie sigui\u00f3 sus mismos pasos y no se salv\u00f3 de la purga anual que hacen las cadenas en sus parrillas. <strong>CBS decidi\u00f3 cancelarla<\/strong> al no ser rentable y tener una baja audiencia en su primera temporada.<\/span><\/p>\n<p><span style=\"font-weight: 400;\">Sin embargo, Supergirl tuvo m\u00e1s suerte que Constantine. <strong>The CW recuper\u00f3 la serie<\/strong> y decidi\u00f3 renovarla para una segunda temporada, pero con importantes cambios como trasladar el rodaje de Los \u00c1ngeles a Vancouver, haciendo que algunos de los personajes secundarios, sobretodo la m\u00e1s importante Cara Grant, interpretada por la conocida Callista Flockart (la eterna Ally McBeal), decidieran no seguir en la serie.<\/span><\/p>\n<p><span style=\"font-weight: 400;\">La segunda temporada de Supergirl en manos de The CW sirvi\u00f3 para arreglar el entuerto de dejar a Kara Zor-El excluida del arrowverso. Durante el mega-Crossover \u201cInvasi\u00f3n\u201d se produjo la <strong>fusi\u00f3n entre los dos \u201cmultiversos\u201d<\/strong> dando lugar a <strong>una nueva continuidad<\/strong>, algo muy habitual en las editoriales del c\u00f3mic. El \u201cEquipo Flash\u201d hab\u00eda desarrollado un dispositivo que es capaz de abrir portales y permitir el viaje entre universos. Supergirl se incorporaba al arrowverso y con esto quedaba completa la plantilla de superh\u00e9roes.<\/span><\/p>\n<p><span style=\"font-weight: 400;\">La semana que viene trataremos, en el siguiente de los art\u00edculos, los mega-crossover de DC en la peque\u00f1a pantalla.<\/span><\/p>\n","protected":false},"excerpt":{"rendered":"<p>Seguimos con la segunda parte de la \u201cGu\u00eda de series de televisi\u00f3n: el Arrowverso de DC\u201d. Si te perdiste la primera entrega, una&#8230;<\/p>\n","protected":false},"author":8,"featured_media":8905,"comment_status":"open","ping_status":"open","sticky":false,"template":"","format":"standard","meta":{"rop_custom_images_group":[],"rop_custom_messages_group":[],"rop_publish_now":"initial","rop_publish_now_accounts":{"facebook_965112277219911_1711957949078873":"","twitter_719274304828010500_719274304828010500":""},"rop_publish_now_history":[],"rop_publish_now_status":"pending","rating_form_position":"","rating_results_position":"","mr_structured_data_type":"","footnotes":""},"categories":[4,21,12,22],"tags":[2165,2164,2166,2289,2291,2339,2167,2295],"class_list":["post-8903","post","type-post","status-publish","format-standard","has-post-thumbnail","hentry","category-cine-tv","category-coint","category-comics","category-ctser","tag-arrow","tag-arrowverso","tag-dc-comics","tag-flash","tag-series","tag-supergirl","tag-the-cw","tag-tv"],"aioseo_notices":[],"multi-rating":{"mr_rating_results":[{"adjusted_star_result":0,"star_result":0,"total_max_option_value":5,"adjusted_score_result":0,"score_result":0,"percentage_result":0,"adjusted_percentage_result":0,"count":0,"post_id":8903}]},"_links":{"self":[{"href":"https:\/\/www.elcornetin.es\/blog\/wp-json\/wp\/v2\/posts\/8903","targetHints":{"allow":["GET"]}}],"collection":[{"href":"https:\/\/www.elcornetin.es\/blog\/wp-json\/wp\/v2\/posts"}],"about":[{"href":"https:\/\/www.elcornetin.es\/blog\/wp-json\/wp\/v2\/types\/post"}],"author":[{"embeddable":true,"href":"https:\/\/www.elcornetin.es\/blog\/wp-json\/wp\/v2\/users\/8"}],"replies":[{"embeddable":true,"href":"https:\/\/www.elcornetin.es\/blog\/wp-json\/wp\/v2\/comments?post=8903"}],"version-history":[{"count":7,"href":"https:\/\/www.elcornetin.es\/blog\/wp-json\/wp\/v2\/posts\/8903\/revisions"}],"predecessor-version":[{"id":8957,"href":"https:\/\/www.elcornetin.es\/blog\/wp-json\/wp\/v2\/posts\/8903\/revisions\/8957"}],"wp:featuredmedia":[{"embeddable":true,"href":"https:\/\/www.elcornetin.es\/blog\/wp-json\/wp\/v2\/media\/8905"}],"wp:attachment":[{"href":"https:\/\/www.elcornetin.es\/blog\/wp-json\/wp\/v2\/media?parent=8903"}],"wp:term":[{"taxonomy":"category","embeddable":true,"href":"https:\/\/www.elcornetin.es\/blog\/wp-json\/wp\/v2\/categories?post=8903"},{"taxonomy":"post_tag","embeddable":true,"href":"https:\/\/www.elcornetin.es\/blog\/wp-json\/wp\/v2\/tags?post=8903"}],"curies":[{"name":"wp","href":"https:\/\/api.w.org\/{rel}","templated":true}]}}