{"id":9501,"date":"2019-05-06T08:00:23","date_gmt":"2019-05-06T06:00:23","guid":{"rendered":"https:\/\/www.elcornetin.es\/blog\/?p=9501"},"modified":"2019-07-15T13:02:36","modified_gmt":"2019-07-15T11:02:36","slug":"resena-vampiro-edad-oscura","status":"publish","type":"post","link":"https:\/\/www.elcornetin.es\/blog\/juegos\/juegos-de-rol\/resena-vampiro-edad-oscura\/","title":{"rendered":"[Rese\u00f1a] Vampiro: Edad Oscura"},"content":{"rendered":"<p style=\"text-align: justify;\">El juego de rol de los 90, <strong>Vampiro, La Mascarada<\/strong>, supuso el inicio de Mundo de Tinieblas. Una versi\u00f3n m\u00e1s oscura del mundo en el que lo sobrenatural existe oculto a ojos de la sociedad.<\/p>\n<p style=\"text-align: justify;\">El juego original se basaba en un universo g\u00f3tico-punk parecido al nuestro. Pero <strong>los hechos que moldearon <a href=\"https:\/\/www.nosolorol.com\/es\/101-vampiro-v20\">La Mascarada<\/a><\/strong><strong>, se narran en la Edad Oscura<\/strong> y ahora t\u00fa puedes participar en ellos.<\/p>\n<figure id=\"attachment_9546\" aria-describedby=\"caption-attachment-9546\" style=\"width: 1204680px\" class=\"wp-caption aligncenter\"><a href=\"https:\/\/www.elcornetin.es\/blog\/wp-content\/uploads\/2019\/05\/veo20_00.jpg\" target=\"_blank\" rel=\"noopener noreferrer\"><img decoding=\"async\" class=\"wp-image-9546 lazyload\" data-src=\"https:\/\/www.elcornetin.es\/blog\/wp-content\/uploads\/2019\/05\/veo20_00.jpg\" alt=\"Imagen de Vampiro Edad Oscura\" width=\"1204680\" height=\"760011\" data-srcset=\"https:\/\/www.elcornetin.es\/blog\/wp-content\/uploads\/2019\/05\/veo20_00.jpg 680w, https:\/\/www.elcornetin.es\/blog\/wp-content\/uploads\/2019\/05\/veo20_00-300x189.jpg 300w, https:\/\/www.elcornetin.es\/blog\/wp-content\/uploads\/2019\/05\/veo20_00-150x95.jpg 150w, https:\/\/www.elcornetin.es\/blog\/wp-content\/uploads\/2019\/05\/veo20_00-500x315.jpg 500w\" data-sizes=\"(max-width: 1204680px) 100vw, 1204680px\" src=\"data:image\/svg+xml;base64,PHN2ZyB3aWR0aD0iMSIgaGVpZ2h0PSIxIiB4bWxucz0iaHR0cDovL3d3dy53My5vcmcvMjAwMC9zdmciPjwvc3ZnPg==\" style=\"--smush-placeholder-width: 1204680px; --smush-placeholder-aspect-ratio: 1204680\/760011;\" \/><\/a><figcaption id=\"caption-attachment-9546\" class=\"wp-caption-text\">Mapa de la Europa de 1242, \u00e9poca en la que transcurre el juego<\/figcaption><\/figure>\n<p style=\"text-align: justify;\"><!--more--><\/p>\n<h2><\/h2>\n<h2 style=\"text-align: justify;\">Vampiric Vitae<\/h2>\n<p style=\"text-align: justify;\">Europa, entre los siglos IV al XIV, el<strong> Imperio Romano ha ca\u00eddo<\/strong>. Las invasiones de germanos, vikingos, h\u00fangaros, eslavos y sarracenos termina por astillar y romper el antiguo imperio, <strong>dando paso a reinos enfrentados entre s\u00ed<\/strong>.<\/p>\n<p style=\"text-align: justify;\">Con el comercio arruinado y ante este clima de desamparo e inseguridad se han consolidado los poderes locales, <strong>es tiempo del feudalismo<\/strong>. La influencia de los hijos de Ca\u00edn m\u00e1s se hace notar para poder alzarse sobre los mortales como dioses. Los jugadores han despertado como <strong>vampiros<\/strong>: no muertos, <strong>cad\u00e1veres corruptos a los que se les ha negado el Cielo<\/strong>. Reto\u00f1os bajo la \u00fanica protecci\u00f3n de su <em>Sire<\/em>.<\/p>\n<p style=\"text-align: justify;\">Desconocen mucho de la nueva sociedad en la que han despertado, los Hijos de Ca\u00edn o los Cainitas. Muchos a\u00fan no se habr\u00e1n ganado su posici\u00f3n en las cortes Cainitas. <strong>Tutelados por sus sires, los j\u00f3venes \u201creto\u00f1os\u201d luchan por ganarse una posici\u00f3n como neonatos<\/strong>, solo para descubrir que solo son otro pe\u00f3n en un juego que los vampiros m\u00e1s antiguos llevan jugando durante siglos.<\/p>\n<p style=\"text-align: justify;\">Nuevos instintos llenan su alma. <strong>La Bestia que gu\u00eda su miedo<\/strong> al fuego, la luz del Sol, <strong>les impulsa a alimentarse de los mortales<\/strong> para sobrevivir. Dentro de ellos<strong> la sangre se refinar\u00e1 de maneras \u00fanicas<\/strong>, otorgando una vitalidad imp\u00eda y alimentando el horno de sus nuevas capacidades.<\/p>\n<p style=\"text-align: justify;\">Pero<strong> la Bestia tambi\u00e9n reclama la poca humanidad<\/strong> que les queda. Todas las noches despertar\u00e1n con un hambre insaciable, una carencia que debe ser satisfecha y carcome a los jugadores. Necesitan sangre, est\u00e1 a su alrededor y la Bestia debe ser sujetada. Pero en alg\u00fan momento la Caza tendr\u00e1 lugar y despu\u00e9s de que la Bestia sea saciada, el antiguo mortal tendr\u00e1 que volver a enfrentarse a los brutales actos que ha cometido.<\/p>\n<p>&nbsp;<\/p>\n<p><a href=\"https:\/\/www.elcornetin.es\/blog\/wp-content\/uploads\/2019\/05\/veo20.jpg\" target=\"_blank\" rel=\"noopener noreferrer\"><img decoding=\"async\" class=\"aligncenter wp-image-9558 lazyload\" data-src=\"https:\/\/www.elcornetin.es\/blog\/wp-content\/uploads\/2019\/05\/veo20.jpg\" alt=\"Imagen de Vampiro Edad Oscura\" width=\"1024\" height=\"768\" data-srcset=\"https:\/\/www.elcornetin.es\/blog\/wp-content\/uploads\/2019\/05\/veo20.jpg 800w, https:\/\/www.elcornetin.es\/blog\/wp-content\/uploads\/2019\/05\/veo20-300x225.jpg 300w, https:\/\/www.elcornetin.es\/blog\/wp-content\/uploads\/2019\/05\/veo20-768x576.jpg 768w, https:\/\/www.elcornetin.es\/blog\/wp-content\/uploads\/2019\/05\/veo20-150x113.jpg 150w, https:\/\/www.elcornetin.es\/blog\/wp-content\/uploads\/2019\/05\/veo20-500x375.jpg 500w\" data-sizes=\"(max-width: 1024px) 100vw, 1024px\" src=\"data:image\/svg+xml;base64,PHN2ZyB3aWR0aD0iMSIgaGVpZ2h0PSIxIiB4bWxucz0iaHR0cDovL3d3dy53My5vcmcvMjAwMC9zdmciPjwvc3ZnPg==\" style=\"--smush-placeholder-width: 1024px; --smush-placeholder-aspect-ratio: 1024\/768;\" \/><\/a><\/p>\n<p>&nbsp;<\/p>\n<h2 style=\"text-align: justify;\">E saeculis obscuris erant in Renaissance<\/h2>\n<p style=\"text-align: justify;\">Mientras que la primera edici\u00f3n de Edad Oscura: Vampiro [EOV] nos situaba en el a\u00f1o 1230 d.C., la \u00faltima edici\u00f3n, <strong><a href=\"https:\/\/www.nosolorol.com\/es\/110-vampiro-edad-oscura\" target=\"_blank\" rel=\"noopener noreferrer\">Vampiro: Edad Oscura vig\u00e9simo aniversario<\/a> [VEO20], publicada por <a href=\"https:\/\/www.nosolorol.com\/\" target=\"_blank\" rel=\"noopener noreferrer\">NoSoloRol<\/a>, avanza hasta el 1242\u00a0d.\u00a0C<\/strong>. Con todo, la trama puede trasladarse con facilidad desde la \u00e9poca vikinga (793 \u2013 1100 d.C.) hasta los comienzos del Renacimiento (siglo XV)<\/p>\n<p style=\"text-align: justify;\">El <strong>drama y la narraci\u00f3n<\/strong> de VEO20 se centran, como sus predecesores, en la <strong>lucha interna de los personajes por no perder los jirones de humanidad<\/strong>, que les quedan en un mundo lleno de supersticiones y no ser consumidos en las luchas internas de los Cainitas. Muy parecida a la que se muestra en Vampiro: La Mascarada. Entonces, <strong>\u00bfqu\u00e9 de especial tiene la Edad Oscura?<\/strong> El trasfondo de VEO20 sit\u00faa a los jugadores en el <strong>punto de inflexi\u00f3n de la sociedad vamp\u00edrica<\/strong> del Mundo de Tinieblas: la creaci\u00f3n de la Camarilla en 1493, cuando la poblaci\u00f3n de vampiros fue diezmada por la Inquisici\u00f3n.<\/p>\n<p style=\"text-align: justify;\">Es el <strong>momento \u00e1lgido de la nobleza vamp\u00edrica<\/strong>, con la <strong>Guerra de los Pr\u00edncipes<\/strong> de fondo: Tzimisce y Ventrue luchando por el dominio de centro Europa mientras que se les escapa el control de Oriente Medio con las cruzadas. El <strong>surgimiento de los Tremere<\/strong> est\u00e1 reciente y los <strong>Giovanni se preparan para dar su golpe<\/strong>. Los <strong>Assamita no han sufrido la maldici\u00f3n de sangre<\/strong> que acabar\u00eda convirti\u00e9ndoles en despiadados asesinos. Estos y otros muchos eventos suceden en la Edad Oscura y mientras que en la Mascarada solo se nombraban, es en este \u201cmomento\u201d cuando los jugadores pueden ser testigos de primera mano de ellos o incluso influir en ellos.<\/p>\n<p><a href=\"https:\/\/www.elcornetin.es\/blog\/wp-content\/uploads\/2019\/05\/veo20_04.jpg\"><img decoding=\"async\" class=\"aligncenter wp-image-9555 size-full lazyload\" data-src=\"https:\/\/www.elcornetin.es\/blog\/wp-content\/uploads\/2019\/05\/veo20_04.jpg\" alt=\"Imagen de Vampiro Edad Oscura\" width=\"1024\" height=\"692\" data-srcset=\"https:\/\/www.elcornetin.es\/blog\/wp-content\/uploads\/2019\/05\/veo20_04.jpg 1024w, https:\/\/www.elcornetin.es\/blog\/wp-content\/uploads\/2019\/05\/veo20_04-300x203.jpg 300w, https:\/\/www.elcornetin.es\/blog\/wp-content\/uploads\/2019\/05\/veo20_04-768x519.jpg 768w, https:\/\/www.elcornetin.es\/blog\/wp-content\/uploads\/2019\/05\/veo20_04-150x101.jpg 150w, https:\/\/www.elcornetin.es\/blog\/wp-content\/uploads\/2019\/05\/veo20_04-500x338.jpg 500w\" data-sizes=\"(max-width: 1024px) 100vw, 1024px\" src=\"data:image\/svg+xml;base64,PHN2ZyB3aWR0aD0iMSIgaGVpZ2h0PSIxIiB4bWxucz0iaHR0cDovL3d3dy53My5vcmcvMjAwMC9zdmciPjwvc3ZnPg==\" style=\"--smush-placeholder-width: 1024px; --smush-placeholder-aspect-ratio: 1024\/692;\" \/><\/a><\/p>\n<h2 style=\"text-align: justify;\">Occultatum in obumbratio<\/h2>\n<p style=\"text-align: justify;\">A continuaci\u00f3n os resumimos las principales <strong>diferencias entre la <a href=\"https:\/\/www.nosolorol.com\/es\/110-vampiro-edad-oscura\" target=\"_blank\" rel=\"noopener noreferrer\">Edad Oscura<\/a> y <a href=\"https:\/\/www.nosolorol.com\/es\/101-vampiro-v20\">L<\/a><\/strong><strong>a Mascarada:<\/strong><\/p>\n<ul style=\"text-align: justify;\">\n<li>Los vampiros de Edad Oscura no dan a la tradici\u00f3n de <strong><a href=\"https:\/\/www.nosolorol.com\/es\/101-vampiro-v20\" target=\"_blank\" rel=\"noopener noreferrer\">La Mascarada<\/a><\/strong> importancia. Algunos gobiernan abiertamente, siendo venerados y adorados como Dioses.<\/li>\n<li>A\u00fan <strong>no ha tenido lugar la caza de brujas de La Inquisici\u00f3n<\/strong>, ni la Revuelta Anarquista.<\/li>\n<li>Muchos <strong>vampiros de Edad Oscura son profundamente religiosos<\/strong>. La Herej\u00eda Cainita es un culto vamp\u00edrico infiltrado en las estructuras eclesi\u00e1sticas, que trata de controlar la Iglesia y conseguir que los vampiros sean venerados como figuras sagradas.<\/li>\n<li><strong><em>La\u00a0Camarilla<\/em> y <em>el\u00a0Sabbat<\/em>, todav\u00eda no se han formado<\/strong>, al igual que los anarquistas tal y como son conocidos en la Mascarada. S\u00ed existen <em>El Inconnu<\/em>\u00a0y la <em>Mano Negra<\/em>.<\/li>\n<li>La sociedad vamp\u00edrica de Europa est\u00e1 gobernada por el poder de los Pr\u00edncipes, aunque su poder raramente se extiende m\u00e1s all\u00e1 de sus dominios salvo los casos de aquellos que tienen gran influencia en los grandes imperios o potencias de la \u00e9poca, y que terminar\u00e1n luchando contra otros al igual que sus contrapartidas humanas en lo que terminar\u00e1 llam\u00e1ndose la Guerra de los Pr\u00edncipes.<\/li>\n<li><strong>Los <em>Tremere<\/em> ha surgido recientemente<\/strong>, en 1133. El l\u00edder de su clan devor\u00f3 el alma de Saulot, el fundador del clan Salubri. Los Tremere se encuentran asediados por numerosos enemigos, sobre todo por el clan\u00a0Tzimisce, y luchan por sobrevivir.<\/li>\n<li><strong>Los Guerreros del clan\u00a0<em>Assamita<\/em> todav\u00eda no han sufrido la \u201cmaldici\u00f3n de la sangre\u201d<\/strong>, pudi\u00e9ndose alimentar de otros vampiros dado que a\u00fan no ha tenido lugar\u00a0La Revuelta Anarquista\u00a0y por lo tanto Alamut no ha sido descubierta por los <em>Nosferatu<\/em>.<\/li>\n<li>Entre los clanes descendientes de\u00a0Ca\u00edn se encuentran los\u00a0<strong>Capadocios<\/strong>, el clan de la Muerte. Los\u00a0Giovanni, una familia de nigromantes venecianos, a\u00fan son una l\u00ednea de sangre dentro del clan Capadocio.<\/li>\n<li><strong>Los <em>Salubri<\/em> est\u00e1n en decadencia<\/strong> y aunque a\u00fan existe en algunos lugares como parte de la sociedad vamp\u00edrica est\u00e1n siendo poco a poco exterminados y diabolizados por los Tremere. Su \u00a0importancia y poder depender\u00e1 de la \u00e9poca en la que desarrolle la cr\u00f3nica. En una cr\u00f3nica centrada \u00a0entre los siglos 793 d.C (\u00e9poca vikinga) al 1200 d.C. son uno de los 13 clanes. Esto dura varios siglos ya que los primeros Tremere vampiros surgen en el 1022 d.C.<\/li>\n<\/ul>\n<p>&nbsp;<\/p>\n<p><a href=\"https:\/\/www.elcornetin.es\/blog\/wp-content\/uploads\/2019\/05\/VampireDarkAges03.jpg\" target=\"_blank\" rel=\"noopener noreferrer\"><img decoding=\"async\" class=\"aligncenter wp-image-9556 size-full lazyload\" data-src=\"https:\/\/www.elcornetin.es\/blog\/wp-content\/uploads\/2019\/05\/VampireDarkAges03.jpg\" alt=\"Imagen de Vampiro Edad Oscura\" width=\"1024\" height=\"722\" data-srcset=\"https:\/\/www.elcornetin.es\/blog\/wp-content\/uploads\/2019\/05\/VampireDarkAges03.jpg 1024w, https:\/\/www.elcornetin.es\/blog\/wp-content\/uploads\/2019\/05\/VampireDarkAges03-300x212.jpg 300w, https:\/\/www.elcornetin.es\/blog\/wp-content\/uploads\/2019\/05\/VampireDarkAges03-768x542.jpg 768w, https:\/\/www.elcornetin.es\/blog\/wp-content\/uploads\/2019\/05\/VampireDarkAges03-150x106.jpg 150w, https:\/\/www.elcornetin.es\/blog\/wp-content\/uploads\/2019\/05\/VampireDarkAges03-500x353.jpg 500w\" data-sizes=\"(max-width: 1024px) 100vw, 1024px\" src=\"data:image\/svg+xml;base64,PHN2ZyB3aWR0aD0iMSIgaGVpZ2h0PSIxIiB4bWxucz0iaHR0cDovL3d3dy53My5vcmcvMjAwMC9zdmciPjwvc3ZnPg==\" style=\"--smush-placeholder-width: 1024px; --smush-placeholder-aspect-ratio: 1024\/722;\" \/><\/a><\/p>\n<h2 style=\"text-align: justify;\">Verbum Sententiae<\/h2>\n<p style=\"text-align: justify;\"><em>Jugu\u00e9 mucho a Edad Oscura<\/em>, como m\u00e1ster y\u00a0 jugador. Mientras que la Mascarada contaba la historia vamp\u00edrica, Edad Oscura te invitaba a participar en ella. Muchos de <strong>los principales eventos fueron aventuras jugables y gozaron de gran popularidad<\/strong> entre los jugadores. Por ejemplo, <em><strong>Las Cr\u00f3nicas Giovanni<\/strong><\/em>: 4 aventuras que narran el alzamiento de los Giovanni como clan y el posterior exterminio de los Capadocios. O las <strong>Cr\u00f3nicas de\u00a0<\/strong><b>Constantinopla<\/b>: un <em>fanvention<\/em> que se public\u00f3 en internet y que cuenta la ca\u00edda de la ciudad de Constantinopla en manos sarracenas.<\/p>\n<p style=\"text-align: justify;\">En el 2015 nos lleg\u00f3 la <strong>edici\u00f3n 20 Aniversario de Edad Oscura, publicada por <a href=\"https:\/\/www.nosolorol.com\/es\/\" target=\"_blank\" rel=\"noopener noreferrer\">NoSoloRol<\/a><\/strong>. En ella se ha recogido y organizado todo el material disperso por los distintos libros de Clan de la Edad Oscura y Companions, muchas veces con reglas que se contradec\u00edan. Una edici\u00f3n que se disfruta s\u00f3lo ley\u00e9ndola y que tambi\u00e9n esta en formato de bolsillo, para mayor comodidad.<\/p>\n","protected":false},"excerpt":{"rendered":"<p>El juego de rol de los 90, Vampiro, La Mascarada, supuso el inicio de Mundo de Tinieblas. Una versi\u00f3n m\u00e1s oscura del mundo&#8230;<\/p>\n","protected":false},"author":5,"featured_media":9533,"comment_status":"open","ping_status":"open","sticky":false,"template":"","format":"standard","meta":{"rop_custom_images_group":[],"rop_custom_messages_group":[],"rop_publish_now":"initial","rop_publish_now_accounts":{"facebook_965112277219911_1711957949078873":"","twitter_719274304828010500_719274304828010500":""},"rop_publish_now_history":[],"rop_publish_now_status":"pending","rating_form_position":"","rating_results_position":"","mr_structured_data_type":"","footnotes":""},"categories":[396],"tags":[2597,2494,2343,2163,2173],"class_list":["post-9501","post","type-post","status-publish","format-standard","has-post-thumbnail","hentry","category-juegos-de-rol","tag-edad-oscura","tag-juego-de-rol","tag-nosolorol","tag-rol","tag-vampiro"],"aioseo_notices":[],"multi-rating":{"mr_rating_results":[{"adjusted_star_result":0,"star_result":0,"total_max_option_value":5,"adjusted_score_result":0,"score_result":0,"percentage_result":0,"adjusted_percentage_result":0,"count":0,"post_id":9501}]},"_links":{"self":[{"href":"https:\/\/www.elcornetin.es\/blog\/wp-json\/wp\/v2\/posts\/9501","targetHints":{"allow":["GET"]}}],"collection":[{"href":"https:\/\/www.elcornetin.es\/blog\/wp-json\/wp\/v2\/posts"}],"about":[{"href":"https:\/\/www.elcornetin.es\/blog\/wp-json\/wp\/v2\/types\/post"}],"author":[{"embeddable":true,"href":"https:\/\/www.elcornetin.es\/blog\/wp-json\/wp\/v2\/users\/5"}],"replies":[{"embeddable":true,"href":"https:\/\/www.elcornetin.es\/blog\/wp-json\/wp\/v2\/comments?post=9501"}],"version-history":[{"count":14,"href":"https:\/\/www.elcornetin.es\/blog\/wp-json\/wp\/v2\/posts\/9501\/revisions"}],"predecessor-version":[{"id":9584,"href":"https:\/\/www.elcornetin.es\/blog\/wp-json\/wp\/v2\/posts\/9501\/revisions\/9584"}],"wp:featuredmedia":[{"embeddable":true,"href":"https:\/\/www.elcornetin.es\/blog\/wp-json\/wp\/v2\/media\/9533"}],"wp:attachment":[{"href":"https:\/\/www.elcornetin.es\/blog\/wp-json\/wp\/v2\/media?parent=9501"}],"wp:term":[{"taxonomy":"category","embeddable":true,"href":"https:\/\/www.elcornetin.es\/blog\/wp-json\/wp\/v2\/categories?post=9501"},{"taxonomy":"post_tag","embeddable":true,"href":"https:\/\/www.elcornetin.es\/blog\/wp-json\/wp\/v2\/tags?post=9501"}],"curies":[{"name":"wp","href":"https:\/\/api.w.org\/{rel}","templated":true}]}}