{"id":9669,"date":"2019-09-02T08:00:50","date_gmt":"2019-09-02T06:00:50","guid":{"rendered":"https:\/\/www.elcornetin.es\/blog\/?p=9669"},"modified":"2019-08-31T08:24:59","modified_gmt":"2019-08-31T06:24:59","slug":"resena-la-gran-novela-de-la-patrulla-x-segunda-genesis","status":"publish","type":"post","link":"https:\/\/www.elcornetin.es\/blog\/comics\/resena-la-gran-novela-de-la-patrulla-x-segunda-genesis\/","title":{"rendered":"[Rese\u00f1a] La Gran Novela de la Patrulla-X: Segunda G\u00e9nesis"},"content":{"rendered":"<p>Coincidiendo con el estreno en cines de &#8216;X-Men: F\u00e9nix Oscura&#8217;, en mayo, Panini public\u00f3 en nuestro pa\u00eds la segunda adaptaci\u00f3n de la anunciada trilog\u00eda antol\u00f3gica de \u201cLa Gran Novela de la Patrulla-X \u201d, escrita y dibujada por Ed Piskor.<\/p>\n<p>Este segundo volumen, subtitulado \u201c<a href=\"http:\/\/comics.panini.es\/noticias\/articolo\/previo-la-gran-novela-de-la-patrulla-x-2\/\" target=\"_blank\" rel=\"noopener noreferrer\">Segunda G\u00e9nesis<\/a>\u201d, <strong>nos ofrece un amplio recorrido por la segunda etapa de los X-Men<\/strong>, con la llegada al grupo de mutantes de Lobezno, Ave de Trueno, Rondador Nocturno, Coloso y Tormenta.<\/p>\n<p><!--more--><\/p>\n<h2>\u00bfQui\u00e9n es Ed Piskor?<\/h2>\n<p>Para quien no le conozca, Ed Piskor, premio Eisner por su novela \u00abHip Hop Family Tree\u00bb, recibe el encargo de Marvel de adaptar la historia de la Patrulla-X en una trilog\u00eda especial de edici\u00f3n coleccionista.<\/p>\n<figure id=\"attachment_9672\" aria-describedby=\"caption-attachment-9672\" style=\"width: 203px\" class=\"wp-caption alignleft\"><a href=\"https:\/\/www.elcornetin.es\/blog\/wp-content\/uploads\/2019\/05\/ed-piskor.jpg\"><img decoding=\"async\" class=\"wp-image-9672 lazyload\" data-src=\"https:\/\/www.elcornetin.es\/blog\/wp-content\/uploads\/2019\/05\/ed-piskor.jpg\" alt=\"ed-piskor\" width=\"203\" height=\"211\" data-srcset=\"https:\/\/www.elcornetin.es\/blog\/wp-content\/uploads\/2019\/05\/ed-piskor.jpg 262w, https:\/\/www.elcornetin.es\/blog\/wp-content\/uploads\/2019\/05\/ed-piskor-150x156.jpg 150w\" data-sizes=\"(max-width: 203px) 100vw, 203px\" src=\"data:image\/svg+xml;base64,PHN2ZyB3aWR0aD0iMSIgaGVpZ2h0PSIxIiB4bWxucz0iaHR0cDovL3d3dy53My5vcmcvMjAwMC9zdmciPjwvc3ZnPg==\" style=\"--smush-placeholder-width: 203px; --smush-placeholder-aspect-ratio: 203\/211;\" \/><\/a><figcaption id=\"caption-attachment-9672\" class=\"wp-caption-text\">Foto de Ed Piskor<\/figcaption><\/figure>\n<p>El estilo de dibujo de Piskor <strong>se aleja de los c\u00e1nones tradicionales americanos<\/strong>. Su trazado es m\u00e1s limpio, menos recargado y detallista. Incluso algunas vi\u00f1etas tienen un marcado toque manga. Esto no es malo. \u00a1Para nada! Te hace sentir que est\u00e1s leyendo algo nuevo y no un mal refrito de historias de otros autores.<\/p>\n<p>Lo que m\u00e1s me ha gustado es que no estamos ante un simple <em>collage<\/em> de vi\u00f1etas. Un corta y pega de toda la vida. Piskor se ha encargado de estudiar todas las novelas de los X-Men para <strong>resumirlas, redibujarlas y ordenar la dif\u00edcil cronolog\u00eda de esta saga para darle un orden y sentido nuevo.<\/strong><\/p>\n<p>Algunas de sus vi\u00f1etas gozan de vida propia y son efectistas para representar el movimiento de los personajes. Su gran talento a los <em>pinceles<\/em> rivaliza con su maestr\u00eda a la hora de narrar historias.<\/p>\n<p>&nbsp;<\/p>\n<h2>G\u00e9nesis del proyecto<\/h2>\n<p>A finales de 2017 se public\u00f3 el primer tomo de \u201c<a href=\"http:\/\/comics.panini.es\/noticias\/articolo\/previo-la-gran-novela-de-la-patrulla-x-1\/\" target=\"_blank\" rel=\"noopener noreferrer\">X-Men: Grand Design<\/a>\u201d, y en nuestro podcast de El Cornet\u00edn <a href=\"https:\/\/www.elcornetin.es\/blog\/podcast\/podcast-11-lo-mejor-del-2018-parte-1\/\" target=\"_blank\" rel=\"noopener noreferrer\">\u201cLo mejor del a\u00f1o 2018<\/a>\u201d os lo recomendamos (y no dejamos de hacerlo).<\/p>\n<p>La primera novela <strong>condensa los primeros 25 a\u00f1os de historia del c\u00f3mic de la Patrulla-X<\/strong>. Esto para lectores noveles, as\u00ed como veteranos, supone un atractivo importante, pues Piskor nos ofrece una historia lineal desde los or\u00edgenes del primer grupo mutante, <strong>sin tener que leer los m\u00e1s de 300 c\u00f3mics<\/strong> que se publicaron en aquella \u00e9poca.<\/p>\n<figure id=\"attachment_9673\" aria-describedby=\"caption-attachment-9673\" style=\"width: 1600px\" class=\"wp-caption aligncenter\"><a href=\"https:\/\/www.elcornetin.es\/blog\/wp-content\/uploads\/2019\/05\/patrulla-x-original-grupo.jpg\"><img decoding=\"async\" class=\"size-full wp-image-9673 lazyload\" data-src=\"https:\/\/www.elcornetin.es\/blog\/wp-content\/uploads\/2019\/05\/patrulla-x-original-grupo.jpg\" alt=\"El grupo original\" width=\"1600\" height=\"900\" data-srcset=\"https:\/\/www.elcornetin.es\/blog\/wp-content\/uploads\/2019\/05\/patrulla-x-original-grupo.jpg 1600w, https:\/\/www.elcornetin.es\/blog\/wp-content\/uploads\/2019\/05\/patrulla-x-original-grupo-300x169.jpg 300w, https:\/\/www.elcornetin.es\/blog\/wp-content\/uploads\/2019\/05\/patrulla-x-original-grupo-768x432.jpg 768w, https:\/\/www.elcornetin.es\/blog\/wp-content\/uploads\/2019\/05\/patrulla-x-original-grupo-1024x576.jpg 1024w, https:\/\/www.elcornetin.es\/blog\/wp-content\/uploads\/2019\/05\/patrulla-x-original-grupo-150x84.jpg 150w, https:\/\/www.elcornetin.es\/blog\/wp-content\/uploads\/2019\/05\/patrulla-x-original-grupo-500x281.jpg 500w\" data-sizes=\"(max-width: 1600px) 100vw, 1600px\" src=\"data:image\/svg+xml;base64,PHN2ZyB3aWR0aD0iMSIgaGVpZ2h0PSIxIiB4bWxucz0iaHR0cDovL3d3dy53My5vcmcvMjAwMC9zdmciPjwvc3ZnPg==\" style=\"--smush-placeholder-width: 1600px; --smush-placeholder-aspect-ratio: 1600\/900;\" \/><\/a><figcaption id=\"caption-attachment-9673\" class=\"wp-caption-text\">El grupo original de izquierda a derecha: Bestia, C\u00edclope, Arc\u00e1ngel, Jean Grey y el Hombre de Hielo.<\/figcaption><\/figure>\n<p>\u00bfQui\u00e9n no ha acudido al Rinc\u00f3n del Vago para leer un resumen de un libro? Piskor nos ofrece exactamente eso, pero con una calidad y reinterpretaci\u00f3n magistrales.<\/p>\n<p>En este primer volumen, podemos seguir la historia de c\u00f3mo se form\u00f3 el primer grupo de X-Men con C\u00edclope, \u00c1ngel, Bestia, Jean Grey y mi favorito: El hombre de hielo. Tambi\u00e9n veremos como Magneto va transformando su personalidad hasta convertirse en el villano de esta historia, quien conforma a su alrededor otro grupo de mutantes, la ant\u00edtesis de los X-Men.<\/p>\n<h2>Volumen 2: Fuerza F\u00e9nix<\/h2>\n<p>Esta segunda adaptaci\u00f3n adem\u00e1s abarca una de las sagas m\u00e1s importantes de la historia de la Patrulla-X. Nos estamos refiriendo a la saga de \u201cF\u00e9nix Oscura\u201d, la cual ha sido adaptada al cine por segunda vez, tras el fiasco de la versi\u00f3n de Brett Ratner (\u201c<a href=\"https:\/\/www.imdb.com\/title\/tt0376994\/\" target=\"_blank\" rel=\"noopener noreferrer\">X-Men: La decisi\u00f3n final<\/a>\u201d &#8211; 2006) que pr\u00e1cticamente supuso la defunci\u00f3n cinematogr\u00e1fica del universo de la compa\u00f1\u00eda mutante. Este desastre se arregl\u00f3 a\u00f1os despu\u00e9s con la fant\u00e1stica \u00ab<a href=\"https:\/\/www.imdb.com\/title\/tt1270798\/?ref_=fn_al_tt_1\" target=\"_blank\" rel=\"noopener noreferrer\">X-Men: First Class<\/a>\u201d. Un <em>reebot<\/em> del director Matthew Vaughn que renovaba toda la franquicia con m\u00e1s luces que sombras. Se convirti\u00f3 en la mejor pel\u00edcula de la historia del Universo X-Men.<\/p>\n<p>Durante el primer volumen de \u201cLa Gran Novela de la Patrulla-X\u201d <strong>ya se fue adelantando la gran capacidad telequin\u00e9tica que posee Jean Grey<\/strong>. Esta habilidad, al ser tan peligrosa, debe ser confinada y limitada por el profesor Xavier.<\/p>\n<figure id=\"attachment_9677\" aria-describedby=\"caption-attachment-9677\" style=\"width: 1280px\" class=\"wp-caption aligncenter\"><a href=\"https:\/\/www.elcornetin.es\/blog\/wp-content\/uploads\/2019\/05\/x-men-grand-design-second-genesis-1-1.jpeg\"><img decoding=\"async\" class=\"size-full wp-image-9677 lazyload\" data-src=\"https:\/\/www.elcornetin.es\/blog\/wp-content\/uploads\/2019\/05\/x-men-grand-design-second-genesis-1-1.jpeg\" alt=\"x-men-grand-design-second-genesis-\" width=\"1280\" height=\"705\" data-srcset=\"https:\/\/www.elcornetin.es\/blog\/wp-content\/uploads\/2019\/05\/x-men-grand-design-second-genesis-1-1.jpeg 1280w, https:\/\/www.elcornetin.es\/blog\/wp-content\/uploads\/2019\/05\/x-men-grand-design-second-genesis-1-1-300x165.jpeg 300w, https:\/\/www.elcornetin.es\/blog\/wp-content\/uploads\/2019\/05\/x-men-grand-design-second-genesis-1-1-768x423.jpeg 768w, https:\/\/www.elcornetin.es\/blog\/wp-content\/uploads\/2019\/05\/x-men-grand-design-second-genesis-1-1-1024x564.jpeg 1024w, https:\/\/www.elcornetin.es\/blog\/wp-content\/uploads\/2019\/05\/x-men-grand-design-second-genesis-1-1-150x83.jpeg 150w, https:\/\/www.elcornetin.es\/blog\/wp-content\/uploads\/2019\/05\/x-men-grand-design-second-genesis-1-1-500x275.jpeg 500w\" data-sizes=\"(max-width: 1280px) 100vw, 1280px\" src=\"data:image\/svg+xml;base64,PHN2ZyB3aWR0aD0iMSIgaGVpZ2h0PSIxIiB4bWxucz0iaHR0cDovL3d3dy53My5vcmcvMjAwMC9zdmciPjwvc3ZnPg==\" style=\"--smush-placeholder-width: 1280px; --smush-placeholder-aspect-ratio: 1280\/705;\" \/><\/a><figcaption id=\"caption-attachment-9677\" class=\"wp-caption-text\">Segunda generaci\u00f3n de los X-Men<\/figcaption><\/figure>\n<p>En el transcurso de una misi\u00f3n espacial, Jean Grey qued\u00f3 herida mortalmente. pero su cuerpo es pose\u00eddo por la \u201cFuerza F\u00e9nix\u201d, <strong>una gran fuerza c\u00f3smica que necesita de un cuerpo material para desplegar todo su potencial.<\/strong><\/p>\n<p>La \u201cFuerza F\u00e9nix\u201d rompe el bloqueo mental de Xavier sobre Jean Grey provocando que Jean Grey se transforme en la \u201cF\u00e9nix Oscura\u201d.<\/p>\n<h2>Valoraci\u00f3n<\/h2>\n<p>Ambas novelas <strong>son una compra obligada<\/strong> para todos aquellos que sean seguidores de la Patrulla-X. Para aquellos que no los conocen o solo de refil\u00f3n, solo puedo decirles que esta es una oportunidad fant\u00e1stica para acercarte por primera vez a estos superh\u00e9roes mutantes.<\/p>\n<p>Al estar todos los hechos ordenados cronol\u00f3gicamente, quitando todo lo que sobra y centr\u00e1ndose en lo importante, <strong>Piskor nos ofrece unas novelas dignas de la historia de los X-Men, y a la altura de su gran legado<\/strong>. Esto nos ayuda a que su lectura sea f\u00e1cil y ordenada.<\/p>\n<p>Por nuestra parte, solo esperar a la publicaci\u00f3n de la tercera novela que cerrar\u00e1 esta trilog\u00eda sobre la hist\u00f3rica Patrulla-X.<\/p>\n<p><a href=\"https:\/\/www.elcornetin.es\/blog\/wp-content\/uploads\/2016\/04\/cornetto.png\"><img decoding=\"async\" class=\"alignleft size-full wp-image-71 lazyload\" data-src=\"https:\/\/www.elcornetin.es\/blog\/wp-content\/uploads\/2016\/04\/cornetto.png\" alt=\"\" width=\"18\" height=\"37\" src=\"data:image\/svg+xml;base64,PHN2ZyB3aWR0aD0iMSIgaGVpZ2h0PSIxIiB4bWxucz0iaHR0cDovL3d3dy53My5vcmcvMjAwMC9zdmciPjwvc3ZnPg==\" style=\"--smush-placeholder-width: 18px; --smush-placeholder-aspect-ratio: 18\/37;\" \/><\/a><a href=\"https:\/\/www.elcornetin.es\/blog\/wp-content\/uploads\/2016\/04\/cornetto.png\"><img decoding=\"async\" class=\"alignleft size-full wp-image-71 lazyload\" data-src=\"https:\/\/www.elcornetin.es\/blog\/wp-content\/uploads\/2016\/04\/cornetto.png\" alt=\"\" width=\"18\" height=\"37\" src=\"data:image\/svg+xml;base64,PHN2ZyB3aWR0aD0iMSIgaGVpZ2h0PSIxIiB4bWxucz0iaHR0cDovL3d3dy53My5vcmcvMjAwMC9zdmciPjwvc3ZnPg==\" style=\"--smush-placeholder-width: 18px; --smush-placeholder-aspect-ratio: 18\/37;\" \/><\/a><a href=\"https:\/\/www.elcornetin.es\/blog\/wp-content\/uploads\/2016\/04\/cornetto.png\"><img decoding=\"async\" class=\"alignleft size-full wp-image-71 lazyload\" data-src=\"https:\/\/www.elcornetin.es\/blog\/wp-content\/uploads\/2016\/04\/cornetto.png\" alt=\"\" width=\"18\" height=\"37\" src=\"data:image\/svg+xml;base64,PHN2ZyB3aWR0aD0iMSIgaGVpZ2h0PSIxIiB4bWxucz0iaHR0cDovL3d3dy53My5vcmcvMjAwMC9zdmciPjwvc3ZnPg==\" style=\"--smush-placeholder-width: 18px; --smush-placeholder-aspect-ratio: 18\/37;\" \/><\/a><a href=\"https:\/\/www.elcornetin.es\/blog\/wp-content\/uploads\/2016\/04\/cornetto.png\"><img decoding=\"async\" class=\"alignleft size-full wp-image-71 lazyload\" data-src=\"https:\/\/www.elcornetin.es\/blog\/wp-content\/uploads\/2016\/04\/cornetto.png\" alt=\"\" width=\"18\" height=\"37\" src=\"data:image\/svg+xml;base64,PHN2ZyB3aWR0aD0iMSIgaGVpZ2h0PSIxIiB4bWxucz0iaHR0cDovL3d3dy53My5vcmcvMjAwMC9zdmciPjwvc3ZnPg==\" style=\"--smush-placeholder-width: 18px; --smush-placeholder-aspect-ratio: 18\/37;\" \/><\/a><a href=\"https:\/\/www.elcornetin.es\/blog\/wp-content\/uploads\/2016\/04\/cornetto.png\"><img decoding=\"async\" class=\"alignleft size-full wp-image-71 lazyload\" data-src=\"https:\/\/www.elcornetin.es\/blog\/wp-content\/uploads\/2016\/04\/cornetto.png\" alt=\"\" width=\"18\" height=\"37\" src=\"data:image\/svg+xml;base64,PHN2ZyB3aWR0aD0iMSIgaGVpZ2h0PSIxIiB4bWxucz0iaHR0cDovL3d3dy53My5vcmcvMjAwMC9zdmciPjwvc3ZnPg==\" style=\"--smush-placeholder-width: 18px; --smush-placeholder-aspect-ratio: 18\/37;\" \/><\/a><\/p>\n","protected":false},"excerpt":{"rendered":"<p>Segunda adaptaci\u00f3n de la anunciada trilog\u00eda antol\u00f3gica de \u201cLa Gran Novela de la Patrulla-X \u201d, escrita y dibujada por Ed Piskor. Este segundo volumen, subtitulado \u201cSegunda G\u00e9nesis\u201d, nos ofrece un amplio recorrido por la segunda etapa de los X-Men, con la llegada al grupo de mutantes de Lobezno, Ave de Trueno, Rondador Nocturno, Coloso y Tormenta. Esta novela adapta tambi\u00e9n la saga de \u00abF\u00e9nix Oscura\u00bb<\/p>\n","protected":false},"author":11,"featured_media":10357,"comment_status":"open","ping_status":"open","sticky":false,"template":"","format":"standard","meta":{"rop_custom_images_group":[],"rop_custom_messages_group":[],"rop_publish_now":"initial","rop_publish_now_accounts":[],"rop_publish_now_history":[],"rop_publish_now_status":"pending","rating_form_position":"","rating_results_position":"","mr_structured_data_type":"","footnotes":""},"categories":[21,12],"tags":[2571,2403,2606,2087,2605],"class_list":["post-9669","post","type-post","status-publish","format-standard","has-post-thumbnail","hentry","category-coint","category-comics","tag-comic-internacional","tag-comics","tag-ed-piskor","tag-resena","tag-x-men"],"aioseo_notices":[],"multi-rating":{"mr_rating_results":[{"adjusted_star_result":0,"star_result":0,"total_max_option_value":5,"adjusted_score_result":0,"score_result":0,"percentage_result":0,"adjusted_percentage_result":0,"count":0,"post_id":9669}]},"_links":{"self":[{"href":"https:\/\/www.elcornetin.es\/blog\/wp-json\/wp\/v2\/posts\/9669","targetHints":{"allow":["GET"]}}],"collection":[{"href":"https:\/\/www.elcornetin.es\/blog\/wp-json\/wp\/v2\/posts"}],"about":[{"href":"https:\/\/www.elcornetin.es\/blog\/wp-json\/wp\/v2\/types\/post"}],"author":[{"embeddable":true,"href":"https:\/\/www.elcornetin.es\/blog\/wp-json\/wp\/v2\/users\/11"}],"replies":[{"embeddable":true,"href":"https:\/\/www.elcornetin.es\/blog\/wp-json\/wp\/v2\/comments?post=9669"}],"version-history":[{"count":7,"href":"https:\/\/www.elcornetin.es\/blog\/wp-json\/wp\/v2\/posts\/9669\/revisions"}],"predecessor-version":[{"id":10360,"href":"https:\/\/www.elcornetin.es\/blog\/wp-json\/wp\/v2\/posts\/9669\/revisions\/10360"}],"wp:featuredmedia":[{"embeddable":true,"href":"https:\/\/www.elcornetin.es\/blog\/wp-json\/wp\/v2\/media\/10357"}],"wp:attachment":[{"href":"https:\/\/www.elcornetin.es\/blog\/wp-json\/wp\/v2\/media?parent=9669"}],"wp:term":[{"taxonomy":"category","embeddable":true,"href":"https:\/\/www.elcornetin.es\/blog\/wp-json\/wp\/v2\/categories?post=9669"},{"taxonomy":"post_tag","embeddable":true,"href":"https:\/\/www.elcornetin.es\/blog\/wp-json\/wp\/v2\/tags?post=9669"}],"curies":[{"name":"wp","href":"https:\/\/api.w.org\/{rel}","templated":true}]}}